{"id":47278,"date":"2019-03-26T09:24:49","date_gmt":"2019-03-26T06:24:49","guid":{"rendered":"http:\/\/arantv.az\/?p=47278"},"modified":"2019-03-26T09:24:49","modified_gmt":"2019-03-26T06:24:49","slug":"bakidaki-d%c9%99hs%c9%99tli-yangina-gor%c9%99-marsrut-avtobuslarinin-yolu-d%c9%99yisdirildi","status":"publish","type":"post","link":"https:\/\/arantv.az\/?p=47278","title":{"rendered":"Bak\u0131dak\u0131 d\u0259h\u015f\u0259tli yan\u011f\u0131na g\u00f6r\u0259 mar\u015frut avtobuslar\u0131n\u0131n yolu d\u0259yi\u015fdirildi"},"content":{"rendered":"<p><strong>Qara Qarayev prospektind\u0259ki ticar\u0259t m\u0259rk\u0259zind\u0259 ba\u015f ver\u0259n yan\u011f\u0131nla \u0259laq\u0259dar haz\u0131rda yolda h\u0259r\u0259k\u0259t m\u0259hdudla\u015fd\u0131r\u0131l\u0131b.<\/strong><\/p>\n<p><b>ARANTV.AZ\u00a0<\/b>x\u0259b\u0259r verir ki, bu bar\u0259d\u0259 Bak\u0131 N\u0259qliyyat Agentliyi m\u0259lumat yay\u0131b.<\/p>\n<p>Qeyd edilib ki, yolun ba\u011fl\u0131 olmas\u0131 s\u0259b\u0259bind\u0259n prospektin h\u0259min hiss\u0259sind\u0259n ke\u00e7\u0259n m\u00fcnt\u0259z\u0259m mar\u015frut x\u0259tl\u0259ri \u00fczr\u0259 avtobuslar B.\u00c7obanzad\u0259 k\u00fc\u00e7\u0259sind\u0259n ke\u00e7m\u0259kl\u0259 h\u0259r\u0259k\u0259t edir.<\/p>\n<p><img loading=\"lazy\" class=\"alignnone size-medium wp-image-47279\" src=\"https:\/\/arantv.az\/wp-content\/uploads\/2019\/03\/55608168_554581028365184_734843761607049216_n-300x146.jpg\" alt=\"\" width=\"300\" height=\"146\" \/><\/p>\n<p>publika.az<\/p>\n","protected":false},"excerpt":{"rendered":"<p>Qara Qarayev prospektind\u0259ki ticar\u0259t m\u0259rk\u0259zind\u0259 ba\u015f ver\u0259n yan\u011f\u0131nla \u0259laq\u0259dar haz\u0131rda yolda h\u0259r\u0259k\u0259t m\u0259hdudla\u015fd\u0131r\u0131l\u0131b. ARANTV.AZ\u00a0x\u0259b\u0259r verir ki, bu bar\u0259d\u0259 Bak\u0131 N\u0259qliyyat Agentliyi m\u0259lumat yay\u0131b. Qeyd edilib ki, yolun ba\u011fl\u0131 olmas\u0131 s\u0259b\u0259bind\u0259n prospektin h\u0259min hiss\u0259sind\u0259n ke\u00e7\u0259n m\u00fcnt\u0259z\u0259m mar\u015frut x\u0259tl\u0259ri \u00fczr\u0259 avtobuslar B.\u00c7obanzad\u0259 k\u00fc\u00e7\u0259sind\u0259n ke\u00e7m\u0259kl\u0259 h\u0259r\u0259k\u0259t edir. publika.az<\/p>\n","protected":false},"author":2,"featured_media":47279,"comment_status":"closed","ping_status":"closed","sticky":false,"template":"","format":"standard","meta":{"om_disable_all_campaigns":false,"_monsterinsights_skip_tracking":false,"_monsterinsights_sitenote_active":false,"_monsterinsights_sitenote_note":"","_monsterinsights_sitenote_category":0},"categories":[5],"tags":[],"aioseo_notices":[],"gutentor_comment":0,"rttpg_featured_image_url":{"full":["https:\/\/arantv.az\/wp-content\/uploads\/2019\/03\/55608168_554581028365184_734843761607049216_n.jpg",625,304,false],"landscape":["https:\/\/arantv.az\/wp-content\/uploads\/2019\/03\/55608168_554581028365184_734843761607049216_n.jpg",625,304,false],"portraits":["https:\/\/arantv.az\/wp-content\/uploads\/2019\/03\/55608168_554581028365184_734843761607049216_n.jpg",625,304,false],"thumbnail":["https:\/\/arantv.az\/wp-content\/uploads\/2019\/03\/55608168_554581028365184_734843761607049216_n-150x150.jpg",150,150,true],"medium":["https:\/\/arantv.az\/wp-content\/uploads\/2019\/03\/55608168_554581028365184_734843761607049216_n-300x146.jpg",300,146,true],"large":["https:\/\/arantv.az\/wp-content\/uploads\/2019\/03\/55608168_554581028365184_734843761607049216_n.jpg",625,304,false],"1536x1536":["https:\/\/arantv.az\/wp-content\/uploads\/2019\/03\/55608168_554581028365184_734843761607049216_n.jpg",625,304,false],"2048x2048":["https:\/\/arantv.az\/wp-content\/uploads\/2019\/03\/55608168_554581028365184_734843761607049216_n.jpg",625,304,false],"post-thumbnail":["https:\/\/arantv.az\/wp-content\/uploads\/2019\/03\/55608168_554581028365184_734843761607049216_n-240x172.jpg",240,172,true],"advps-thumb-one":["https:\/\/arantv.az\/wp-content\/uploads\/2019\/03\/55608168_554581028365184_734843761607049216_n.jpg",625,304,false]},"rttpg_author":{"display_name":"V\u00fcsal Rafiqo\u011flu","author_link":"https:\/\/arantv.az\/?author=2"},"rttpg_comment":0,"rttpg_category":"<a href=\"https:\/\/arantv.az\/?cat=5\" rel=\"category\">Hadis\u0259<\/a>","rttpg_excerpt":"Qara Qarayev prospektind\u0259ki ticar\u0259t m\u0259rk\u0259zind\u0259 ba\u015f ver\u0259n yan\u011f\u0131nla \u0259laq\u0259dar haz\u0131rda yolda h\u0259r\u0259k\u0259t m\u0259hdudla\u015fd\u0131r\u0131l\u0131b. ARANTV.AZ\u00a0x\u0259b\u0259r verir ki, bu bar\u0259d\u0259 Bak\u0131 N\u0259qliyyat Agentliyi m\u0259lumat yay\u0131b. Qeyd edilib ki, yolun ba\u011fl\u0131 olmas\u0131 s\u0259b\u0259bind\u0259n prospektin h\u0259min hiss\u0259sind\u0259n ke\u00e7\u0259n m\u00fcnt\u0259z\u0259m mar\u015frut x\u0259tl\u0259ri \u00fczr\u0259 avtobuslar B.\u00c7obanzad\u0259 k\u00fc\u00e7\u0259sind\u0259n ke\u00e7m\u0259kl\u0259 h\u0259r\u0259k\u0259t edir. publika.az","_links":{"self":[{"href":"https:\/\/arantv.az\/index.php?rest_route=\/wp\/v2\/posts\/47278"}],"collection":[{"href":"https:\/\/arantv.az\/index.php?rest_route=\/wp\/v2\/posts"}],"about":[{"href":"https:\/\/arantv.az\/index.php?rest_route=\/wp\/v2\/types\/post"}],"author":[{"embeddable":true,"href":"https:\/\/arantv.az\/index.php?rest_route=\/wp\/v2\/users\/2"}],"replies":[{"embeddable":true,"href":"https:\/\/arantv.az\/index.php?rest_route=%2Fwp%2Fv2%2Fcomments&post=47278"}],"version-history":[{"count":0,"href":"https:\/\/arantv.az\/index.php?rest_route=\/wp\/v2\/posts\/47278\/revisions"}],"wp:featuredmedia":[{"embeddable":true,"href":"https:\/\/arantv.az\/index.php?rest_route=\/wp\/v2\/media\/47279"}],"wp:attachment":[{"href":"https:\/\/arantv.az\/index.php?rest_route=%2Fwp%2Fv2%2Fmedia&parent=47278"}],"wp:term":[{"taxonomy":"category","embeddable":true,"href":"https:\/\/arantv.az\/index.php?rest_route=%2Fwp%2Fv2%2Fcategories&post=47278"},{"taxonomy":"post_tag","embeddable":true,"href":"https:\/\/arantv.az\/index.php?rest_route=%2Fwp%2Fv2%2Ftags&post=47278"}],"curies":[{"name":"wp","href":"https:\/\/api.w.org\/{rel}","templated":true}]}}