{"id":47290,"date":"2019-03-26T09:44:14","date_gmt":"2019-03-26T06:44:14","guid":{"rendered":"http:\/\/arantv.az\/?p=47290"},"modified":"2019-03-26T09:44:14","modified_gmt":"2019-03-26T06:44:14","slug":"k%c9%99mal%c9%99ddin-heyd%c9%99rov-yangin-bas-ver%c9%99n-%c9%99raziy%c9%99-g%c9%99lib","status":"publish","type":"post","link":"https:\/\/arantv.az\/?p=47290","title":{"rendered":"K\u0259mal\u0259ddin Heyd\u0259rov yan\u011f\u0131n ba\u015f ver\u0259n \u0259raziy\u0259 g\u0259lib"},"content":{"rendered":"<p>Paytaxt\u0131n Nizami rayonu \u0259razisind\u0259ki &#8220;Diqlas&#8221; ticar\u0259t m\u0259rk\u0259zind\u0259 yan\u011f\u0131n davam edir.<\/p>\n<p><b>ARANTV.AZ<\/b>-\u0131n m\u0259lumat\u0131na g\u00f6r\u0259, hadis\u0259 yerin\u0259 f\u00f6vq\u0259lad\u0259 hallar naziri K\u0259mal\u0259ddin Heyd\u0259rov v\u0259 Nizami rayon \u0130cra Hakimiyy\u0259tinin ba\u015f\u00e7\u0131s\u0131 Arif Qas\u0131mov g\u0259lib.<\/p>\n<div id=\"AdributorNativeVideo0\" class=\"AdributorNativeVideo\"><\/div>\n<p>Haz\u0131rda yan\u011f\u0131n\u0131n s\u00f6nd\u00fcr\u00fclm\u0259si il\u0259 ba\u011fl\u0131 t\u0259dbirl\u0259r davam etdirilir.<br \/>\n<ins><\/ins><\/p>\n<div id=\"beacon_a440276e46\"><img loading=\"lazy\" src=\"https:\/\/ads2.newmedia.az\/www\/delivery\/lg.php?bannerid=0&amp;campaignid=0&amp;zoneid=975&amp;loc=https%3A%2F%2Fbig.az%2F348616-kemaleddin_heyderov_yangin_bas_veren_eraziye_gelib.html&amp;referer=https%3A%2F%2Fbig.az%2F&amp;cb=a440276e46\" alt=\"\" width=\"0\" height=\"0\" \/><\/div>\n<p>Xat\u0131rladaq ki, bu g\u00fcn s\u0259h\u0259r saatlar\u0131nda paytaxt\u0131n Nizami rayonu, Qara Qarayev prospektind\u0259 &#8220;Diqlas&#8221; Ticar\u0259t M\u0259rk\u0259zind\u0259 g\u00fccl\u00fc yan\u011f\u0131n ba\u015f verib.<\/p>\n<p>Hadis\u0259 yerin\u0259 \u00e7oxlu sayda yan\u011f\u0131ns\u00f6nd\u00fcrm\u0259 briqadalar\u0131 v\u0259 helikopterl\u0259r c\u0259lb eilib.big.az<\/p>\n<p>&nbsp;<\/p>\n","protected":false},"excerpt":{"rendered":"<p>Paytaxt\u0131n Nizami rayonu \u0259razisind\u0259ki &#8220;Diqlas&#8221; ticar\u0259t m\u0259rk\u0259zind\u0259 yan\u011f\u0131n davam edir. ARANTV.AZ-\u0131n m\u0259lumat\u0131na g\u00f6r\u0259, hadis\u0259 yerin\u0259 f\u00f6vq\u0259lad\u0259 hallar naziri K\u0259mal\u0259ddin Heyd\u0259rov v\u0259 Nizami rayon \u0130cra Hakimiyy\u0259tinin ba\u015f\u00e7\u0131s\u0131 Arif Qas\u0131mov g\u0259lib. Haz\u0131rda yan\u011f\u0131n\u0131n s\u00f6nd\u00fcr\u00fclm\u0259si il\u0259 ba\u011fl\u0131 t\u0259dbirl\u0259r davam etdirilir. Xat\u0131rladaq ki, bu g\u00fcn s\u0259h\u0259r saatlar\u0131nda paytaxt\u0131n Nizami rayonu, Qara Qarayev prospektind\u0259 &#8220;Diqlas&#8221; Ticar\u0259t M\u0259rk\u0259zind\u0259 g\u00fccl\u00fc yan\u011f\u0131n ba\u015f verib. Hadis\u0259 yerin\u0259 \u00e7oxlu sayda yan\u011f\u0131ns\u00f6nd\u00fcrm\u0259 briqadalar\u0131 v\u0259 helikopterl\u0259r c\u0259lb eilib.big.az &nbsp;<\/p>\n","protected":false},"author":2,"featured_media":47291,"comment_status":"closed","ping_status":"closed","sticky":false,"template":"","format":"standard","meta":{"om_disable_all_campaigns":false,"_monsterinsights_skip_tracking":false,"_monsterinsights_sitenote_active":false,"_monsterinsights_sitenote_note":"","_monsterinsights_sitenote_category":0},"categories":[1],"tags":[],"aioseo_notices":[],"gutentor_comment":0,"rttpg_featured_image_url":{"full":["https:\/\/arantv.az\/wp-content\/uploads\/2019\/03\/1553581228trend_kemaleddin_heydarov_01.j.jpg",549,412,false],"landscape":["https:\/\/arantv.az\/wp-content\/uploads\/2019\/03\/1553581228trend_kemaleddin_heydarov_01.j.jpg",549,412,false],"portraits":["https:\/\/arantv.az\/wp-content\/uploads\/2019\/03\/1553581228trend_kemaleddin_heydarov_01.j.jpg",549,412,false],"thumbnail":["https:\/\/arantv.az\/wp-content\/uploads\/2019\/03\/1553581228trend_kemaleddin_heydarov_01.j-150x150.jpg",150,150,true],"medium":["https:\/\/arantv.az\/wp-content\/uploads\/2019\/03\/1553581228trend_kemaleddin_heydarov_01.j-300x225.jpg",300,225,true],"large":["https:\/\/arantv.az\/wp-content\/uploads\/2019\/03\/1553581228trend_kemaleddin_heydarov_01.j.jpg",549,412,false],"1536x1536":["https:\/\/arantv.az\/wp-content\/uploads\/2019\/03\/1553581228trend_kemaleddin_heydarov_01.j.jpg",549,412,false],"2048x2048":["https:\/\/arantv.az\/wp-content\/uploads\/2019\/03\/1553581228trend_kemaleddin_heydarov_01.j.jpg",549,412,false],"post-thumbnail":["https:\/\/arantv.az\/wp-content\/uploads\/2019\/03\/1553581228trend_kemaleddin_heydarov_01.j-240x172.jpg",240,172,true],"advps-thumb-one":["https:\/\/arantv.az\/wp-content\/uploads\/2019\/03\/1553581228trend_kemaleddin_heydarov_01.j.jpg",549,412,false]},"rttpg_author":{"display_name":"V\u00fcsal Rafiqo\u011flu","author_link":"https:\/\/arantv.az\/?author=2"},"rttpg_comment":0,"rttpg_category":"<a href=\"https:\/\/arantv.az\/?cat=1\" rel=\"category\">C\u0259miyy\u0259t<\/a>","rttpg_excerpt":"Paytaxt\u0131n Nizami rayonu \u0259razisind\u0259ki &#8220;Diqlas&#8221; ticar\u0259t m\u0259rk\u0259zind\u0259 yan\u011f\u0131n davam edir. ARANTV.AZ-\u0131n m\u0259lumat\u0131na g\u00f6r\u0259, hadis\u0259 yerin\u0259 f\u00f6vq\u0259lad\u0259 hallar naziri K\u0259mal\u0259ddin Heyd\u0259rov v\u0259 Nizami rayon \u0130cra Hakimiyy\u0259tinin ba\u015f\u00e7\u0131s\u0131 Arif Qas\u0131mov g\u0259lib. Haz\u0131rda yan\u011f\u0131n\u0131n s\u00f6nd\u00fcr\u00fclm\u0259si il\u0259 ba\u011fl\u0131 t\u0259dbirl\u0259r davam etdirilir. Xat\u0131rladaq ki, bu g\u00fcn s\u0259h\u0259r saatlar\u0131nda paytaxt\u0131n Nizami rayonu, Qara Qarayev prospektind\u0259 &#8220;Diqlas&#8221; Ticar\u0259t M\u0259rk\u0259zind\u0259 g\u00fccl\u00fc yan\u011f\u0131n ba\u015f&hellip;","_links":{"self":[{"href":"https:\/\/arantv.az\/index.php?rest_route=\/wp\/v2\/posts\/47290"}],"collection":[{"href":"https:\/\/arantv.az\/index.php?rest_route=\/wp\/v2\/posts"}],"about":[{"href":"https:\/\/arantv.az\/index.php?rest_route=\/wp\/v2\/types\/post"}],"author":[{"embeddable":true,"href":"https:\/\/arantv.az\/index.php?rest_route=\/wp\/v2\/users\/2"}],"replies":[{"embeddable":true,"href":"https:\/\/arantv.az\/index.php?rest_route=%2Fwp%2Fv2%2Fcomments&post=47290"}],"version-history":[{"count":0,"href":"https:\/\/arantv.az\/index.php?rest_route=\/wp\/v2\/posts\/47290\/revisions"}],"wp:featuredmedia":[{"embeddable":true,"href":"https:\/\/arantv.az\/index.php?rest_route=\/wp\/v2\/media\/47291"}],"wp:attachment":[{"href":"https:\/\/arantv.az\/index.php?rest_route=%2Fwp%2Fv2%2Fmedia&parent=47290"}],"wp:term":[{"taxonomy":"category","embeddable":true,"href":"https:\/\/arantv.az\/index.php?rest_route=%2Fwp%2Fv2%2Fcategories&post=47290"},{"taxonomy":"post_tag","embeddable":true,"href":"https:\/\/arantv.az\/index.php?rest_route=%2Fwp%2Fv2%2Ftags&post=47290"}],"curies":[{"name":"wp","href":"https:\/\/api.w.org\/{rel}","templated":true}]}}