{"id":47293,"date":"2019-03-26T09:48:18","date_gmt":"2019-03-26T06:48:18","guid":{"rendered":"http:\/\/arantv.az\/?p=47293"},"modified":"2019-03-26T09:48:18","modified_gmt":"2019-03-26T06:48:18","slug":"yanan-diqlas-eldar-mahmudova-m%c9%99xsusdur","status":"publish","type":"post","link":"https:\/\/arantv.az\/?p=47293","title":{"rendered":"Yanan &#8220;Diqlas&#8221; Eldar Mahmudova m\u0259xsusdur"},"content":{"rendered":"<p>Bu g\u00fcn s\u0259h\u0259r saatlar\u0131nda yanan \u201cDiqlas\u201d tirac\u0259t m\u0259rk\u0259zi sabiq MTN naziri Eldar Mahmudova m\u0259xsusdur.<\/p>\n<div id=\"AdributorNativeVideo0\" class=\"AdributorNativeVideo\"><\/div>\n<p><ins><\/ins><\/p>\n<div id=\"beacon_5c76a38717\"><img loading=\"lazy\" src=\"https:\/\/ads2.newmedia.az\/www\/delivery\/lg.php?bannerid=0&amp;campaignid=0&amp;zoneid=975&amp;loc=https%3A%2F%2Fbig.az%2F348617-yanan_diqlas_eldar_mahmudova_mexsusdur.html&amp;referer=https%3A%2F%2Fbig.az%2F&amp;cb=5c76a38717\" alt=\"\" width=\"0\" height=\"0\" \/><\/div>\n<p><b>ARANTV.AZ\u00a0<\/b>\u00a0qafqazinfo-ya istinad\u0259n x\u0259b\u0259r verir ki, \u201cDiqlas\u201d\u0131n r\u0259smi sahibi ke\u00e7mi\u015f nazirin o\u011flu Anar Mahmudovdur.<\/p>\n<p>Qeyd ed\u0259k ki, MTN generallar\u0131n\u0131n m\u0259hk\u0259m\u0259sind\u0259 d\u0259 d\u0259f\u0259l\u0259rl\u0259 \u201cVasmoy bazar\u0131\u201dnin taleyi g\u00fcnd\u0259m\u0259 g\u0259lib. \u0130stintaq s\u0259n\u0259dl\u0259rin\u0259 g\u00f6r\u0259, \u201cVasmoy bazar\u0131\u201dn\u0131n bir hiss\u0259si Akif \u00c7ovdarovun q\u0131z\u0131n\u0131n, dig\u0259r hiss\u0259si is\u0259 Hilal \u018fs\u0259dovun xan\u0131m\u0131 N\u00fc\u015fab\u0259 \u018fs\u0259dovan\u0131n ad\u0131na olub.<\/p>\n<p>&nbsp;<\/p>\n","protected":false},"excerpt":{"rendered":"<p>Bu g\u00fcn s\u0259h\u0259r saatlar\u0131nda yanan \u201cDiqlas\u201d tirac\u0259t m\u0259rk\u0259zi sabiq MTN naziri Eldar Mahmudova m\u0259xsusdur. ARANTV.AZ\u00a0\u00a0qafqazinfo-ya istinad\u0259n x\u0259b\u0259r verir ki, \u201cDiqlas\u201d\u0131n r\u0259smi sahibi ke\u00e7mi\u015f nazirin o\u011flu Anar Mahmudovdur. Qeyd ed\u0259k ki, MTN generallar\u0131n\u0131n m\u0259hk\u0259m\u0259sind\u0259 d\u0259 d\u0259f\u0259l\u0259rl\u0259 \u201cVasmoy bazar\u0131\u201dnin taleyi g\u00fcnd\u0259m\u0259 g\u0259lib. \u0130stintaq s\u0259n\u0259dl\u0259rin\u0259 g\u00f6r\u0259, \u201cVasmoy bazar\u0131\u201dn\u0131n bir hiss\u0259si Akif \u00c7ovdarovun q\u0131z\u0131n\u0131n, dig\u0259r hiss\u0259si is\u0259 Hilal \u018fs\u0259dovun xan\u0131m\u0131 N\u00fc\u015fab\u0259 \u018fs\u0259dovan\u0131n ad\u0131na olub. &nbsp;<\/p>\n","protected":false},"author":2,"featured_media":47295,"comment_status":"closed","ping_status":"closed","sticky":false,"template":"","format":"standard","meta":{"om_disable_all_campaigns":false,"_monsterinsights_skip_tracking":false,"_monsterinsights_sitenote_active":false,"_monsterinsights_sitenote_note":"","_monsterinsights_sitenote_category":0},"categories":[1],"tags":[],"aioseo_notices":[],"gutentor_comment":0,"rttpg_featured_image_url":{"full":["https:\/\/arantv.az\/wp-content\/uploads\/2019\/03\/diqlas3_91553581438.jpg",637,400,false],"landscape":["https:\/\/arantv.az\/wp-content\/uploads\/2019\/03\/diqlas3_91553581438.jpg",637,400,false],"portraits":["https:\/\/arantv.az\/wp-content\/uploads\/2019\/03\/diqlas3_91553581438.jpg",637,400,false],"thumbnail":["https:\/\/arantv.az\/wp-content\/uploads\/2019\/03\/diqlas3_91553581438-150x150.jpg",150,150,true],"medium":["https:\/\/arantv.az\/wp-content\/uploads\/2019\/03\/diqlas3_91553581438-300x188.jpg",300,188,true],"large":["https:\/\/arantv.az\/wp-content\/uploads\/2019\/03\/diqlas3_91553581438.jpg",637,400,false],"1536x1536":["https:\/\/arantv.az\/wp-content\/uploads\/2019\/03\/diqlas3_91553581438.jpg",637,400,false],"2048x2048":["https:\/\/arantv.az\/wp-content\/uploads\/2019\/03\/diqlas3_91553581438.jpg",637,400,false],"post-thumbnail":["https:\/\/arantv.az\/wp-content\/uploads\/2019\/03\/diqlas3_91553581438-240x172.jpg",240,172,true],"advps-thumb-one":["https:\/\/arantv.az\/wp-content\/uploads\/2019\/03\/diqlas3_91553581438.jpg",637,400,false]},"rttpg_author":{"display_name":"V\u00fcsal Rafiqo\u011flu","author_link":"https:\/\/arantv.az\/?author=2"},"rttpg_comment":0,"rttpg_category":"<a href=\"https:\/\/arantv.az\/?cat=1\" rel=\"category\">C\u0259miyy\u0259t<\/a>","rttpg_excerpt":"Bu g\u00fcn s\u0259h\u0259r saatlar\u0131nda yanan \u201cDiqlas\u201d tirac\u0259t m\u0259rk\u0259zi sabiq MTN naziri Eldar Mahmudova m\u0259xsusdur. ARANTV.AZ\u00a0\u00a0qafqazinfo-ya istinad\u0259n x\u0259b\u0259r verir ki, \u201cDiqlas\u201d\u0131n r\u0259smi sahibi ke\u00e7mi\u015f nazirin o\u011flu Anar Mahmudovdur. Qeyd ed\u0259k ki, MTN generallar\u0131n\u0131n m\u0259hk\u0259m\u0259sind\u0259 d\u0259 d\u0259f\u0259l\u0259rl\u0259 \u201cVasmoy bazar\u0131\u201dnin taleyi g\u00fcnd\u0259m\u0259 g\u0259lib. \u0130stintaq s\u0259n\u0259dl\u0259rin\u0259 g\u00f6r\u0259, \u201cVasmoy bazar\u0131\u201dn\u0131n bir hiss\u0259si Akif \u00c7ovdarovun q\u0131z\u0131n\u0131n, dig\u0259r hiss\u0259si is\u0259 Hilal \u018fs\u0259dovun&hellip;","_links":{"self":[{"href":"https:\/\/arantv.az\/index.php?rest_route=\/wp\/v2\/posts\/47293"}],"collection":[{"href":"https:\/\/arantv.az\/index.php?rest_route=\/wp\/v2\/posts"}],"about":[{"href":"https:\/\/arantv.az\/index.php?rest_route=\/wp\/v2\/types\/post"}],"author":[{"embeddable":true,"href":"https:\/\/arantv.az\/index.php?rest_route=\/wp\/v2\/users\/2"}],"replies":[{"embeddable":true,"href":"https:\/\/arantv.az\/index.php?rest_route=%2Fwp%2Fv2%2Fcomments&post=47293"}],"version-history":[{"count":0,"href":"https:\/\/arantv.az\/index.php?rest_route=\/wp\/v2\/posts\/47293\/revisions"}],"wp:featuredmedia":[{"embeddable":true,"href":"https:\/\/arantv.az\/index.php?rest_route=\/wp\/v2\/media\/47295"}],"wp:attachment":[{"href":"https:\/\/arantv.az\/index.php?rest_route=%2Fwp%2Fv2%2Fmedia&parent=47293"}],"wp:term":[{"taxonomy":"category","embeddable":true,"href":"https:\/\/arantv.az\/index.php?rest_route=%2Fwp%2Fv2%2Fcategories&post=47293"},{"taxonomy":"post_tag","embeddable":true,"href":"https:\/\/arantv.az\/index.php?rest_route=%2Fwp%2Fv2%2Ftags&post=47293"}],"curies":[{"name":"wp","href":"https:\/\/api.w.org\/{rel}","templated":true}]}}