{"id":47298,"date":"2019-03-26T10:27:32","date_gmt":"2019-03-26T07:27:32","guid":{"rendered":"http:\/\/arantv.az\/?p=47298"},"modified":"2019-03-26T10:27:32","modified_gmt":"2019-03-26T07:27:32","slug":"isimiz-yangini-sondurm%c9%99kdir-kompensasiya-verm%c9%99k-yox-k%c9%99mal%c9%99ddin-heyd%c9%99rovdan-aciqlama-video","status":"publish","type":"post","link":"https:\/\/arantv.az\/?p=47298","title":{"rendered":"&#8220;\u0130\u015fimiz yan\u011f\u0131n\u0131 s\u00f6nd\u00fcrm\u0259kdir, kompensasiya verm\u0259k yox&#8221;- K\u0259mal\u0259ddin Heyd\u0259rovdan A\u00e7\u0131qlama \/V\u0130DEO"},"content":{"rendered":"<p>Bak\u0131n\u0131n Nizami rayonunda yerl\u0259\u015f\u0259n &#8220;Diqlas&#8221; ticar\u0259t m\u0259rk\u0259zind\u0259 ba\u015f ver\u0259n g\u00fccl\u00fc yan\u011f\u0131n davam edir.<\/p>\n<p><b>ARANTV.AZ\u00a0<\/b> bildirir ki, hadis\u0259 yerin\u0259 f\u00f6vq\u0259lad\u0259 hallar naziri K\u0259mal\u0259ddin Heyd\u0259rov v\u0259 Nizami rayon \u0130cra Hakimiyy\u0259tinin ba\u015f\u00e7\u0131s\u0131 Arif Qas\u0131mov g\u0259lib.<\/p>\n<p>Onlar yan\u011f\u0131n\u0131n s\u00f6nd\u00fcr\u00fclm\u0259sinin gedi\u015fat\u0131 il\u0259 maraqlan\u0131rlar.<\/p>\n<div class=\"embed-responsive embed-responsive-16by9\"><iframe loading=\"lazy\" id=\"nmqembedid\" class=\"embed-responsive-item\" title=\"video player\" src=\"https:\/\/izle.az\/embed\/S6qwNbUwMDQHAA~~\" width=\"600\" height=\"340\" frameborder=\"0\" scrolling=\"no\" allowfullscreen=\"allowfullscreen\" data-mce-fragment=\"1\"><\/iframe><\/div>\n<div class=\"datespan clearfix\">sonxeber.az<\/div>\n","protected":false},"excerpt":{"rendered":"<p>Bak\u0131n\u0131n Nizami rayonunda yerl\u0259\u015f\u0259n &#8220;Diqlas&#8221; ticar\u0259t m\u0259rk\u0259zind\u0259 ba\u015f ver\u0259n g\u00fccl\u00fc yan\u011f\u0131n davam edir. ARANTV.AZ\u00a0 bildirir ki, hadis\u0259 yerin\u0259 f\u00f6vq\u0259lad\u0259 hallar naziri K\u0259mal\u0259ddin Heyd\u0259rov v\u0259 Nizami rayon \u0130cra Hakimiyy\u0259tinin ba\u015f\u00e7\u0131s\u0131 Arif Qas\u0131mov g\u0259lib. Onlar yan\u011f\u0131n\u0131n s\u00f6nd\u00fcr\u00fclm\u0259sinin gedi\u015fat\u0131 il\u0259 maraqlan\u0131rlar. sonxeber.az<\/p>\n","protected":false},"author":2,"featured_media":47299,"comment_status":"closed","ping_status":"closed","sticky":false,"template":"","format":"standard","meta":{"om_disable_all_campaigns":false,"_monsterinsights_skip_tracking":false,"_monsterinsights_sitenote_active":false,"_monsterinsights_sitenote_note":"","_monsterinsights_sitenote_category":0},"categories":[1],"tags":[],"aioseo_notices":[],"gutentor_comment":0,"rttpg_featured_image_url":{"full":["https:\/\/arantv.az\/wp-content\/uploads\/2019\/03\/1553583572475c99c894997f8.jpg",549,366,false],"landscape":["https:\/\/arantv.az\/wp-content\/uploads\/2019\/03\/1553583572475c99c894997f8.jpg",549,366,false],"portraits":["https:\/\/arantv.az\/wp-content\/uploads\/2019\/03\/1553583572475c99c894997f8.jpg",549,366,false],"thumbnail":["https:\/\/arantv.az\/wp-content\/uploads\/2019\/03\/1553583572475c99c894997f8-150x150.jpg",150,150,true],"medium":["https:\/\/arantv.az\/wp-content\/uploads\/2019\/03\/1553583572475c99c894997f8-300x200.jpg",300,200,true],"large":["https:\/\/arantv.az\/wp-content\/uploads\/2019\/03\/1553583572475c99c894997f8.jpg",549,366,false],"1536x1536":["https:\/\/arantv.az\/wp-content\/uploads\/2019\/03\/1553583572475c99c894997f8.jpg",549,366,false],"2048x2048":["https:\/\/arantv.az\/wp-content\/uploads\/2019\/03\/1553583572475c99c894997f8.jpg",549,366,false],"post-thumbnail":["https:\/\/arantv.az\/wp-content\/uploads\/2019\/03\/1553583572475c99c894997f8-240x172.jpg",240,172,true],"advps-thumb-one":["https:\/\/arantv.az\/wp-content\/uploads\/2019\/03\/1553583572475c99c894997f8.jpg",549,366,false]},"rttpg_author":{"display_name":"V\u00fcsal Rafiqo\u011flu","author_link":"https:\/\/arantv.az\/?author=2"},"rttpg_comment":0,"rttpg_category":"<a href=\"https:\/\/arantv.az\/?cat=1\" rel=\"category\">C\u0259miyy\u0259t<\/a>","rttpg_excerpt":"Bak\u0131n\u0131n Nizami rayonunda yerl\u0259\u015f\u0259n &#8220;Diqlas&#8221; ticar\u0259t m\u0259rk\u0259zind\u0259 ba\u015f ver\u0259n g\u00fccl\u00fc yan\u011f\u0131n davam edir. ARANTV.AZ\u00a0 bildirir ki, hadis\u0259 yerin\u0259 f\u00f6vq\u0259lad\u0259 hallar naziri K\u0259mal\u0259ddin Heyd\u0259rov v\u0259 Nizami rayon \u0130cra Hakimiyy\u0259tinin ba\u015f\u00e7\u0131s\u0131 Arif Qas\u0131mov g\u0259lib. Onlar yan\u011f\u0131n\u0131n s\u00f6nd\u00fcr\u00fclm\u0259sinin gedi\u015fat\u0131 il\u0259 maraqlan\u0131rlar. sonxeber.az","_links":{"self":[{"href":"https:\/\/arantv.az\/index.php?rest_route=\/wp\/v2\/posts\/47298"}],"collection":[{"href":"https:\/\/arantv.az\/index.php?rest_route=\/wp\/v2\/posts"}],"about":[{"href":"https:\/\/arantv.az\/index.php?rest_route=\/wp\/v2\/types\/post"}],"author":[{"embeddable":true,"href":"https:\/\/arantv.az\/index.php?rest_route=\/wp\/v2\/users\/2"}],"replies":[{"embeddable":true,"href":"https:\/\/arantv.az\/index.php?rest_route=%2Fwp%2Fv2%2Fcomments&post=47298"}],"version-history":[{"count":0,"href":"https:\/\/arantv.az\/index.php?rest_route=\/wp\/v2\/posts\/47298\/revisions"}],"wp:featuredmedia":[{"embeddable":true,"href":"https:\/\/arantv.az\/index.php?rest_route=\/wp\/v2\/media\/47299"}],"wp:attachment":[{"href":"https:\/\/arantv.az\/index.php?rest_route=%2Fwp%2Fv2%2Fmedia&parent=47298"}],"wp:term":[{"taxonomy":"category","embeddable":true,"href":"https:\/\/arantv.az\/index.php?rest_route=%2Fwp%2Fv2%2Fcategories&post=47298"},{"taxonomy":"post_tag","embeddable":true,"href":"https:\/\/arantv.az\/index.php?rest_route=%2Fwp%2Fv2%2Ftags&post=47298"}],"curies":[{"name":"wp","href":"https:\/\/api.w.org\/{rel}","templated":true}]}}