{"id":47301,"date":"2019-03-26T10:30:27","date_gmt":"2019-03-26T07:30:27","guid":{"rendered":"http:\/\/arantv.az\/?p=47301"},"modified":"2019-03-26T10:30:27","modified_gmt":"2019-03-26T07:30:27","slug":"baki-s%c9%99h%c9%99r-icra-hakimiyy%c9%99tind%c9%99n-aciqlama","status":"publish","type":"post","link":"https:\/\/arantv.az\/?p=47301","title":{"rendered":"Bak\u0131 \u015e\u0259h\u0259r \u0130cra Hakimiyy\u0259tind\u0259n A\u00c7IQLAMA"},"content":{"rendered":"<p><strong>Bak\u0131 \u015e\u0259h\u0259r \u0130cra Hakimiyy\u0259ti (B\u015e\u0130H) v\u0259 struktur b\u00f6lm\u0259l\u0259rinin i\u015f\u00e7il\u0259ri bayram g\u00fcnl\u0259rind\u0259 x\u00fcsusi i\u015f rejimind\u0259 \u00e7al\u0131\u015f\u0131blar.<\/strong><\/p>\n<p><strong>ARANTV.AZ<\/strong>\u00a0 bildirir ki, bunu\u00a0B\u015e\u0130H-in M\u0259tbuat xidm\u0259tind\u0259n \u0130cra Hakimiyy\u0259tind\u0259 v\u0259 tabeli qurumlarda \u00e7al\u0131\u015fanlar\u0131n mart\u0131n 26-da qeyri-i\u015f g\u00fcn\u00fcnd\u0259 i\u015f\u0259 \u00e7a\u011f\u0131r\u0131lmalar\u0131 il\u0259 ba\u011fl\u0131 yay\u0131lan m\u0259lumata m\u00fcnasib\u0259t bildir\u0259rk\u0259n deyibl\u0259r.<\/p>\n<p>Qeyd olunub ki, Novruz bayram\u0131 il\u0259 \u0259laq\u0259dar \u00f6lk\u0259d\u0259 elan olunmu\u015f 7 qeyri-i\u015f g\u00fcn\u00fc \u0259rzind\u0259 Bak\u0131 \u015e\u0259h\u0259r \u0130cra Hakimiyy\u0259ti, onun struktur b\u00f6lm\u0259l\u0259ri, paytaxt\u0131n t\u0259s\u0259rr\u00fcfat v\u0259 xidm\u0259t sah\u0259l\u0259rin i\u015f\u00e7il\u0259ri x\u00fcsusi i\u015f rejimind\u0259 \u00e7al\u0131\u015f\u0131blar:<\/p>\n<p>&#8220;Bildiyiniz kimi bayram g\u00fcnl\u0259rind\u0259 Bak\u0131 \u015e\u0259h\u0259r \u0130cra Hakimiyy\u0259ti v\u0259 dig\u0259r aidiyy\u0259ti qurumlar\u0131n t\u0259\u015fkilat\u00e7\u0131l\u0131\u011f\u0131 il\u0259 paytaxtda v\u0259 onun rayonlar\u0131nda k\u00fctl\u0259vi bayram t\u0259dbirl\u0259ri, m\u00fcxt\u0259lif konsert proqramlar\u0131, bayram yarmarkalar\u0131 t\u0259\u015fkil olunub, bu il m\u0259rk\u0259z \u0259razil\u0259rl\u0259 yana\u015f\u0131, bir s\u0131ra q\u0259s\u0259b\u0259 v\u0259 m\u0259h\u0259ll\u0259l\u0259rd\u0259 d\u0259 bayram \u015f\u0259nlikl\u0259ri ke\u00e7irilib&#8221;.<\/p>\n<div id=\"AdributorNativeVideo0\" class=\"AdributorNativeVideo\"><\/div>\n<p>Bildirilib ki, bayram \u015f\u0259nlikl\u0259ri v\u0259 k\u00fctl\u0259vi t\u0259dbirl\u0259rin t\u0259\u015fkili, \u015f\u0259h\u0259rin sanitar t\u0259mizliyinin y\u00fcks\u0259k s\u0259viyy\u0259d\u0259 saxlan\u0131lmas\u0131, istirah\u0259t g\u00fcnl\u0259rind\u0259 sakinl\u0259rimiz v\u0259 qonaqlar\u0131m\u0131z\u0131 narahat ed\u0259 bil\u0259c\u0259k h\u0259r hans\u0131 neqativ hallar\u0131n qar\u015f\u0131s\u0131n\u0131n d\u0259rhal al\u0131nmas\u0131 \u00fc\u00e7\u00fcn Bak\u0131 \u015e\u0259h\u0259r \u0130cra Hakimiyy\u0259tinin r\u0259hb\u0259rliyi, aparat\u0131n m\u0259sul n\u00fcmay\u0259nd\u0259l\u0259ri, eyni zamanda, paytaxt rayonlar\u0131n\u0131n icra hakimiyy\u0259tl\u0259rinin aparatlar\u0131, \u015f\u0259h\u0259rin t\u0259s\u0259rr\u00fcfat v\u0259 dig\u0259r xidm\u0259t sah\u0259l\u0259rinin i\u015f\u00e7il\u0259ri \u00f6z i\u015f yerl\u0259rind\u0259 birba\u015fa v\u0259zif\u0259 borclar\u0131n\u0131 yerin\u0259 yetiribl\u0259r v\u0259 bu t\u0259bii bir hald\u0131r:<\/p>\n<p>&#8220;Novruz bayram\u0131 g\u00fcnl\u0259rind\u0259 paytaxtdak\u0131 b\u00fct\u00fcn t\u0259dbirl\u0259rin y\u00fcks\u0259k s\u0259viyy\u0259d\u0259 ke\u00e7irilm\u0259si t\u0259min olunub, sakinl\u0259rimizi narahat ed\u0259 bil\u0259c\u0259k probleml\u0259rin qar\u015f\u0131s\u0131 al\u0131n\u0131b. M\u0259lumat \u00fc\u00e7\u00fcn bildiririk ki, bayram g\u00fcnl\u0259rind\u0259 i\u015f yerind\u0259 \u00f6z xidm\u0259ti v\u0259zif\u0259l\u0259rini h\u0259yata ke\u00e7ir\u0259n \u0259m\u0259kda\u015flara qanunvericiliyin t\u0259l\u0259bl\u0259rin\u0259 uy\u011fun olaraq \u0259lav\u0259 istirah\u0259t g\u00fcnl\u0259ri veril\u0259c\u0259k v\u0259 onlar\u0131n m\u00fckafatland\u0131r\u0131lmas\u0131 m\u0259s\u0259l\u0259sin\u0259 bax\u0131lacaq. Bununla \u0259laq\u0259dar hans\u0131sa bir \u015f\u0259xsin naraz\u0131l\u0131q n\u00fcmay\u0131\u015f etdirm\u0259si v\u0259 bunun m\u0259tbuatda yay\u0131lmas\u0131 bizd\u0259 t\u0259\u0259cc\u00fcb do\u011furur&#8221;.<\/p>\n<p>milli.az<\/p>\n","protected":false},"excerpt":{"rendered":"<p>Bak\u0131 \u015e\u0259h\u0259r \u0130cra Hakimiyy\u0259ti (B\u015e\u0130H) v\u0259 struktur b\u00f6lm\u0259l\u0259rinin i\u015f\u00e7il\u0259ri bayram g\u00fcnl\u0259rind\u0259 x\u00fcsusi i\u015f rejimind\u0259 \u00e7al\u0131\u015f\u0131blar. ARANTV.AZ\u00a0 bildirir ki, bunu\u00a0B\u015e\u0130H-in M\u0259tbuat xidm\u0259tind\u0259n \u0130cra Hakimiyy\u0259tind\u0259 v\u0259 tabeli qurumlarda \u00e7al\u0131\u015fanlar\u0131n mart\u0131n 26-da qeyri-i\u015f g\u00fcn\u00fcnd\u0259 i\u015f\u0259 \u00e7a\u011f\u0131r\u0131lmalar\u0131 il\u0259 ba\u011fl\u0131 yay\u0131lan m\u0259lumata m\u00fcnasib\u0259t bildir\u0259rk\u0259n deyibl\u0259r. Qeyd olunub ki, Novruz bayram\u0131 il\u0259 \u0259laq\u0259dar \u00f6lk\u0259d\u0259 elan olunmu\u015f 7 qeyri-i\u015f g\u00fcn\u00fc \u0259rzind\u0259 Bak\u0131 \u015e\u0259h\u0259r \u0130cra Hakimiyy\u0259ti, onun struktur b\u00f6lm\u0259l\u0259ri, paytaxt\u0131n t\u0259s\u0259rr\u00fcfat v\u0259 xidm\u0259t sah\u0259l\u0259rin i\u015f\u00e7il\u0259ri x\u00fcsusi i\u015f rejimind\u0259 \u00e7al\u0131\u015f\u0131blar: &#8220;Bildiyiniz kimi bayram g\u00fcnl\u0259rind\u0259 Bak\u0131 \u015e\u0259h\u0259r \u0130cra Hakimiyy\u0259ti v\u0259 dig\u0259r aidiyy\u0259ti qurumlar\u0131n t\u0259\u015fkilat\u00e7\u0131l\u0131\u011f\u0131 il\u0259 paytaxtda v\u0259 onun rayonlar\u0131nda k\u00fctl\u0259vi&hellip;<\/p>\n","protected":false},"author":2,"featured_media":47302,"comment_status":"closed","ping_status":"closed","sticky":false,"template":"","format":"standard","meta":{"om_disable_all_campaigns":false,"_monsterinsights_skip_tracking":false,"_monsterinsights_sitenote_active":false,"_monsterinsights_sitenote_note":"","_monsterinsights_sitenote_category":0},"categories":[1],"tags":[],"aioseo_notices":[],"gutentor_comment":0,"rttpg_featured_image_url":{"full":["https:\/\/arantv.az\/wp-content\/uploads\/2019\/03\/741629.jpg",1200,900,false],"landscape":["https:\/\/arantv.az\/wp-content\/uploads\/2019\/03\/741629.jpg",1200,900,false],"portraits":["https:\/\/arantv.az\/wp-content\/uploads\/2019\/03\/741629.jpg",1200,900,false],"thumbnail":["https:\/\/arantv.az\/wp-content\/uploads\/2019\/03\/741629-150x150.jpg",150,150,true],"medium":["https:\/\/arantv.az\/wp-content\/uploads\/2019\/03\/741629-300x225.jpg",300,225,true],"large":["https:\/\/arantv.az\/wp-content\/uploads\/2019\/03\/741629-1024x768.jpg",640,480,true],"1536x1536":["https:\/\/arantv.az\/wp-content\/uploads\/2019\/03\/741629.jpg",1200,900,false],"2048x2048":["https:\/\/arantv.az\/wp-content\/uploads\/2019\/03\/741629.jpg",1200,900,false],"post-thumbnail":["https:\/\/arantv.az\/wp-content\/uploads\/2019\/03\/741629-240x172.jpg",240,172,true],"advps-thumb-one":["https:\/\/arantv.az\/wp-content\/uploads\/2019\/03\/741629-1200x620.jpg",1200,620,true]},"rttpg_author":{"display_name":"V\u00fcsal Rafiqo\u011flu","author_link":"https:\/\/arantv.az\/?author=2"},"rttpg_comment":0,"rttpg_category":"<a href=\"https:\/\/arantv.az\/?cat=1\" rel=\"category\">C\u0259miyy\u0259t<\/a>","rttpg_excerpt":"Bak\u0131 \u015e\u0259h\u0259r \u0130cra Hakimiyy\u0259ti (B\u015e\u0130H) v\u0259 struktur b\u00f6lm\u0259l\u0259rinin i\u015f\u00e7il\u0259ri bayram g\u00fcnl\u0259rind\u0259 x\u00fcsusi i\u015f rejimind\u0259 \u00e7al\u0131\u015f\u0131blar. ARANTV.AZ\u00a0 bildirir ki, bunu\u00a0B\u015e\u0130H-in M\u0259tbuat xidm\u0259tind\u0259n \u0130cra Hakimiyy\u0259tind\u0259 v\u0259 tabeli qurumlarda \u00e7al\u0131\u015fanlar\u0131n mart\u0131n 26-da qeyri-i\u015f g\u00fcn\u00fcnd\u0259 i\u015f\u0259 \u00e7a\u011f\u0131r\u0131lmalar\u0131 il\u0259 ba\u011fl\u0131 yay\u0131lan m\u0259lumata m\u00fcnasib\u0259t bildir\u0259rk\u0259n deyibl\u0259r. Qeyd olunub ki, Novruz bayram\u0131 il\u0259 \u0259laq\u0259dar \u00f6lk\u0259d\u0259 elan olunmu\u015f 7 qeyri-i\u015f g\u00fcn\u00fc \u0259rzind\u0259 Bak\u0131&hellip;","_links":{"self":[{"href":"https:\/\/arantv.az\/index.php?rest_route=\/wp\/v2\/posts\/47301"}],"collection":[{"href":"https:\/\/arantv.az\/index.php?rest_route=\/wp\/v2\/posts"}],"about":[{"href":"https:\/\/arantv.az\/index.php?rest_route=\/wp\/v2\/types\/post"}],"author":[{"embeddable":true,"href":"https:\/\/arantv.az\/index.php?rest_route=\/wp\/v2\/users\/2"}],"replies":[{"embeddable":true,"href":"https:\/\/arantv.az\/index.php?rest_route=%2Fwp%2Fv2%2Fcomments&post=47301"}],"version-history":[{"count":0,"href":"https:\/\/arantv.az\/index.php?rest_route=\/wp\/v2\/posts\/47301\/revisions"}],"wp:featuredmedia":[{"embeddable":true,"href":"https:\/\/arantv.az\/index.php?rest_route=\/wp\/v2\/media\/47302"}],"wp:attachment":[{"href":"https:\/\/arantv.az\/index.php?rest_route=%2Fwp%2Fv2%2Fmedia&parent=47301"}],"wp:term":[{"taxonomy":"category","embeddable":true,"href":"https:\/\/arantv.az\/index.php?rest_route=%2Fwp%2Fv2%2Fcategories&post=47301"},{"taxonomy":"post_tag","embeddable":true,"href":"https:\/\/arantv.az\/index.php?rest_route=%2Fwp%2Fv2%2Ftags&post=47301"}],"curies":[{"name":"wp","href":"https:\/\/api.w.org\/{rel}","templated":true}]}}