{"id":47305,"date":"2019-03-26T10:31:58","date_gmt":"2019-03-26T07:31:58","guid":{"rendered":"http:\/\/arantv.az\/?p=47305"},"modified":"2019-03-26T10:31:58","modified_gmt":"2019-03-26T07:31:58","slug":"ekspert-erm%c9%99ni-%c9%99sg%c9%99rl%c9%99rin-c%c9%99za-t%c9%99dbiri-kimi-dagliq-qarabaga-gond%c9%99rilm%c9%99si-pasinyanin-oz-oglu-uz%c9%99rind%c9%99-qurdugu-aldadici-oyunlari-alt-ust-edir","status":"publish","type":"post","link":"https:\/\/arantv.az\/?p=47305","title":{"rendered":"Ekspert: &#8220;Erm\u0259ni \u0259sg\u0259rl\u0259rin c\u0259za t\u0259dbiri kimi Da\u011fl\u0131q Qaraba\u011fa g\u00f6nd\u0259rilm\u0259si Pa\u015finyan\u0131n \u00f6z o\u011flu \u00fcz\u0259rind\u0259 qurdu\u011fu aldad\u0131c\u0131 oyunlar\u0131 alt-\u00fcst edir&#8221;"},"content":{"rendered":"<p>Erm\u0259nistan hakimiyy\u0259ti n\u0259 q\u0259d\u0259r gizl\u0259tm\u0259y\u0259 \u00e7al\u0131\u015fsa da, orduda f\u0259rarilik, nizamnam\u0259d\u0259nk\u0259nar h\u0259r\u0259k\u0259tl\u0259r, \u0259sg\u0259rl\u0259ri h\u0259rbi i\u015fd\u0259n k\u0259nar sah\u0259l\u0259rd\u0259, \u015f\u0259xsi h\u0259y\u0259tl\u0259rd\u0259 n\u00f6k\u0259r kimi i\u015fl\u0259tm\u0259k, \u00f6l\u00fcm faktlar\u0131 v\u0259 ba\u015fqa bu kimi hallar h\u0259mi\u015f\u0259 olub, bu g\u00fcn d\u0259 davam edir.<\/p>\n<p><strong>ARANTV.AZ<\/strong> bildirir ki, bunu\u00a0<span style=\"color: #000000;\"><a style=\"color: #000000;\" href=\"http:\/\/az.trend.az\/\" target=\"_blank\" rel=\"noopener\">Trend<\/a><\/span>-\u0259\u00a0a\u00e7\u0131qlamas\u0131nda &#8220;Bak\u0131 x\u0259b\u0259r&#8221; q\u0259zetinin ba\u015f redaktoru, ekspert\u00a0<strong>Ayd\u0131n Quliyev<\/strong>\u00a0Erm\u0259nistanda h\u0259rbi hiss\u0259l\u0259rd\u0259n birind\u0259 qiyama c\u0259hd\u0259 m\u00fcnasib\u0259t bildir\u0259rk\u0259n deyib.<\/p>\n<p>Onun s\u00f6zl\u0259rin\u0259 g\u00f6r\u0259, Erm\u0259nistanda \u0259sg\u0259r analar\u0131 uzun m\u00fcdd\u0259tdir etiraz edir v\u0259 h\u0259rbi-siyasi r\u0259hb\u0259rliyin s\u0131ravi \u0259sg\u0259rl\u0259r\u0259 m\u00fcnasib\u0259td\u0259 qeyri-insani v\u0259 istismar\u00e7\u0131 f\u0259aliyy\u0259tl\u0259rini if\u015fa edirl\u0259r:<\/p>\n<p>&#8220;H\u0259l\u0259 90-c\u0131 ill\u0259rin sonlar\u0131ndan ba\u015flayaraq &#8220;\u0259sg\u0259r analar\u0131&#8221; etiraz h\u0259r\u0259kat\u0131n\u0131n indiy\u0259 q\u0259d\u0259r davam etm\u0259si orduda da\u011f\u0131lma v\u0259 \u00f6zba\u015f\u0131nal\u0131qlar tendensiyas\u0131n\u0131n getdikc\u0259 g\u00fccl\u0259ndiyind\u0259n x\u0259b\u0259r verir. Erm\u0259nistan ordusunda \u0259sg\u0259rl\u0259rin etirazlar\u0131 \u00f6z m\u0259zmununa g\u00f6r\u0259 \u00e7oxc\u0259h\u0259tlidir. Ancaq i\u015f\u011fal\u00e7\u0131 \u00f6lk\u0259nin ordusunda \u0259n g\u00fccl\u00fc etiraz v\u0259 naraz\u0131l\u0131q dal\u011fas\u0131 Az\u0259rbaycan\u0131n i\u015f\u011fal edilmi\u015f Da\u011fl\u0131q Qaraba\u011f b\u00f6lg\u0259sind\u0259 h\u0259rbi xidm\u0259tl\u0259 ba\u011fl\u0131d\u0131r. Orduda bu xarakterli \u0259sg\u0259r etirazlar\u0131 \u0259slind\u0259 son ill\u0259rin t\u0259zah\u00fcr\u00fcd\u00fcr v\u0259 bu prosesin ba\u015flanmas\u0131 Az\u0259rbaycan\u0131n d\u00fcnya miqyas\u0131nda apard\u0131\u011f\u0131 d\u0259qiq diplomatiya say\u0259sind\u0259 Erm\u0259nistan\u0131n t\u0259cav\u00fczkar siyas\u0259tinin mahiyy\u0259tinin tam a\u00e7\u0131lmas\u0131 il\u0259 ba\u011fl\u0131d\u0131r. \u0130ndi b\u00fct\u00fcn d\u00fcnyada v\u0259 Erm\u0259nistan c\u0259miyy\u0259tinin \u00f6z\u00fcnd\u0259 m\u00fctl\u0259q \u0259ks\u0259riyy\u0259t yax\u015f\u0131 ba\u015fa d\u00fc\u015f\u00fcr ki, Da\u011fl\u0131q Qaraba\u011f i\u015f\u011fal edilmi\u015f b\u00f6lg\u0259dir, Az\u0259rbaycana m\u0259xsusdur, gec-tez geri qaytar\u0131lacaq v\u0259 bu s\u0259b\u0259bd\u0259n erm\u0259ni g\u0259ncl\u0259r aras\u0131nda i\u015f\u011fal edilmi\u015f torpaqlarda xidm\u0259t \u0259leyhin\u0259 etirazlar k\u00fctl\u0259vil\u0259\u015fir. Erm\u0259nistanda son g\u00fcnl\u0259r ba\u015f qald\u0131ran a\u00e7\u0131q qiyam hallar\u0131 h\u0259m d\u0259 g\u0259ncl\u0259rin t\u0259cav\u00fcz siyas\u0259tinin g\u0259l\u0259c\u0259yin\u0259 \u00fcmidsiz yana\u015fmas\u0131n\u0131n n\u0259tic\u0259sidir v\u0259 g\u00f6st\u0259rir ki, yeni ba\u015f nazir Pa\u015finyan da erm\u0259ni ordusunu ke\u00e7mi\u015f hakimiyy\u0259tl\u0259rd\u0259n miras qalm\u0131\u015f da\u011f\u0131d\u0131c\u0131 v\u0259 t\u0259n\u0259zz\u00fcl prosesl\u0259rind\u0259n xilas ed\u0259 bilm\u0259yib&#8221;.<\/p>\n<p>Ekspert bildirib ki, erm\u0259ni ordusunda qiyam \u015f\u0259kli alan \u0259sg\u0259r naraz\u0131l\u0131qlar\u0131 h\u0259rbi intizams\u0131zl\u0131q, zabitl\u0259rin onlara g\u0259lir m\u0259nb\u0259yi kimi baxmas\u0131, \u00f6lk\u0259d\u0259ki \u00fcmumi iqtisadi b\u00f6hran v\u0259 d\u00f6vl\u0259tin a\u00e7\u0131q-a\u015fkar t\u0259cav\u00fczkar siyas\u0259tinin n\u0259tic\u0259l\u0259ridir:<\/p>\n<p>&#8220;Hadis\u0259l\u0259r orduda etirazlar\u0131n qiyam v\u0259 dig\u0259r m\u00fcxt\u0259lif formalarda getdikc\u0259 g\u00fccl\u0259n\u0259c\u0259yini dem\u0259y\u0259 xeyli \u0259sas verir. Erm\u0259nistan ordusunda etirazlar\u0131n artmas\u0131 Pa\u015finyan\u0131n bir m\u00fcdd\u0259t \u0259vv\u0259l atd\u0131\u011f\u0131 m\u0259lum bir populist add\u0131m\u0131n da tam iflas\u0131 say\u0131la bil\u0259r. Bel\u0259 ki, Pa\u015finyan \u00f6z o\u011flunu populist m\u00fclahiz\u0259l\u0259rl\u0259 i\u015f\u011fal olunmu\u015f Da\u011fl\u0131q Qaraba\u011f \u0259razisind\u0259 h\u0259rbi xidm\u0259t\u0259 g\u00f6nd\u0259r\u0259nd\u0259 bu hadis\u0259nin erm\u0259ni g\u0259ncl\u0259ri Az\u0259rbaycan\u0131n i\u015f\u011fal alt\u0131ndak\u0131 \u0259razil\u0259rind\u0259 xidm\u0259t\u0259 h\u0259v\u0259sl\u0259ndir\u0259c\u0259yini, habel\u0259 neqativ prosesl\u0259rin qar\u015f\u0131s\u0131n\u0131 alaca\u011f\u0131n\u0131 d\u00fc\u015f\u00fcnm\u00fc\u015fd\u00fc. Bu g\u00fcn qiyam\u00e7\u0131 \u0259sg\u0259rl\u0259rin c\u0259za t\u0259dbiri kimi Da\u011fl\u0131q Qaraba\u011fa g\u00f6nd\u0259rilm\u0259si Pa\u015finyan\u0131n \u00f6z o\u011flunun \u00fcz\u0259rind\u0259 qurdu\u011fu aldad\u0131c\u0131 oyun ssenaril\u0259rinin alt-\u00fcst oldu\u011funu g\u00f6st\u0259rir v\u0259 bir daha t\u0259sdiql\u0259yir ki, erm\u0259ni g\u0259ncl\u0259r Az\u0259rbaycan\u0131n i\u015f\u011fal edilmi\u015f \u0259razil\u0259rind\u0259 q\u0259tiyy\u0259n k\u00f6n\u00fcll\u00fc xidm\u0259t etm\u0259k ist\u0259mirl\u0259r&#8221;.<\/p>\n<p>A.Quliyev vur\u011fulay\u0131b ki, c\u0259zaland\u0131r\u0131lm\u0131\u015f \u0259sg\u0259rl\u0259rin Da\u011fl\u0131q Qaraba\u011fa g\u00f6nd\u0259rilm\u0259si v\u0259 burada h\u0259rbi xidm\u0259t\u0259 m\u0259cbur edilm\u0259si Erm\u0259nistan\u0131n i\u015f\u011fal\u00e7\u0131l\u0131q v\u0259 t\u0259cav\u00fczkarl\u0131q siyas\u0259tinin sonad\u0259k if\u015fa olundu\u011funun bariz g\u00f6st\u0259ricisidir: &#8220;Bu g\u00fcn erm\u0259ni ordusu i\u00e7\u0259risind\u0259 d\u00f6vl\u0259tin t\u0259cav\u00fczkar siyas\u0259ti \u0259leyhin\u0259 etirazlar\u0131n \u00fcz\u0259 \u00e7\u0131xmas\u0131 v\u0259 g\u00fccl\u0259nm\u0259si Az\u0259rbaycan d\u00f6vl\u0259tinin h\u0259rt\u0259r\u0259fli siyas\u0259tinin b\u00f6y\u00fck n\u0259tic\u0259si kimi d\u0259 n\u0259z\u0259rd\u0259n ke\u00e7iril\u0259 bil\u0259r&#8221;.<\/p>\n<p>Qeyd ed\u0259k ki, Yerevanda bir qrup \u0259sg\u0259r anas\u0131 etiraz aksiyas\u0131 ke\u00e7irib. Erm\u0259nistan\u0131n Mehri \u015f\u0259h\u0259rind\u0259 h\u0259rbi xidm\u0259td\u0259 olan \u0259sg\u0259rl\u0259rd\u0259n birinin anas\u0131 o\u011flundan bir ne\u00e7\u0259 g\u00fcn x\u0259b\u0259r ala bilm\u0259diyini deyib. Daha sonra onun Az\u0259rbaycan\u0131n i\u015f\u011fal olunmu\u015f Da\u011fl\u0131q Qaraba\u011f b\u00f6lg\u0259sin\u0259 g\u00f6nd\u0259rildiyi m\u0259lum olub.<\/p>\n<p>Erm\u0259nistan K\u0130V-l\u0259ri yaz\u0131r ki, Mehrid\u0259 20-y\u0259 yax\u0131n \u0259sg\u0259r zabitl\u0259rd\u0259n birin\u0259 etiraz olaraq h\u0259rbi hiss\u0259ni t\u0259rk edib. H\u0259min \u0259sg\u0259rl\u0259rin bir hiss\u0259sini c\u0259zaland\u0131raraq Da\u011fl\u0131q Qaraba\u011fa c\u0259bh\u0259 x\u0259ttin\u0259 g\u00f6nd\u0259ribl\u0259r.<\/p>\n","protected":false},"excerpt":{"rendered":"<p>Erm\u0259nistan hakimiyy\u0259ti n\u0259 q\u0259d\u0259r gizl\u0259tm\u0259y\u0259 \u00e7al\u0131\u015fsa da, orduda f\u0259rarilik, nizamnam\u0259d\u0259nk\u0259nar h\u0259r\u0259k\u0259tl\u0259r, \u0259sg\u0259rl\u0259ri h\u0259rbi i\u015fd\u0259n k\u0259nar sah\u0259l\u0259rd\u0259, \u015f\u0259xsi h\u0259y\u0259tl\u0259rd\u0259 n\u00f6k\u0259r kimi i\u015fl\u0259tm\u0259k, \u00f6l\u00fcm faktlar\u0131 v\u0259 ba\u015fqa bu kimi hallar h\u0259mi\u015f\u0259 olub, bu g\u00fcn d\u0259 davam edir. ARANTV.AZ bildirir ki, bunu\u00a0Trend-\u0259\u00a0a\u00e7\u0131qlamas\u0131nda &#8220;Bak\u0131 x\u0259b\u0259r&#8221; q\u0259zetinin ba\u015f redaktoru, ekspert\u00a0Ayd\u0131n Quliyev\u00a0Erm\u0259nistanda h\u0259rbi hiss\u0259l\u0259rd\u0259n birind\u0259 qiyama c\u0259hd\u0259 m\u00fcnasib\u0259t bildir\u0259rk\u0259n deyib. Onun s\u00f6zl\u0259rin\u0259 g\u00f6r\u0259, Erm\u0259nistanda \u0259sg\u0259r analar\u0131 uzun m\u00fcdd\u0259tdir etiraz edir v\u0259 h\u0259rbi-siyasi r\u0259hb\u0259rliyin s\u0131ravi \u0259sg\u0259rl\u0259r\u0259 m\u00fcnasib\u0259td\u0259 qeyri-insani v\u0259 istismar\u00e7\u0131 f\u0259aliyy\u0259tl\u0259rini if\u015fa edirl\u0259r: &#8220;H\u0259l\u0259 90-c\u0131 ill\u0259rin sonlar\u0131ndan ba\u015flayaraq &#8220;\u0259sg\u0259r analar\u0131&#8221; etiraz h\u0259r\u0259kat\u0131n\u0131n indiy\u0259 q\u0259d\u0259r davam etm\u0259si orduda&hellip;<\/p>\n","protected":false},"author":2,"featured_media":47306,"comment_status":"closed","ping_status":"closed","sticky":false,"template":"","format":"standard","meta":{"om_disable_all_campaigns":false,"_monsterinsights_skip_tracking":false,"_monsterinsights_sitenote_active":false,"_monsterinsights_sitenote_note":"","_monsterinsights_sitenote_category":0},"categories":[4],"tags":[],"aioseo_notices":[],"gutentor_comment":0,"rttpg_featured_image_url":{"full":["https:\/\/arantv.az\/wp-content\/uploads\/2019\/03\/aydin_quliyev_0582.jpg",600,450,false],"landscape":["https:\/\/arantv.az\/wp-content\/uploads\/2019\/03\/aydin_quliyev_0582.jpg",600,450,false],"portraits":["https:\/\/arantv.az\/wp-content\/uploads\/2019\/03\/aydin_quliyev_0582.jpg",600,450,false],"thumbnail":["https:\/\/arantv.az\/wp-content\/uploads\/2019\/03\/aydin_quliyev_0582-150x150.jpg",150,150,true],"medium":["https:\/\/arantv.az\/wp-content\/uploads\/2019\/03\/aydin_quliyev_0582-300x225.jpg",300,225,true],"large":["https:\/\/arantv.az\/wp-content\/uploads\/2019\/03\/aydin_quliyev_0582.jpg",600,450,false],"1536x1536":["https:\/\/arantv.az\/wp-content\/uploads\/2019\/03\/aydin_quliyev_0582.jpg",600,450,false],"2048x2048":["https:\/\/arantv.az\/wp-content\/uploads\/2019\/03\/aydin_quliyev_0582.jpg",600,450,false],"post-thumbnail":["https:\/\/arantv.az\/wp-content\/uploads\/2019\/03\/aydin_quliyev_0582-240x172.jpg",240,172,true],"advps-thumb-one":["https:\/\/arantv.az\/wp-content\/uploads\/2019\/03\/aydin_quliyev_0582.jpg",600,450,false]},"rttpg_author":{"display_name":"V\u00fcsal Rafiqo\u011flu","author_link":"https:\/\/arantv.az\/?author=2"},"rttpg_comment":0,"rttpg_category":"<a href=\"https:\/\/arantv.az\/?cat=4\" rel=\"category\">Siyas\u0259t<\/a>","rttpg_excerpt":"Erm\u0259nistan hakimiyy\u0259ti n\u0259 q\u0259d\u0259r gizl\u0259tm\u0259y\u0259 \u00e7al\u0131\u015fsa da, orduda f\u0259rarilik, nizamnam\u0259d\u0259nk\u0259nar h\u0259r\u0259k\u0259tl\u0259r, \u0259sg\u0259rl\u0259ri h\u0259rbi i\u015fd\u0259n k\u0259nar sah\u0259l\u0259rd\u0259, \u015f\u0259xsi h\u0259y\u0259tl\u0259rd\u0259 n\u00f6k\u0259r kimi i\u015fl\u0259tm\u0259k, \u00f6l\u00fcm faktlar\u0131 v\u0259 ba\u015fqa bu kimi hallar h\u0259mi\u015f\u0259 olub, bu g\u00fcn d\u0259 davam edir. ARANTV.AZ bildirir ki, bunu\u00a0Trend-\u0259\u00a0a\u00e7\u0131qlamas\u0131nda &#8220;Bak\u0131 x\u0259b\u0259r&#8221; q\u0259zetinin ba\u015f redaktoru, ekspert\u00a0Ayd\u0131n Quliyev\u00a0Erm\u0259nistanda h\u0259rbi hiss\u0259l\u0259rd\u0259n birind\u0259 qiyama c\u0259hd\u0259 m\u00fcnasib\u0259t bildir\u0259rk\u0259n deyib. Onun&hellip;","_links":{"self":[{"href":"https:\/\/arantv.az\/index.php?rest_route=\/wp\/v2\/posts\/47305"}],"collection":[{"href":"https:\/\/arantv.az\/index.php?rest_route=\/wp\/v2\/posts"}],"about":[{"href":"https:\/\/arantv.az\/index.php?rest_route=\/wp\/v2\/types\/post"}],"author":[{"embeddable":true,"href":"https:\/\/arantv.az\/index.php?rest_route=\/wp\/v2\/users\/2"}],"replies":[{"embeddable":true,"href":"https:\/\/arantv.az\/index.php?rest_route=%2Fwp%2Fv2%2Fcomments&post=47305"}],"version-history":[{"count":0,"href":"https:\/\/arantv.az\/index.php?rest_route=\/wp\/v2\/posts\/47305\/revisions"}],"wp:featuredmedia":[{"embeddable":true,"href":"https:\/\/arantv.az\/index.php?rest_route=\/wp\/v2\/media\/47306"}],"wp:attachment":[{"href":"https:\/\/arantv.az\/index.php?rest_route=%2Fwp%2Fv2%2Fmedia&parent=47305"}],"wp:term":[{"taxonomy":"category","embeddable":true,"href":"https:\/\/arantv.az\/index.php?rest_route=%2Fwp%2Fv2%2Fcategories&post=47305"},{"taxonomy":"post_tag","embeddable":true,"href":"https:\/\/arantv.az\/index.php?rest_route=%2Fwp%2Fv2%2Ftags&post=47305"}],"curies":[{"name":"wp","href":"https:\/\/api.w.org\/{rel}","templated":true}]}}