{"id":47312,"date":"2019-03-26T11:45:01","date_gmt":"2019-03-26T08:45:01","guid":{"rendered":"http:\/\/arantv.az\/?p=47312"},"modified":"2019-03-26T11:45:01","modified_gmt":"2019-03-26T08:45:01","slug":"27-yasli-g%c9%99nc-ozunu-asdi","status":"publish","type":"post","link":"https:\/\/arantv.az\/?p=47312","title":{"rendered":"27 ya\u015fl\u0131 g\u0259nc \u00f6z\u00fcn\u00fc asd\u0131"},"content":{"rendered":"<p>G\u0259nc\u0259d\u0259 intihar hadis\u0259si qeyd\u0259 al\u0131n\u0131b.<\/p>\n<p><b>ARANTV.AZ\u00a0<\/b> x\u0259b\u0259r verir ki, 27 ya\u015fl\u0131 g\u0259nc\u00a0\u00f6z\u00fcn\u00fc as\u0131b.<\/p>\n<div id=\"AdributorNativeVideo0\" class=\"AdributorNativeVideo\"><\/div>\n<p>\u0130ntihar ed\u0259n \u015f\u0259xsin Turan Osmanl\u0131 adl\u0131 ki\u015fi oldu\u011fu bildirilir.<\/p>\n<p>Faktla ba\u011fl\u0131 ara\u015fd\u0131rma apar\u0131l\u0131r.oxu.az<\/p>\n","protected":false},"excerpt":{"rendered":"<p>G\u0259nc\u0259d\u0259 intihar hadis\u0259si qeyd\u0259 al\u0131n\u0131b. ARANTV.AZ\u00a0 x\u0259b\u0259r verir ki, 27 ya\u015fl\u0131 g\u0259nc\u00a0\u00f6z\u00fcn\u00fc as\u0131b. \u0130ntihar ed\u0259n \u015f\u0259xsin Turan Osmanl\u0131 adl\u0131 ki\u015fi oldu\u011fu bildirilir. Faktla ba\u011fl\u0131 ara\u015fd\u0131rma apar\u0131l\u0131r.oxu.az<\/p>\n","protected":false},"author":2,"featured_media":47313,"comment_status":"closed","ping_status":"closed","sticky":false,"template":"","format":"standard","meta":{"om_disable_all_campaigns":false,"_monsterinsights_skip_tracking":false,"_monsterinsights_sitenote_active":false,"_monsterinsights_sitenote_note":"","_monsterinsights_sitenote_category":0},"categories":[5],"tags":[],"aioseo_notices":[],"gutentor_comment":0,"rttpg_featured_image_url":{"full":["https:\/\/arantv.az\/wp-content\/uploads\/2019\/03\/asdi.jpg",620,389,false],"landscape":["https:\/\/arantv.az\/wp-content\/uploads\/2019\/03\/asdi.jpg",620,389,false],"portraits":["https:\/\/arantv.az\/wp-content\/uploads\/2019\/03\/asdi.jpg",620,389,false],"thumbnail":["https:\/\/arantv.az\/wp-content\/uploads\/2019\/03\/asdi-150x150.jpg",150,150,true],"medium":["https:\/\/arantv.az\/wp-content\/uploads\/2019\/03\/asdi-300x188.jpg",300,188,true],"large":["https:\/\/arantv.az\/wp-content\/uploads\/2019\/03\/asdi.jpg",620,389,false],"1536x1536":["https:\/\/arantv.az\/wp-content\/uploads\/2019\/03\/asdi.jpg",620,389,false],"2048x2048":["https:\/\/arantv.az\/wp-content\/uploads\/2019\/03\/asdi.jpg",620,389,false],"post-thumbnail":["https:\/\/arantv.az\/wp-content\/uploads\/2019\/03\/asdi-240x172.jpg",240,172,true],"advps-thumb-one":["https:\/\/arantv.az\/wp-content\/uploads\/2019\/03\/asdi.jpg",620,389,false]},"rttpg_author":{"display_name":"V\u00fcsal Rafiqo\u011flu","author_link":"https:\/\/arantv.az\/?author=2"},"rttpg_comment":0,"rttpg_category":"<a href=\"https:\/\/arantv.az\/?cat=5\" rel=\"category\">Hadis\u0259<\/a>","rttpg_excerpt":"G\u0259nc\u0259d\u0259 intihar hadis\u0259si qeyd\u0259 al\u0131n\u0131b. ARANTV.AZ\u00a0 x\u0259b\u0259r verir ki, 27 ya\u015fl\u0131 g\u0259nc\u00a0\u00f6z\u00fcn\u00fc as\u0131b. \u0130ntihar ed\u0259n \u015f\u0259xsin Turan Osmanl\u0131 adl\u0131 ki\u015fi oldu\u011fu bildirilir. Faktla ba\u011fl\u0131 ara\u015fd\u0131rma apar\u0131l\u0131r.oxu.az","_links":{"self":[{"href":"https:\/\/arantv.az\/index.php?rest_route=\/wp\/v2\/posts\/47312"}],"collection":[{"href":"https:\/\/arantv.az\/index.php?rest_route=\/wp\/v2\/posts"}],"about":[{"href":"https:\/\/arantv.az\/index.php?rest_route=\/wp\/v2\/types\/post"}],"author":[{"embeddable":true,"href":"https:\/\/arantv.az\/index.php?rest_route=\/wp\/v2\/users\/2"}],"replies":[{"embeddable":true,"href":"https:\/\/arantv.az\/index.php?rest_route=%2Fwp%2Fv2%2Fcomments&post=47312"}],"version-history":[{"count":0,"href":"https:\/\/arantv.az\/index.php?rest_route=\/wp\/v2\/posts\/47312\/revisions"}],"wp:featuredmedia":[{"embeddable":true,"href":"https:\/\/arantv.az\/index.php?rest_route=\/wp\/v2\/media\/47313"}],"wp:attachment":[{"href":"https:\/\/arantv.az\/index.php?rest_route=%2Fwp%2Fv2%2Fmedia&parent=47312"}],"wp:term":[{"taxonomy":"category","embeddable":true,"href":"https:\/\/arantv.az\/index.php?rest_route=%2Fwp%2Fv2%2Fcategories&post=47312"},{"taxonomy":"post_tag","embeddable":true,"href":"https:\/\/arantv.az\/index.php?rest_route=%2Fwp%2Fv2%2Ftags&post=47312"}],"curies":[{"name":"wp","href":"https:\/\/api.w.org\/{rel}","templated":true}]}}