{"id":47321,"date":"2019-03-26T12:02:28","date_gmt":"2019-03-26T09:02:28","guid":{"rendered":"http:\/\/arantv.az\/?p=47321"},"modified":"2019-03-26T12:02:28","modified_gmt":"2019-03-26T09:02:28","slug":"az%c9%99rbaycanda-bu-k%c9%99nd%c9%99-20-sm-qar-yagdi-8-d%c9%99r%c9%99c%c9%99-saxta-var","status":"publish","type":"post","link":"https:\/\/arantv.az\/?p=47321","title":{"rendered":"Az\u0259rbaycanda bu k\u0259nd\u0259 20 sm qar ya\u011fd\u0131 &#8211; 8 d\u0259r\u0259c\u0259 \u015faxta var"},"content":{"rendered":"<p><strong>Quba rayonunun Q\u0131r\u0131z k\u0259ndin\u0259 ya\u011fan qar\u0131n h\u00fcnd\u00fcrl\u00fcy\u00fc 20 santimetr\u0259 \u00e7at\u0131b.<\/strong><\/p>\n<p>Qubada yerl\u0259\u015f\u0259n \u015eimal-\u015e\u0259rq Regional Hidrometeorologiya M\u0259rk\u0259zind\u0259n bildiribl\u0259r ki, qar Quba il\u0259 yana\u015f\u0131, Qusar v\u0259 X\u0131z\u0131 rayonlar\u0131n\u0131n da\u011f k\u0259ndl\u0259rin\u0259 d\u0259 ya\u011f\u0131b.<\/p>\n<p>Mart\u0131n 25-d\u0259n ya\u011fma\u011fa ba\u015flayan qar\u0131n h\u00fcnd\u00fcrl\u00fcy\u00fc Quban\u0131n X\u0131nal\u0131q k\u0259ndind\u0259 9, T\u0259ng\u0259alt\u0131nda 4, X\u0131z\u0131n\u0131n Alt\u0131a\u011fac k\u0259ndind\u0259 is\u0259 6 santimetr t\u0259\u015fkil edir.<\/p>\n<p>Qar ya\u011fmas\u0131 il\u0259 \u0259laq\u0259dar temperatur m\u0259nfi 8 d\u0259r\u0259c\u0259y\u0259d\u0259k a\u015fa\u011f\u0131 d\u00fc\u015f\u00fcb. \u018fn a\u015fa\u011f\u0131 temperatur Q\u0131r\u0131z k\u0259ndind\u0259 qeyd\u0259 al\u0131n\u0131b.<\/p>\n","protected":false},"excerpt":{"rendered":"<p>Quba rayonunun Q\u0131r\u0131z k\u0259ndin\u0259 ya\u011fan qar\u0131n h\u00fcnd\u00fcrl\u00fcy\u00fc 20 santimetr\u0259 \u00e7at\u0131b. Qubada yerl\u0259\u015f\u0259n \u015eimal-\u015e\u0259rq Regional Hidrometeorologiya M\u0259rk\u0259zind\u0259n bildiribl\u0259r ki, qar Quba il\u0259 yana\u015f\u0131, Qusar v\u0259 X\u0131z\u0131 rayonlar\u0131n\u0131n da\u011f k\u0259ndl\u0259rin\u0259 d\u0259 ya\u011f\u0131b. Mart\u0131n 25-d\u0259n ya\u011fma\u011fa ba\u015flayan qar\u0131n h\u00fcnd\u00fcrl\u00fcy\u00fc Quban\u0131n X\u0131nal\u0131q k\u0259ndind\u0259 9, T\u0259ng\u0259alt\u0131nda 4, X\u0131z\u0131n\u0131n Alt\u0131a\u011fac k\u0259ndind\u0259 is\u0259 6 santimetr t\u0259\u015fkil edir. Qar ya\u011fmas\u0131 il\u0259 \u0259laq\u0259dar temperatur m\u0259nfi 8 d\u0259r\u0259c\u0259y\u0259d\u0259k a\u015fa\u011f\u0131 d\u00fc\u015f\u00fcb. \u018fn a\u015fa\u011f\u0131 temperatur Q\u0131r\u0131z k\u0259ndind\u0259 qeyd\u0259 al\u0131n\u0131b.<\/p>\n","protected":false},"author":2,"featured_media":47322,"comment_status":"closed","ping_status":"closed","sticky":false,"template":"","format":"standard","meta":{"om_disable_all_campaigns":false,"_monsterinsights_skip_tracking":false,"_monsterinsights_sitenote_active":false,"_monsterinsights_sitenote_note":"","_monsterinsights_sitenote_category":0},"categories":[2],"tags":[],"aioseo_notices":[],"gutentor_comment":0,"rttpg_featured_image_url":{"full":["https:\/\/arantv.az\/wp-content\/uploads\/2019\/03\/qarliagac-1.jpg",800,450,false],"landscape":["https:\/\/arantv.az\/wp-content\/uploads\/2019\/03\/qarliagac-1.jpg",800,450,false],"portraits":["https:\/\/arantv.az\/wp-content\/uploads\/2019\/03\/qarliagac-1.jpg",800,450,false],"thumbnail":["https:\/\/arantv.az\/wp-content\/uploads\/2019\/03\/qarliagac-1-150x150.jpg",150,150,true],"medium":["https:\/\/arantv.az\/wp-content\/uploads\/2019\/03\/qarliagac-1-300x169.jpg",300,169,true],"large":["https:\/\/arantv.az\/wp-content\/uploads\/2019\/03\/qarliagac-1.jpg",640,360,false],"1536x1536":["https:\/\/arantv.az\/wp-content\/uploads\/2019\/03\/qarliagac-1.jpg",800,450,false],"2048x2048":["https:\/\/arantv.az\/wp-content\/uploads\/2019\/03\/qarliagac-1.jpg",800,450,false],"post-thumbnail":["https:\/\/arantv.az\/wp-content\/uploads\/2019\/03\/qarliagac-1-240x172.jpg",240,172,true],"advps-thumb-one":["https:\/\/arantv.az\/wp-content\/uploads\/2019\/03\/qarliagac-1.jpg",800,450,false]},"rttpg_author":{"display_name":"V\u00fcsal Rafiqo\u011flu","author_link":"https:\/\/arantv.az\/?author=2"},"rttpg_comment":0,"rttpg_category":"<a href=\"https:\/\/arantv.az\/?cat=2\" rel=\"category\">Region X\u0259b\u0259rl\u0259ri<\/a>","rttpg_excerpt":"Quba rayonunun Q\u0131r\u0131z k\u0259ndin\u0259 ya\u011fan qar\u0131n h\u00fcnd\u00fcrl\u00fcy\u00fc 20 santimetr\u0259 \u00e7at\u0131b. Qubada yerl\u0259\u015f\u0259n \u015eimal-\u015e\u0259rq Regional Hidrometeorologiya M\u0259rk\u0259zind\u0259n bildiribl\u0259r ki, qar Quba il\u0259 yana\u015f\u0131, Qusar v\u0259 X\u0131z\u0131 rayonlar\u0131n\u0131n da\u011f k\u0259ndl\u0259rin\u0259 d\u0259 ya\u011f\u0131b. Mart\u0131n 25-d\u0259n ya\u011fma\u011fa ba\u015flayan qar\u0131n h\u00fcnd\u00fcrl\u00fcy\u00fc Quban\u0131n X\u0131nal\u0131q k\u0259ndind\u0259 9, T\u0259ng\u0259alt\u0131nda 4, X\u0131z\u0131n\u0131n Alt\u0131a\u011fac k\u0259ndind\u0259 is\u0259 6 santimetr t\u0259\u015fkil edir. Qar ya\u011fmas\u0131 il\u0259 \u0259laq\u0259dar temperatur&hellip;","_links":{"self":[{"href":"https:\/\/arantv.az\/index.php?rest_route=\/wp\/v2\/posts\/47321"}],"collection":[{"href":"https:\/\/arantv.az\/index.php?rest_route=\/wp\/v2\/posts"}],"about":[{"href":"https:\/\/arantv.az\/index.php?rest_route=\/wp\/v2\/types\/post"}],"author":[{"embeddable":true,"href":"https:\/\/arantv.az\/index.php?rest_route=\/wp\/v2\/users\/2"}],"replies":[{"embeddable":true,"href":"https:\/\/arantv.az\/index.php?rest_route=%2Fwp%2Fv2%2Fcomments&post=47321"}],"version-history":[{"count":0,"href":"https:\/\/arantv.az\/index.php?rest_route=\/wp\/v2\/posts\/47321\/revisions"}],"wp:featuredmedia":[{"embeddable":true,"href":"https:\/\/arantv.az\/index.php?rest_route=\/wp\/v2\/media\/47322"}],"wp:attachment":[{"href":"https:\/\/arantv.az\/index.php?rest_route=%2Fwp%2Fv2%2Fmedia&parent=47321"}],"wp:term":[{"taxonomy":"category","embeddable":true,"href":"https:\/\/arantv.az\/index.php?rest_route=%2Fwp%2Fv2%2Fcategories&post=47321"},{"taxonomy":"post_tag","embeddable":true,"href":"https:\/\/arantv.az\/index.php?rest_route=%2Fwp%2Fv2%2Ftags&post=47321"}],"curies":[{"name":"wp","href":"https:\/\/api.w.org\/{rel}","templated":true}]}}