{"id":474628,"date":"2022-05-13T20:50:44","date_gmt":"2022-05-13T17:50:44","guid":{"rendered":"https:\/\/arantv.az\/?p=474628"},"modified":"2022-05-13T20:50:44","modified_gmt":"2022-05-13T17:50:44","slug":"az%c9%99rbaycan-v%c9%99-uruqvay-xin-l%c9%99ri-arasinda-novb%c9%99ti-siyasi-m%c9%99sl%c9%99h%c9%99tl%c9%99sm%c9%99l%c9%99r-kecirilib-foto","status":"publish","type":"post","link":"https:\/\/arantv.az\/?p=474628","title":{"rendered":"Az\u0259rbaycan v\u0259 Uruqvay X\u0130N-l\u0259ri aras\u0131nda n\u00f6vb\u0259ti siyasi m\u0259sl\u0259h\u0259tl\u0259\u015fm\u0259l\u0259r ke\u00e7irilib &#8211; FOTO"},"content":{"rendered":"<p>Uruqvay\u0131n paytaxt\u0131 Montivideo \u015f\u0259h\u0259rind\u0259 Az\u0259rbaycan Respublikas\u0131n\u0131n Xarici \u0130\u015fl\u0259r Nazirliyi il\u0259 Uruqvay Xarici \u0130\u015fl\u0259r Nazirliyi aras\u0131nda n\u00f6vb\u0259ti (ikinci) siyasi m\u0259sl\u0259h\u0259tl\u0259\u015fm\u0259l\u0259r ke\u00e7irilib.<\/p>\n<p>Bu bar\u0259d\u0259 Xarici \u0130\u015fl\u0259r Nazirliyi m\u0259lumat yay\u0131b.<\/p>\n<div class=\"AdviadNativeVideo\"><\/div>\n<p>N\u00fcmay\u0259nd\u0259 hey\u0259tl\u0259rin\u0259 Az\u0259rbaycan t\u0259r\u0259find\u0259n xarici i\u015fl\u0259r nazirinin m\u00fcavini Elnur M\u0259mm\u0259dov, Uruqvay t\u0259r\u0259find\u0259n is\u0259 bu \u00f6lk\u0259nin xarici i\u015fl\u0259r nazirinin m\u00fcavini Karolina A\u00e7e Batye r\u0259hb\u0259rlik edibl\u0259r.<\/p>\n<p>Siyasi m\u0259sl\u0259h\u0259tl\u0259\u015fm\u0259l\u0259r zaman\u0131 ikit\u0259r\u0259fli m\u00fcnasib\u0259tl\u0259rin m\u00f6vcud v\u0259ziyy\u0259ti, habel\u0259 siyasi, iqtisadi, k\u0259nd t\u0259s\u0259rr\u00fcfat\u0131, n\u0259qliyyat, enerji v\u0259 humanitar sah\u0259l\u0259rd\u0259 qar\u015f\u0131l\u0131ql\u0131 \u0259m\u0259kda\u015fl\u0131\u011f\u0131n geni\u015fl\u0259ndirilm\u0259si m\u00fczakir\u0259 edilib.<\/p>\n<p>Nazir m\u00fcavini E.M\u0259mm\u0259dov V\u0259t\u0259n m\u00fcharib\u0259sind\u0259n sonra b\u00f6lg\u0259d\u0259 yaranm\u0131\u015f yeni siyasi reall\u0131qlar, azad edilmi\u015f \u0259razil\u0259rimizd\u0259 apar\u0131lan b\u0259rpa v\u0259 quruculuq i\u015fl\u0259ri bar\u0259d\u0259 Az\u0259rbaycan t\u0259r\u0259find\u0259n h\u0259yata ke\u00e7iril\u0259n t\u0259dbirl\u0259r v\u0259 irimiqyasl\u0131 layih\u0259l\u0259r haqq\u0131nda qar\u015f\u0131 t\u0259r\u0259f\u0259 \u0259trafl\u0131 m\u0259lumat verib, Az\u0259rbaycan \u0259razisind\u0259n ke\u00e7\u0259n beyn\u0259lxalq n\u0259qliyyat d\u0259hlizl\u0259rinin Uzaq \u015e\u0259rq-Orta Asiya-Avropa aras\u0131nda ticar\u0259t \u0259laq\u0259l\u0259rinin art\u0131r\u0131lmas\u0131 bax\u0131m\u0131ndan \u0259h\u0259miyy\u0259tini diqq\u0259t\u0259 \u00e7atd\u0131r\u0131b.<\/p>\n<p>T\u0259r\u0259fl\u0259r, h\u0259m\u00e7inin regional v\u0259 beyn\u0259lxalq t\u0259\u015fkilatlar \u00e7\u0259r\u00e7iv\u0259sind\u0259 \u0259m\u0259kda\u015fl\u0131q perspektivl\u0259rinin inki\u015faf\u0131na dair fikir m\u00fcbadil\u0259si apar\u0131blar.<\/p>\n<p>H\u0259min g\u00fcn xarici i\u015fl\u0259r nazirinin m\u00fcavini Elnur M\u0259mm\u0259dov Uruqvay Parlamentinin N\u00fcmay\u0259nd\u0259l\u0259r Palatas\u0131n\u0131n xarici \u0259laq\u0259l\u0259r komissiyas\u0131n\u0131n Uruqvay &#8211; Az\u0259rbaycan dostluq qrupunun \u00fczvl\u0259ri il\u0259 g\u00f6r\u00fc\u015f\u00fcb.<\/p>\n<p>G\u00f6r\u00fc\u015f zaman\u0131 parlamentl\u0259raras\u0131 m\u00fcnasib\u0259tl\u0259rin geni\u015fl\u0259ndirilm\u0259si, ikit\u0259r\u0259fli \u0259m\u0259kda\u015fl\u0131\u011f\u0131n inki\u015faf\u0131, C\u0259nubi Qafqaz regionunda ged\u0259n prosesl\u0259r v\u0259 dig\u0259r qar\u015f\u0131l\u0131ql\u0131 maraq k\u0259sb ed\u0259n m\u0259s\u0259l\u0259l\u0259r \u0259traf\u0131nda fikir m\u00fcbadil\u0259si apar\u0131l\u0131b.<\/p>\n<p>&nbsp;<\/p>\n<div class=\"gallery\">\n<div class=\"gallery-i\"><img src=\"https:\/\/cdn.oxu.az\/uploads\/W1siZiIsIjIwMjIvMDUvMTMvMjEvMDQvMDAvYzNmMjkyOTQtOWNjZC00NTZjLTlmZGUtYjEwNGY1ZDJkNDZlL0lNRy0yMDIyMDUxMy1XQTAwNDYuanBnIl0sWyJwIiwiZW5jb2RlIiwianBnIiwiLXF1YWxpdHkgODAiXSxbInAiLCJ0aHVtYiIsIjU5MHg1OTBcdTAwM2UiXV0?sha=2c83574c9d138088\" alt=\"\" \/><\/p>\n<div class=\"gallery-i-caption\"><\/div>\n<\/div>\n<div class=\"gallery-i\"><img src=\"https:\/\/cdn.oxu.az\/uploads\/W1siZiIsIjIwMjIvMDUvMTMvMjEvMDQvMDAvZjQwZmE5N2YtNzExYi00Mzg2LWEzOTUtNmI4NGE0NTU0Njk5L0lNRy0yMDIyMDUxMy1XQTAwNDQgKDEpLmpwZyJdLFsicCIsImVuY29kZSIsImpwZyIsIi1xdWFsaXR5IDgwIl0sWyJwIiwidGh1bWIiLCI1OTB4NTkwXHUwMDNlIl1d?sha=f6d5bb0ab4e46956\" alt=\"\" \/><\/p>\n<div class=\"gallery-i-caption\"><\/div>\n<\/div>\n<div class=\"gallery-i\"><img src=\"https:\/\/cdn.oxu.az\/uploads\/W1siZiIsIjIwMjIvMDUvMTMvMjEvMDQvMDAvYmRkMTExNzgtYjYwZi00NWRmLThkMjItNjM0NzU1MjAwOTJjL0lNRy0yMDIyMDUxMy1XQTAwNDMuanBnIl0sWyJwIiwiZW5jb2RlIiwianBnIiwiLXF1YWxpdHkgODAiXSxbInAiLCJ0aHVtYiIsIjU5MHg1OTBcdTAwM2UiXV0?sha=7d11905a69408caa\" alt=\"\" \/><\/div>\n<\/div>\n","protected":false},"excerpt":{"rendered":"<p>Uruqvay\u0131n paytaxt\u0131 Montivideo \u015f\u0259h\u0259rind\u0259 Az\u0259rbaycan Respublikas\u0131n\u0131n Xarici \u0130\u015fl\u0259r Nazirliyi il\u0259 Uruqvay Xarici \u0130\u015fl\u0259r Nazirliyi aras\u0131nda n\u00f6vb\u0259ti (ikinci) siyasi m\u0259sl\u0259h\u0259tl\u0259\u015fm\u0259l\u0259r ke\u00e7irilib. Bu bar\u0259d\u0259 Xarici \u0130\u015fl\u0259r Nazirliyi m\u0259lumat yay\u0131b. N\u00fcmay\u0259nd\u0259 hey\u0259tl\u0259rin\u0259 Az\u0259rbaycan t\u0259r\u0259find\u0259n xarici i\u015fl\u0259r nazirinin m\u00fcavini Elnur M\u0259mm\u0259dov, Uruqvay t\u0259r\u0259find\u0259n is\u0259 bu \u00f6lk\u0259nin xarici i\u015fl\u0259r nazirinin m\u00fcavini Karolina A\u00e7e Batye r\u0259hb\u0259rlik edibl\u0259r. Siyasi m\u0259sl\u0259h\u0259tl\u0259\u015fm\u0259l\u0259r zaman\u0131 ikit\u0259r\u0259fli m\u00fcnasib\u0259tl\u0259rin m\u00f6vcud v\u0259ziyy\u0259ti, habel\u0259 siyasi, iqtisadi, k\u0259nd t\u0259s\u0259rr\u00fcfat\u0131, n\u0259qliyyat, enerji v\u0259 humanitar sah\u0259l\u0259rd\u0259 qar\u015f\u0131l\u0131ql\u0131 \u0259m\u0259kda\u015fl\u0131\u011f\u0131n geni\u015fl\u0259ndirilm\u0259si m\u00fczakir\u0259 edilib. Nazir m\u00fcavini E.M\u0259mm\u0259dov V\u0259t\u0259n m\u00fcharib\u0259sind\u0259n sonra b\u00f6lg\u0259d\u0259 yaranm\u0131\u015f yeni siyasi reall\u0131qlar, azad edilmi\u015f \u0259razil\u0259rimizd\u0259 apar\u0131lan b\u0259rpa v\u0259&hellip;<\/p>\n","protected":false},"author":2,"featured_media":474629,"comment_status":"closed","ping_status":"closed","sticky":false,"template":"","format":"standard","meta":{"om_disable_all_campaigns":false,"_monsterinsights_skip_tracking":false,"_monsterinsights_sitenote_active":false,"_monsterinsights_sitenote_note":"","_monsterinsights_sitenote_category":0},"categories":[4],"tags":[],"aioseo_notices":[],"gutentor_comment":0,"rttpg_featured_image_url":{"full":["https:\/\/arantv.az\/wp-content\/uploads\/2022\/05\/FotoJet-2022-05-13T210303.828.jpg",620,413,false],"landscape":["https:\/\/arantv.az\/wp-content\/uploads\/2022\/05\/FotoJet-2022-05-13T210303.828.jpg",620,413,false],"portraits":["https:\/\/arantv.az\/wp-content\/uploads\/2022\/05\/FotoJet-2022-05-13T210303.828.jpg",620,413,false],"thumbnail":["https:\/\/arantv.az\/wp-content\/uploads\/2022\/05\/FotoJet-2022-05-13T210303.828-500x280.jpg",500,280,true],"medium":["https:\/\/arantv.az\/wp-content\/uploads\/2022\/05\/FotoJet-2022-05-13T210303.828-548x365.jpg",548,365,true],"large":["https:\/\/arantv.az\/wp-content\/uploads\/2022\/05\/FotoJet-2022-05-13T210303.828.jpg",620,413,false],"1536x1536":["https:\/\/arantv.az\/wp-content\/uploads\/2022\/05\/FotoJet-2022-05-13T210303.828.jpg",620,413,false],"2048x2048":["https:\/\/arantv.az\/wp-content\/uploads\/2022\/05\/FotoJet-2022-05-13T210303.828.jpg",620,413,false],"post-thumbnail":["https:\/\/arantv.az\/wp-content\/uploads\/2022\/05\/FotoJet-2022-05-13T210303.828-240x172.jpg",240,172,true],"advps-thumb-one":["https:\/\/arantv.az\/wp-content\/uploads\/2022\/05\/FotoJet-2022-05-13T210303.828.jpg",620,413,false]},"rttpg_author":{"display_name":"V\u00fcsal Rafiqo\u011flu","author_link":"https:\/\/arantv.az\/?author=2"},"rttpg_comment":0,"rttpg_category":"<a href=\"https:\/\/arantv.az\/?cat=4\" rel=\"category\">Siyas\u0259t<\/a>","rttpg_excerpt":"Uruqvay\u0131n paytaxt\u0131 Montivideo \u015f\u0259h\u0259rind\u0259 Az\u0259rbaycan Respublikas\u0131n\u0131n Xarici \u0130\u015fl\u0259r Nazirliyi il\u0259 Uruqvay Xarici \u0130\u015fl\u0259r Nazirliyi aras\u0131nda n\u00f6vb\u0259ti (ikinci) siyasi m\u0259sl\u0259h\u0259tl\u0259\u015fm\u0259l\u0259r ke\u00e7irilib. Bu bar\u0259d\u0259 Xarici \u0130\u015fl\u0259r Nazirliyi m\u0259lumat yay\u0131b. N\u00fcmay\u0259nd\u0259 hey\u0259tl\u0259rin\u0259 Az\u0259rbaycan t\u0259r\u0259find\u0259n xarici i\u015fl\u0259r nazirinin m\u00fcavini Elnur M\u0259mm\u0259dov, Uruqvay t\u0259r\u0259find\u0259n is\u0259 bu \u00f6lk\u0259nin xarici i\u015fl\u0259r nazirinin m\u00fcavini Karolina A\u00e7e Batye r\u0259hb\u0259rlik edibl\u0259r. Siyasi m\u0259sl\u0259h\u0259tl\u0259\u015fm\u0259l\u0259r zaman\u0131 ikit\u0259r\u0259fli&hellip;","_links":{"self":[{"href":"https:\/\/arantv.az\/index.php?rest_route=\/wp\/v2\/posts\/474628"}],"collection":[{"href":"https:\/\/arantv.az\/index.php?rest_route=\/wp\/v2\/posts"}],"about":[{"href":"https:\/\/arantv.az\/index.php?rest_route=\/wp\/v2\/types\/post"}],"author":[{"embeddable":true,"href":"https:\/\/arantv.az\/index.php?rest_route=\/wp\/v2\/users\/2"}],"replies":[{"embeddable":true,"href":"https:\/\/arantv.az\/index.php?rest_route=%2Fwp%2Fv2%2Fcomments&post=474628"}],"version-history":[{"count":0,"href":"https:\/\/arantv.az\/index.php?rest_route=\/wp\/v2\/posts\/474628\/revisions"}],"wp:featuredmedia":[{"embeddable":true,"href":"https:\/\/arantv.az\/index.php?rest_route=\/wp\/v2\/media\/474629"}],"wp:attachment":[{"href":"https:\/\/arantv.az\/index.php?rest_route=%2Fwp%2Fv2%2Fmedia&parent=474628"}],"wp:term":[{"taxonomy":"category","embeddable":true,"href":"https:\/\/arantv.az\/index.php?rest_route=%2Fwp%2Fv2%2Fcategories&post=474628"},{"taxonomy":"post_tag","embeddable":true,"href":"https:\/\/arantv.az\/index.php?rest_route=%2Fwp%2Fv2%2Ftags&post=474628"}],"curies":[{"name":"wp","href":"https:\/\/api.w.org\/{rel}","templated":true}]}}