{"id":475197,"date":"2022-05-16T12:53:48","date_gmt":"2022-05-16T09:53:48","guid":{"rendered":"https:\/\/arantv.az\/?p=475197"},"modified":"2022-05-16T12:53:48","modified_gmt":"2022-05-16T09:53:48","slug":"qaradagin-bu-q%c9%99s%c9%99b%c9%99sind%c9%99-m%c9%99kt%c9%99b-yoxdur-sagirdl%c9%99r-qonsu-q%c9%99s%c9%99b%c9%99l%c9%99r%c9%99-uz-tutur","status":"publish","type":"post","link":"https:\/\/arantv.az\/?p=475197","title":{"rendered":"Qarada\u011f\u0131n bu q\u0259s\u0259b\u0259sind\u0259 m\u0259kt\u0259b yoxdur &#8211; \u015eagirdl\u0259r qon\u015fu q\u0259s\u0259b\u0259l\u0259r\u0259 \u00fcz tutur"},"content":{"rendered":"<p>Qarada\u011f rayonunun \u015eonqar q\u0259s\u0259b\u0259sind\u0259 orta m\u0259kt\u0259b yoxdur. Sakinl\u0259rin s\u00f6zl\u0259rin\u0259 g\u00f6r\u0259, t\u0259hsil oca\u011f\u0131 olmad\u0131\u011f\u0131 \u00fc\u00e7\u00fcn \u015fagirdl\u0259r qon\u015fu q\u0259s\u0259b\u0259l\u0259rd\u0259ki m\u0259kt\u0259bl\u0259r\u0259 \u00fcz tuturlar. Bu is\u0259 onlara he\u00e7 d\u0259 asan ba\u015fa g\u0259lmir. Art\u0131q b\u0259zi valideynl\u0259r \u00f6vladlar\u0131n\u0131 m\u0259kt\u0259b\u0259 g\u00f6nd\u0259rm\u0259k ist\u0259mir.<\/p>\n<p><strong>ARANTV.AZ<\/strong> x\u0259b\u0259r verir ki, m\u0259s\u0259l\u0259 il\u0259 ba\u011fl\u0131 <a href=\"http:\/\/trend.az\/\" target=\"_blank\" rel=\"noopener\">Trend<\/a>-in sor\u011fusuna cavab olaraq Bak\u0131 \u015e\u0259h\u0259r T\u0259hsil \u0130dar\u0259sind\u0259n bildirildi ki, Qarada\u011f rayonunun \u015eonqar ya\u015fay\u0131\u015f massivi Q\u0131z\u0131lda\u015f q\u0259s\u0259b\u0259sind\u0259ki 180 n\u00f6mr\u0259li tam orta m\u0259kt\u0259bd\u0259n t\u0259xmin\u0259n 2 kilometrlik m\u0259saf\u0259d\u0259 yerl\u0259\u015fir.<\/p>\n<p>&#8220;\u015eonqar ya\u015fay\u0131\u015f massivind\u0259 2004-c\u00fc il\u0259 q\u0259d\u0259r 180 n\u00f6mr\u0259li tam orta m\u0259kt\u0259bin 2 ibtidai sinfi f\u0259aliyy\u0259t g\u00f6st\u0259rib. Sonradan h\u0259min sinifl\u0259rd\u0259 \u015fagird say\u0131n\u0131n azl\u0131\u011f\u0131 s\u0259b\u0259bind\u0259n 180 n\u00f6mr\u0259li tam orta m\u0259kt\u0259bin \u0259sas binas\u0131nda sinifl\u0259rin komplektl\u0259\u015fdirilm\u0259si z\u0259rur\u0259ti yaran\u0131b.<\/p>\n<p>Qeyd ed\u0259k ki, \u015eonqar ya\u015fay\u0131\u015f massivind\u0259 m\u0259kt\u0259b tikintisi il\u0259 ba\u011fl\u0131 \u0259sasl\u0131 ehtiyac yaranarsa, m\u0259s\u0259l\u0259y\u0259 m\u00fcvafiq qaydada bax\u0131la bil\u0259r&#8221;, &#8211; nazirliyin a\u00e7\u0131qlamas\u0131nda deyilir.<\/p>\n","protected":false},"excerpt":{"rendered":"<p>Qarada\u011f rayonunun \u015eonqar q\u0259s\u0259b\u0259sind\u0259 orta m\u0259kt\u0259b yoxdur. Sakinl\u0259rin s\u00f6zl\u0259rin\u0259 g\u00f6r\u0259, t\u0259hsil oca\u011f\u0131 olmad\u0131\u011f\u0131 \u00fc\u00e7\u00fcn \u015fagirdl\u0259r qon\u015fu q\u0259s\u0259b\u0259l\u0259rd\u0259ki m\u0259kt\u0259bl\u0259r\u0259 \u00fcz tuturlar. Bu is\u0259 onlara he\u00e7 d\u0259 asan ba\u015fa g\u0259lmir. Art\u0131q b\u0259zi valideynl\u0259r \u00f6vladlar\u0131n\u0131 m\u0259kt\u0259b\u0259 g\u00f6nd\u0259rm\u0259k ist\u0259mir. ARANTV.AZ x\u0259b\u0259r verir ki, m\u0259s\u0259l\u0259 il\u0259 ba\u011fl\u0131 Trend-in sor\u011fusuna cavab olaraq Bak\u0131 \u015e\u0259h\u0259r T\u0259hsil \u0130dar\u0259sind\u0259n bildirildi ki, Qarada\u011f rayonunun \u015eonqar ya\u015fay\u0131\u015f massivi Q\u0131z\u0131lda\u015f q\u0259s\u0259b\u0259sind\u0259ki 180 n\u00f6mr\u0259li tam orta m\u0259kt\u0259bd\u0259n t\u0259xmin\u0259n 2 kilometrlik m\u0259saf\u0259d\u0259 yerl\u0259\u015fir. &#8220;\u015eonqar ya\u015fay\u0131\u015f massivind\u0259 2004-c\u00fc il\u0259 q\u0259d\u0259r 180 n\u00f6mr\u0259li tam orta m\u0259kt\u0259bin 2 ibtidai sinfi f\u0259aliyy\u0259t g\u00f6st\u0259rib. Sonradan h\u0259min sinifl\u0259rd\u0259 \u015fagird say\u0131n\u0131n&hellip;<\/p>\n","protected":false},"author":2,"featured_media":475198,"comment_status":"closed","ping_status":"closed","sticky":false,"template":"","format":"standard","meta":{"om_disable_all_campaigns":false,"_monsterinsights_skip_tracking":false,"_monsterinsights_sitenote_active":false,"_monsterinsights_sitenote_note":"","_monsterinsights_sitenote_category":0},"categories":[1],"tags":[],"aioseo_notices":[],"gutentor_comment":0,"rttpg_featured_image_url":{"full":["https:\/\/arantv.az\/wp-content\/uploads\/2022\/05\/1042752.jpg",500,314,false],"landscape":["https:\/\/arantv.az\/wp-content\/uploads\/2022\/05\/1042752.jpg",500,314,false],"portraits":["https:\/\/arantv.az\/wp-content\/uploads\/2022\/05\/1042752.jpg",500,314,false],"thumbnail":["https:\/\/arantv.az\/wp-content\/uploads\/2022\/05\/1042752-500x280.jpg",500,280,true],"medium":["https:\/\/arantv.az\/wp-content\/uploads\/2022\/05\/1042752.jpg",500,314,false],"large":["https:\/\/arantv.az\/wp-content\/uploads\/2022\/05\/1042752.jpg",500,314,false],"1536x1536":["https:\/\/arantv.az\/wp-content\/uploads\/2022\/05\/1042752.jpg",500,314,false],"2048x2048":["https:\/\/arantv.az\/wp-content\/uploads\/2022\/05\/1042752.jpg",500,314,false],"post-thumbnail":["https:\/\/arantv.az\/wp-content\/uploads\/2022\/05\/1042752-240x172.jpg",240,172,true],"advps-thumb-one":["https:\/\/arantv.az\/wp-content\/uploads\/2022\/05\/1042752.jpg",500,314,false]},"rttpg_author":{"display_name":"V\u00fcsal Rafiqo\u011flu","author_link":"https:\/\/arantv.az\/?author=2"},"rttpg_comment":0,"rttpg_category":"<a href=\"https:\/\/arantv.az\/?cat=1\" rel=\"category\">C\u0259miyy\u0259t<\/a>","rttpg_excerpt":"Qarada\u011f rayonunun \u015eonqar q\u0259s\u0259b\u0259sind\u0259 orta m\u0259kt\u0259b yoxdur. Sakinl\u0259rin s\u00f6zl\u0259rin\u0259 g\u00f6r\u0259, t\u0259hsil oca\u011f\u0131 olmad\u0131\u011f\u0131 \u00fc\u00e7\u00fcn \u015fagirdl\u0259r qon\u015fu q\u0259s\u0259b\u0259l\u0259rd\u0259ki m\u0259kt\u0259bl\u0259r\u0259 \u00fcz tuturlar. Bu is\u0259 onlara he\u00e7 d\u0259 asan ba\u015fa g\u0259lmir. Art\u0131q b\u0259zi valideynl\u0259r \u00f6vladlar\u0131n\u0131 m\u0259kt\u0259b\u0259 g\u00f6nd\u0259rm\u0259k ist\u0259mir. ARANTV.AZ x\u0259b\u0259r verir ki, m\u0259s\u0259l\u0259 il\u0259 ba\u011fl\u0131 Trend-in sor\u011fusuna cavab olaraq Bak\u0131 \u015e\u0259h\u0259r T\u0259hsil \u0130dar\u0259sind\u0259n bildirildi ki, Qarada\u011f rayonunun \u015eonqar&hellip;","_links":{"self":[{"href":"https:\/\/arantv.az\/index.php?rest_route=\/wp\/v2\/posts\/475197"}],"collection":[{"href":"https:\/\/arantv.az\/index.php?rest_route=\/wp\/v2\/posts"}],"about":[{"href":"https:\/\/arantv.az\/index.php?rest_route=\/wp\/v2\/types\/post"}],"author":[{"embeddable":true,"href":"https:\/\/arantv.az\/index.php?rest_route=\/wp\/v2\/users\/2"}],"replies":[{"embeddable":true,"href":"https:\/\/arantv.az\/index.php?rest_route=%2Fwp%2Fv2%2Fcomments&post=475197"}],"version-history":[{"count":0,"href":"https:\/\/arantv.az\/index.php?rest_route=\/wp\/v2\/posts\/475197\/revisions"}],"wp:featuredmedia":[{"embeddable":true,"href":"https:\/\/arantv.az\/index.php?rest_route=\/wp\/v2\/media\/475198"}],"wp:attachment":[{"href":"https:\/\/arantv.az\/index.php?rest_route=%2Fwp%2Fv2%2Fmedia&parent=475197"}],"wp:term":[{"taxonomy":"category","embeddable":true,"href":"https:\/\/arantv.az\/index.php?rest_route=%2Fwp%2Fv2%2Fcategories&post=475197"},{"taxonomy":"post_tag","embeddable":true,"href":"https:\/\/arantv.az\/index.php?rest_route=%2Fwp%2Fv2%2Ftags&post=475197"}],"curies":[{"name":"wp","href":"https:\/\/api.w.org\/{rel}","templated":true}]}}