{"id":475200,"date":"2022-05-16T12:54:53","date_gmt":"2022-05-16T09:54:53","guid":{"rendered":"https:\/\/arantv.az\/?p=475200"},"modified":"2022-05-16T12:54:53","modified_gmt":"2022-05-16T09:54:53","slug":"11-illik-h%c9%99bs-c%c9%99zasi-almis-sabiq-basci-bar%c9%99sind%c9%99ki-hokmd%c9%99n-narazidir","status":"publish","type":"post","link":"https:\/\/arantv.az\/?p=475200","title":{"rendered":"11 illik h\u0259bs c\u0259zas\u0131 alm\u0131\u015f sabiq ba\u015f\u00e7\u0131 bar\u0259sind\u0259ki h\u00f6kmd\u0259n naraz\u0131d\u0131r"},"content":{"rendered":"<p>11 il m\u00fcdd\u0259tin\u0259 azadl\u0131qdan m\u0259hrum edilmi\u015f Bil\u0259suvar\u0131n ke\u00e7mi\u015f icra ba\u015f\u00e7\u0131s\u0131 Mahir Quliyev bar\u0259sind\u0259ki h\u00f6kmd\u0259n naraz\u0131d\u0131r.<\/p>\n<div class=\"AdviadNativeVideo\"><\/div>\n<p>\u201cKriminalqafqaz\u201d x\u0259b\u0259r verir ki, onun v\u0259kili Ceyhun Yusifov q\u0259rardan apellyasiya \u015fikay\u0259ti verib.<\/p>\n<p>M\u00fcdafi\u0259\u00e7i \u015eirvan Apellyasiya M\u0259hk\u0259m\u0259sin\u0259 t\u0259qdim etdiyi \u0259riz\u0259d\u0259 sabiq ba\u015f\u00e7\u0131ya b\u0259ra\u0259t verilm\u0259sini v\u0259 m\u00fcsadir\u0259 olunmu\u015f \u0259mlaklar\u0131n\u0131n \u00f6z\u00fcn\u0259 qaytar\u0131lmas\u0131n\u0131 ist\u0259yib.<\/p>\n<p>Qeyd ed\u0259k ki, Mahir Quliyev 2011-2020-ci ill\u0259rd\u0259 Bil\u0259suvar\u0131n icra ba\u015f\u00e7\u0131s\u0131 i\u015fl\u0259yib. 2020-ci il aprelin 29-da DTX-nin ke\u00e7irdiyi \u0259m\u0259liyyatla saxlan\u0131l\u0131b. O, m\u0259nims\u0259m\u0259 v\u0259 israf etm\u0259, v\u0259zif\u0259 s\u0259lahiyy\u0259tl\u0259rind\u0259n sui-istifad\u0259 etm\u0259, r\u00fc\u015fv\u0259t alma v\u0259 v\u0259zif\u0259 saxtakarl\u0131\u011f\u0131nda ittiham olunub.<\/p>\n<p>L\u0259nk\u0259ran A\u011f\u0131r Cinay\u0259tl\u0259r M\u0259hk\u0259m\u0259sinin h\u00f6km\u00fc il\u0259 11 il m\u00fcdd\u0259t\u0259 azadl\u0131qdan m\u0259hrum edilib, \u0259mlaklar\u0131 m\u00fcsadir\u0259 olunub. Bil\u0259suvar R\u0130H-\u0259 vurdu\u011fu 3,2 milyon manat v\u0259 DOST m\u0259rk\u0259zin\u0259 d\u0259ymi\u015f 125 min manatl\u0131q m\u00fclki iddian\u0131n \u00f6d\u0259nilm\u0259si il\u0259 ba\u011fl\u0131 q\u0259rar \u00e7\u0131xar\u0131l\u0131b.<\/p>\n","protected":false},"excerpt":{"rendered":"<p>11 il m\u00fcdd\u0259tin\u0259 azadl\u0131qdan m\u0259hrum edilmi\u015f Bil\u0259suvar\u0131n ke\u00e7mi\u015f icra ba\u015f\u00e7\u0131s\u0131 Mahir Quliyev bar\u0259sind\u0259ki h\u00f6kmd\u0259n naraz\u0131d\u0131r. \u201cKriminalqafqaz\u201d x\u0259b\u0259r verir ki, onun v\u0259kili Ceyhun Yusifov q\u0259rardan apellyasiya \u015fikay\u0259ti verib. M\u00fcdafi\u0259\u00e7i \u015eirvan Apellyasiya M\u0259hk\u0259m\u0259sin\u0259 t\u0259qdim etdiyi \u0259riz\u0259d\u0259 sabiq ba\u015f\u00e7\u0131ya b\u0259ra\u0259t verilm\u0259sini v\u0259 m\u00fcsadir\u0259 olunmu\u015f \u0259mlaklar\u0131n\u0131n \u00f6z\u00fcn\u0259 qaytar\u0131lmas\u0131n\u0131 ist\u0259yib. Qeyd ed\u0259k ki, Mahir Quliyev 2011-2020-ci ill\u0259rd\u0259 Bil\u0259suvar\u0131n icra ba\u015f\u00e7\u0131s\u0131 i\u015fl\u0259yib. 2020-ci il aprelin 29-da DTX-nin ke\u00e7irdiyi \u0259m\u0259liyyatla saxlan\u0131l\u0131b. O, m\u0259nims\u0259m\u0259 v\u0259 israf etm\u0259, v\u0259zif\u0259 s\u0259lahiyy\u0259tl\u0259rind\u0259n sui-istifad\u0259 etm\u0259, r\u00fc\u015fv\u0259t alma v\u0259 v\u0259zif\u0259 saxtakarl\u0131\u011f\u0131nda ittiham olunub. L\u0259nk\u0259ran A\u011f\u0131r Cinay\u0259tl\u0259r M\u0259hk\u0259m\u0259sinin h\u00f6km\u00fc il\u0259 11 il m\u00fcdd\u0259t\u0259 azadl\u0131qdan&hellip;<\/p>\n","protected":false},"author":2,"featured_media":475201,"comment_status":"closed","ping_status":"closed","sticky":false,"template":"","format":"standard","meta":{"om_disable_all_campaigns":false,"_monsterinsights_skip_tracking":false,"_monsterinsights_sitenote_active":false,"_monsterinsights_sitenote_note":"","_monsterinsights_sitenote_category":0},"categories":[5],"tags":[],"aioseo_notices":[],"gutentor_comment":0,"rttpg_featured_image_url":{"full":["https:\/\/arantv.az\/wp-content\/uploads\/2022\/05\/FotoJet-2022-01-06T112407.449.jpg",620,413,false],"landscape":["https:\/\/arantv.az\/wp-content\/uploads\/2022\/05\/FotoJet-2022-01-06T112407.449.jpg",620,413,false],"portraits":["https:\/\/arantv.az\/wp-content\/uploads\/2022\/05\/FotoJet-2022-01-06T112407.449.jpg",620,413,false],"thumbnail":["https:\/\/arantv.az\/wp-content\/uploads\/2022\/05\/FotoJet-2022-01-06T112407.449-500x280.jpg",500,280,true],"medium":["https:\/\/arantv.az\/wp-content\/uploads\/2022\/05\/FotoJet-2022-01-06T112407.449-548x365.jpg",548,365,true],"large":["https:\/\/arantv.az\/wp-content\/uploads\/2022\/05\/FotoJet-2022-01-06T112407.449.jpg",620,413,false],"1536x1536":["https:\/\/arantv.az\/wp-content\/uploads\/2022\/05\/FotoJet-2022-01-06T112407.449.jpg",620,413,false],"2048x2048":["https:\/\/arantv.az\/wp-content\/uploads\/2022\/05\/FotoJet-2022-01-06T112407.449.jpg",620,413,false],"post-thumbnail":["https:\/\/arantv.az\/wp-content\/uploads\/2022\/05\/FotoJet-2022-01-06T112407.449-240x172.jpg",240,172,true],"advps-thumb-one":["https:\/\/arantv.az\/wp-content\/uploads\/2022\/05\/FotoJet-2022-01-06T112407.449.jpg",620,413,false]},"rttpg_author":{"display_name":"V\u00fcsal Rafiqo\u011flu","author_link":"https:\/\/arantv.az\/?author=2"},"rttpg_comment":0,"rttpg_category":"<a href=\"https:\/\/arantv.az\/?cat=5\" rel=\"category\">Hadis\u0259<\/a>","rttpg_excerpt":"11 il m\u00fcdd\u0259tin\u0259 azadl\u0131qdan m\u0259hrum edilmi\u015f Bil\u0259suvar\u0131n ke\u00e7mi\u015f icra ba\u015f\u00e7\u0131s\u0131 Mahir Quliyev bar\u0259sind\u0259ki h\u00f6kmd\u0259n naraz\u0131d\u0131r. \u201cKriminalqafqaz\u201d x\u0259b\u0259r verir ki, onun v\u0259kili Ceyhun Yusifov q\u0259rardan apellyasiya \u015fikay\u0259ti verib. M\u00fcdafi\u0259\u00e7i \u015eirvan Apellyasiya M\u0259hk\u0259m\u0259sin\u0259 t\u0259qdim etdiyi \u0259riz\u0259d\u0259 sabiq ba\u015f\u00e7\u0131ya b\u0259ra\u0259t verilm\u0259sini v\u0259 m\u00fcsadir\u0259 olunmu\u015f \u0259mlaklar\u0131n\u0131n \u00f6z\u00fcn\u0259 qaytar\u0131lmas\u0131n\u0131 ist\u0259yib. Qeyd ed\u0259k ki, Mahir Quliyev 2011-2020-ci ill\u0259rd\u0259 Bil\u0259suvar\u0131n icra ba\u015f\u00e7\u0131s\u0131&hellip;","_links":{"self":[{"href":"https:\/\/arantv.az\/index.php?rest_route=\/wp\/v2\/posts\/475200"}],"collection":[{"href":"https:\/\/arantv.az\/index.php?rest_route=\/wp\/v2\/posts"}],"about":[{"href":"https:\/\/arantv.az\/index.php?rest_route=\/wp\/v2\/types\/post"}],"author":[{"embeddable":true,"href":"https:\/\/arantv.az\/index.php?rest_route=\/wp\/v2\/users\/2"}],"replies":[{"embeddable":true,"href":"https:\/\/arantv.az\/index.php?rest_route=%2Fwp%2Fv2%2Fcomments&post=475200"}],"version-history":[{"count":0,"href":"https:\/\/arantv.az\/index.php?rest_route=\/wp\/v2\/posts\/475200\/revisions"}],"wp:featuredmedia":[{"embeddable":true,"href":"https:\/\/arantv.az\/index.php?rest_route=\/wp\/v2\/media\/475201"}],"wp:attachment":[{"href":"https:\/\/arantv.az\/index.php?rest_route=%2Fwp%2Fv2%2Fmedia&parent=475200"}],"wp:term":[{"taxonomy":"category","embeddable":true,"href":"https:\/\/arantv.az\/index.php?rest_route=%2Fwp%2Fv2%2Fcategories&post=475200"},{"taxonomy":"post_tag","embeddable":true,"href":"https:\/\/arantv.az\/index.php?rest_route=%2Fwp%2Fv2%2Ftags&post=475200"}],"curies":[{"name":"wp","href":"https:\/\/api.w.org\/{rel}","templated":true}]}}