{"id":475214,"date":"2022-05-16T13:12:06","date_gmt":"2022-05-16T10:12:06","guid":{"rendered":"https:\/\/arantv.az\/?p=475214"},"modified":"2022-05-16T13:12:06","modified_gmt":"2022-05-16T10:12:06","slug":"ady-d%c9%99n-aciqlama-b%c9%99zi-%c9%99m%c9%99kdaslara-maaslarinin-bes-misli-q%c9%99d%c9%99rind%c9%99-muavin%c9%99t-od%c9%99nil%c9%99c%c9%99k","status":"publish","type":"post","link":"https:\/\/arantv.az\/?p=475214","title":{"rendered":"ADY-d\u0259n a\u00e7\u0131qlama: \u201cB\u0259zi \u0259m\u0259kda\u015flara maa\u015flar\u0131n\u0131n be\u015f misli q\u0259d\u0259rind\u0259 m\u00fcavin\u0259t \u00f6d\u0259nil\u0259c\u0259k\u201d"},"content":{"rendered":"<p>\u201c\u00d6lk\u0259mizd\u0259 pandemiyan\u0131n t\u0259sirl\u0259ri \u201cAz\u0259rbaycan D\u0259mir Yollar\u0131\u201d Qapal\u0131 S\u0259hmdar C\u0259miyy\u0259tinin (ADY) dig\u0259r sah\u0259l\u0259ri il\u0259 yana\u015f\u0131, S\u0259rni\u015fin Da\u015f\u0131malar\u0131 Departamentinin \u0259sas f\u0259aliyy\u0259t istiqam\u0259ti olan d\u0259miryolu n\u0259qliyyat\u0131 il\u0259 s\u0259rni\u015finda\u015f\u0131ma xidm\u0259tl\u0259rinin h\u0259yata ke\u00e7irilm\u0259sin\u0259 t\u0259sirl\u0259r formala\u015fd\u0131r\u0131b, el\u0259c\u0259 d\u0259 \u00f6lk\u0259daxili v\u0259 beyn\u0259lxalq s\u0259rni\u015fin da\u015f\u0131malar\u0131nda m\u00fc\u0259yy\u0259n m\u0259hdudiyy\u0259tl\u0259rin t\u0259tbiq olunmas\u0131na s\u0259b\u0259b olunub\u201d.<\/p>\n<p><strong>ARANTV.AZ <\/strong>\u00a0x\u0259b\u0259r verir ki, bu bar\u0259d\u0259 \u201cAz\u0259rbaycan D\u0259mir Yollar\u0131\u201d QSC-nin yayd\u0131\u011f\u0131 m\u0259lumatda qeyd olunub.<\/p>\n<div class=\"AdviadNativeVideo\"><\/div>\n<p>Bildirilib ki, h\u0259min t\u0259sirl\u0259r fonunda i\u015f h\u0259cminin v\u0259 \u0259m\u0259yin intensivliyinin azalmas\u0131 bir s\u0131ra i\u015f\u00e7il\u0259rin f\u0259aliyy\u0259tsiz qalmas\u0131na, uzunm\u00fcdd\u0259tli bo\u015fdayanma hallar\u0131n\u0131n ba\u015f verm\u0259sin\u0259 g\u0259tirib \u00e7\u0131xar\u0131b. Buna baxmayaraq, aidiyy\u0259ti d\u00f6vl\u0259t qurumlar\u0131n\u0131n t\u00f6vsiy\u0259l\u0259ri n\u0259z\u0259r\u0259 al\u0131naraq pandemiya d\u00f6vr\u00fcnd\u0259 h\u0259min i\u015f\u00e7il\u0259r\u0259 qar\u015f\u0131l\u0131qs\u0131z olaraq \u0259m\u0259khaqlar\u0131n\u0131n tam\u00a0\u00f6d\u0259nilm\u0259si t\u0259min edilib.<\/p>\n<p>\u201cM\u0259lumat \u00fc\u00e7\u00fcn bildir\u0259k ki, \u201cAz\u0259rbaycan D\u0259mir Yollar\u0131\u201d QSC-d\u0259 18 mind\u0259n \u00e7ox i\u015f\u00e7i hey\u0259ti var. Pandemiya m\u00fcdd\u0259tind\u0259 yaln\u0131z 2000-\u0259 (iki min\u0259) yax\u0131n i\u015f\u00e7i \u0259m\u0259k f\u0259aliyy\u0259tind\u0259 olmay\u0131b v\u0259 h\u0259min \u015f\u0259xsl\u0259r\u0259 pandemiya ba\u015flad\u0131\u011f\u0131 tarixd\u0259n son d\u00f6vrl\u0259r\u0259 kimi b\u00fct\u00fcn aylar \u00fczr\u0259 \u00fcmumilikd\u0259 10 000 000 (on milyon) manatdan art\u0131q v\u0259saiti \u0259hat\u0259 ed\u0259n \u0259m\u0259khaqq\u0131 \u00f6d\u0259nilib.<\/p>\n<p>Bundan \u0259lav\u0259, yoluxman\u0131n y\u00fcks\u0259k oldu\u011fu m\u00fcxt\u0259lif d\u00f6vrl\u0259rd\u0259 istehsalat\u0131n fasil\u0259sizliyi t\u0259min edilm\u0259kl\u0259 \u0259m\u0259kda\u015flar\u0131n n\u00f6vb\u0259li \u015f\u0259kild\u0259 30% v\u0259 ya 50% i\u015f\u0259 c\u0259lb edilm\u0259si zaman\u0131 da b\u00fct\u00fcn \u0259m\u0259kda\u015flar\u0131n \u0259m\u0259khaqlar\u0131n\u0131n tam m\u0259bl\u0259\u011fd\u0259 \u00f6d\u0259nilm\u0259si h\u0259yata ke\u00e7irilib.<\/p>\n<p>Haz\u0131rk\u0131 m\u00fchit yaranm\u0131\u015f \u0259v\u0259zi \u00f6d\u0259nilm\u0259y\u0259n \u00f6hd\u0259likl\u0259rin qar\u015f\u0131s\u0131n\u0131n al\u0131nmas\u0131n\u0131, ADY-d\u0259 borclar\u0131n restrukturizasiyas\u0131na t\u0259sirl\u0259rin minimalla\u015fd\u0131r\u0131lmas\u0131n\u0131, m\u00fcvafiq f\u0259aliyy\u0259tinin daha optimal h\u0259cmd\u0259 resurs s\u0259rf etm\u0259kl\u0259 h\u0259yata ke\u00e7irilm\u0259sini, i\u015f\u00e7il\u0259rin say\u0131n\u0131n i\u015fin h\u0259cmin\u0259 uy\u011funla\u015fd\u0131r\u0131lmas\u0131n\u0131 v\u0259 kadr potensial\u0131n\u0131n buna m\u00fct\u0259nasib optimalla\u015fd\u0131r\u0131lmas\u0131n\u0131 z\u0259ruri edib.<\/p>\n<p>Bununla ba\u011fl\u0131 Az\u0259rbaycan Respublikas\u0131 \u018fm\u0259k M\u0259c\u0259ll\u0259sinin 169-cu madd\u0259sin\u0259 uy\u011fun olaraq f\u0259aliyy\u0259tsiz qalm\u0131\u015f i\u015f\u00e7il\u0259rin bo\u015fdayanma vaxt\u0131 h\u0259min i\u015f\u00e7il\u0259r \u00fc\u00e7\u00fcn m\u00fc\u0259yy\u0259n edilib, d\u0259r\u0259c\u0259nin tarif (v\u0259zif\u0259) maa\u015f\u0131n\u0131n \u00fc\u00e7d\u0259iki hiss\u0259si m\u0259bl\u0259\u011find\u0259 \u00f6d\u0259ni\u015fin t\u0259tbiqin\u0259 ba\u015flan\u0131l\u0131b v\u0259 s\u00f6z\u00fcged\u0259n b\u00fct\u00fcn t\u0259dbirl\u0259rin \u0259m\u0259k qanunvericiliyinin t\u0259l\u0259bl\u0259rin\u0259 tam riay\u0259t olunmaqla h\u0259yata ke\u00e7irilm\u0259si t\u0259min edilib.<\/p>\n<p>Qeyd olunanlarla yana\u015f\u0131, f\u0259aliyy\u0259tsiz qalm\u0131\u015f v\u0259 s\u0259rb\u0259stl\u0259\u015fm\u0259 riski olan \u0259m\u0259kda\u015flar\u0131n sonrak\u0131 m\u0259\u015f\u011fullu\u011funun t\u0259min edilm\u0259sin\u0259 laz\u0131mi d\u0259st\u0259yin verilm\u0259si m\u0259qs\u0259dil\u0259 aidiyy\u0259ti d\u00f6vl\u0259t qurumlar\u0131 il\u0259 dan\u0131\u015f\u0131qlar apar\u0131l\u0131b v\u0259 bu \u0259m\u0259kda\u015flar\u0131n \u201cDOST\u201d \u0130\u015f M\u0259rk\u0259zi t\u0259r\u0259find\u0259n m\u00fcvafiq i\u015fl\u0259r\u0259 c\u0259lb edilm\u0259sin\u0259 dair raz\u0131l\u0131q \u0259ld\u0259 edilib.<\/p>\n<p>M\u0259lumat \u00fc\u00e7\u00fcn bildirilir ki, f\u0259aliyy\u0259tsiz qalm\u0131\u015f \u0259m\u0259kda\u015flar\u0131n yeni quruma ke\u00e7idi zaman\u0131 bo\u015fdayanma zaman\u0131 alacaqlar\u0131 \u0259m\u0259khaqq\u0131na (tarif (v\u0259zif\u0259) maa\u015f\u0131n\u0131n \u00fc\u00e7d\u0259 iki hiss\u0259si m\u0259bl\u0259\u011find\u0259) yax\u0131n v\u0259 ya daha yuxar\u0131 \u0259m\u0259khaqq\u0131n\u0131n \u00f6d\u0259nilm\u0259si t\u0259min edil\u0259c\u0259k.<\/p>\n<p>Eyni zamanda, sosial dayan\u0131ql\u0131l\u0131\u011f\u0131n t\u0259min edilm\u0259si m\u0259qs\u0259dil\u0259 s\u00f6z\u00fcged\u0259n \u0259m\u0259kda\u015flar\u0131n \u201cDOST\u201d \u0130\u015f M\u0259rk\u0259zin\u0259 ke\u00e7idi zaman\u0131 onlara v\u0259zif\u0259 (tarif) maa\u015flar\u0131n\u0131n be\u015f misli miqdar\u0131nda bird\u0259f\u0259lik m\u00fcavin\u0259tin \u00f6d\u0259nilm\u0259si n\u0259z\u0259rd\u0259 tutulub\u201d, &#8211; \u015firk\u0259tin m\u0259lumat\u0131nda qeyd olunur.<\/p>\n","protected":false},"excerpt":{"rendered":"<p>\u201c\u00d6lk\u0259mizd\u0259 pandemiyan\u0131n t\u0259sirl\u0259ri \u201cAz\u0259rbaycan D\u0259mir Yollar\u0131\u201d Qapal\u0131 S\u0259hmdar C\u0259miyy\u0259tinin (ADY) dig\u0259r sah\u0259l\u0259ri il\u0259 yana\u015f\u0131, S\u0259rni\u015fin Da\u015f\u0131malar\u0131 Departamentinin \u0259sas f\u0259aliyy\u0259t istiqam\u0259ti olan d\u0259miryolu n\u0259qliyyat\u0131 il\u0259 s\u0259rni\u015finda\u015f\u0131ma xidm\u0259tl\u0259rinin h\u0259yata ke\u00e7irilm\u0259sin\u0259 t\u0259sirl\u0259r formala\u015fd\u0131r\u0131b, el\u0259c\u0259 d\u0259 \u00f6lk\u0259daxili v\u0259 beyn\u0259lxalq s\u0259rni\u015fin da\u015f\u0131malar\u0131nda m\u00fc\u0259yy\u0259n m\u0259hdudiyy\u0259tl\u0259rin t\u0259tbiq olunmas\u0131na s\u0259b\u0259b olunub\u201d. ARANTV.AZ \u00a0x\u0259b\u0259r verir ki, bu bar\u0259d\u0259 \u201cAz\u0259rbaycan D\u0259mir Yollar\u0131\u201d QSC-nin yayd\u0131\u011f\u0131 m\u0259lumatda qeyd olunub. Bildirilib ki, h\u0259min t\u0259sirl\u0259r fonunda i\u015f h\u0259cminin v\u0259 \u0259m\u0259yin intensivliyinin azalmas\u0131 bir s\u0131ra i\u015f\u00e7il\u0259rin f\u0259aliyy\u0259tsiz qalmas\u0131na, uzunm\u00fcdd\u0259tli bo\u015fdayanma hallar\u0131n\u0131n ba\u015f verm\u0259sin\u0259 g\u0259tirib \u00e7\u0131xar\u0131b. Buna baxmayaraq, aidiyy\u0259ti d\u00f6vl\u0259t qurumlar\u0131n\u0131n t\u00f6vsiy\u0259l\u0259ri n\u0259z\u0259r\u0259 al\u0131naraq pandemiya d\u00f6vr\u00fcnd\u0259&hellip;<\/p>\n","protected":false},"author":2,"featured_media":297203,"comment_status":"closed","ping_status":"closed","sticky":false,"template":"","format":"standard","meta":{"om_disable_all_campaigns":false,"_monsterinsights_skip_tracking":false,"_monsterinsights_sitenote_active":false,"_monsterinsights_sitenote_note":"","_monsterinsights_sitenote_category":0},"categories":[1],"tags":[],"aioseo_notices":[],"gutentor_comment":0,"rttpg_featured_image_url":{"full":["https:\/\/arantv.az\/wp-content\/uploads\/2021\/02\/sekil-demir-yol.jpg",620,335,false],"landscape":["https:\/\/arantv.az\/wp-content\/uploads\/2021\/02\/sekil-demir-yol.jpg",620,335,false],"portraits":["https:\/\/arantv.az\/wp-content\/uploads\/2021\/02\/sekil-demir-yol.jpg",620,335,false],"thumbnail":["https:\/\/arantv.az\/wp-content\/uploads\/2021\/02\/sekil-demir-yol-150x150.jpg",150,150,true],"medium":["https:\/\/arantv.az\/wp-content\/uploads\/2021\/02\/sekil-demir-yol-300x162.jpg",300,162,true],"large":["https:\/\/arantv.az\/wp-content\/uploads\/2021\/02\/sekil-demir-yol.jpg",620,335,false],"1536x1536":["https:\/\/arantv.az\/wp-content\/uploads\/2021\/02\/sekil-demir-yol.jpg",620,335,false],"2048x2048":["https:\/\/arantv.az\/wp-content\/uploads\/2021\/02\/sekil-demir-yol.jpg",620,335,false],"post-thumbnail":["https:\/\/arantv.az\/wp-content\/uploads\/2021\/02\/sekil-demir-yol-240x172.jpg",240,172,true],"advps-thumb-one":["https:\/\/arantv.az\/wp-content\/uploads\/2021\/02\/sekil-demir-yol.jpg",620,335,false]},"rttpg_author":{"display_name":"V\u00fcsal Rafiqo\u011flu","author_link":"https:\/\/arantv.az\/?author=2"},"rttpg_comment":0,"rttpg_category":"<a href=\"https:\/\/arantv.az\/?cat=1\" rel=\"category\">C\u0259miyy\u0259t<\/a>","rttpg_excerpt":"\u201c\u00d6lk\u0259mizd\u0259 pandemiyan\u0131n t\u0259sirl\u0259ri \u201cAz\u0259rbaycan D\u0259mir Yollar\u0131\u201d Qapal\u0131 S\u0259hmdar C\u0259miyy\u0259tinin (ADY) dig\u0259r sah\u0259l\u0259ri il\u0259 yana\u015f\u0131, S\u0259rni\u015fin Da\u015f\u0131malar\u0131 Departamentinin \u0259sas f\u0259aliyy\u0259t istiqam\u0259ti olan d\u0259miryolu n\u0259qliyyat\u0131 il\u0259 s\u0259rni\u015finda\u015f\u0131ma xidm\u0259tl\u0259rinin h\u0259yata ke\u00e7irilm\u0259sin\u0259 t\u0259sirl\u0259r formala\u015fd\u0131r\u0131b, el\u0259c\u0259 d\u0259 \u00f6lk\u0259daxili v\u0259 beyn\u0259lxalq s\u0259rni\u015fin da\u015f\u0131malar\u0131nda m\u00fc\u0259yy\u0259n m\u0259hdudiyy\u0259tl\u0259rin t\u0259tbiq olunmas\u0131na s\u0259b\u0259b olunub\u201d. ARANTV.AZ \u00a0x\u0259b\u0259r verir ki, bu bar\u0259d\u0259 \u201cAz\u0259rbaycan D\u0259mir Yollar\u0131\u201d QSC-nin yayd\u0131\u011f\u0131 m\u0259lumatda&hellip;","_links":{"self":[{"href":"https:\/\/arantv.az\/index.php?rest_route=\/wp\/v2\/posts\/475214"}],"collection":[{"href":"https:\/\/arantv.az\/index.php?rest_route=\/wp\/v2\/posts"}],"about":[{"href":"https:\/\/arantv.az\/index.php?rest_route=\/wp\/v2\/types\/post"}],"author":[{"embeddable":true,"href":"https:\/\/arantv.az\/index.php?rest_route=\/wp\/v2\/users\/2"}],"replies":[{"embeddable":true,"href":"https:\/\/arantv.az\/index.php?rest_route=%2Fwp%2Fv2%2Fcomments&post=475214"}],"version-history":[{"count":0,"href":"https:\/\/arantv.az\/index.php?rest_route=\/wp\/v2\/posts\/475214\/revisions"}],"wp:featuredmedia":[{"embeddable":true,"href":"https:\/\/arantv.az\/index.php?rest_route=\/wp\/v2\/media\/297203"}],"wp:attachment":[{"href":"https:\/\/arantv.az\/index.php?rest_route=%2Fwp%2Fv2%2Fmedia&parent=475214"}],"wp:term":[{"taxonomy":"category","embeddable":true,"href":"https:\/\/arantv.az\/index.php?rest_route=%2Fwp%2Fv2%2Fcategories&post=475214"},{"taxonomy":"post_tag","embeddable":true,"href":"https:\/\/arantv.az\/index.php?rest_route=%2Fwp%2Fv2%2Ftags&post=475214"}],"curies":[{"name":"wp","href":"https:\/\/api.w.org\/{rel}","templated":true}]}}