{"id":475216,"date":"2022-05-16T13:17:35","date_gmt":"2022-05-16T10:17:35","guid":{"rendered":"https:\/\/arantv.az\/?p=475216"},"modified":"2022-05-16T13:17:35","modified_gmt":"2022-05-16T10:17:35","slug":"sibel-canin-konsertind%c9%99-s%c9%99hidl%c9%99rimizin-xatir%c9%99si-yad-edildi","status":"publish","type":"post","link":"https:\/\/arantv.az\/?p=475216","title":{"rendered":"Sibel Can\u0131n konsertind\u0259 \u015f\u0259hidl\u0259rimizin xatir\u0259si yad edildi"},"content":{"rendered":"<p>T\u00fcrkiy\u0259nin m\u0259\u015fhur m\u00fc\u011f\u0259nnisi Sibel Can\u0131n g\u00f6zl\u0259nil\u0259n solo konserti ba\u015f tutub. <strong>ARANTV.AZ<\/strong> x\u0259b\u0259r verir ki, Bak\u0131 Konqres M\u0259rk\u0259zind\u0259 ke\u00e7iril\u0259n gec\u0259 &#8220;Peachline&#8221; v\u0259 &#8220;Kevents Group&#8221;un t\u0259\u015fkilat\u00e7\u0131l\u0131\u011f\u0131 il\u0259 \u0259rs\u0259y\u0259 g\u0259lib. Konsertin apar\u0131c\u0131s\u0131 \u00f6lk\u0259nin \u0259n bahal\u0131 apar\u0131c\u0131lar\u0131ndan olan N\u0259sib Nur olub. Daha sonra Sibel Can s\u0259hn\u0259y\u0259 Az\u0259rbaycan mahn\u0131s\u0131 il\u0259 \u00e7\u0131x\u0131b. O, m\u0259\u015fhur \u201cS\u0259n g\u0259lm\u0259z oldun\u201d \u0259s\u0259rini s\u0259sl\u0259ndirib. \u0130fa\u00e7\u0131 konsertinin \u0259vv\u0259lind\u0259 sev\u0259nl\u0259rind\u0259n \u015f\u0259hidl\u0259rimizin xatir\u0259sini bir d\u0259qiq\u0259lik s\u00fckutla yad edilm\u0259sini d\u0259 ist\u0259yib. T\u00fcrkiy\u0259nin super ulduzu gec\u0259 boyunca canl\u0131 ifalar\u0131n\u0131 s\u0259sl\u0259ndir\u0259r\u0259k tama\u015fa\u00e7\u0131lar\u0131n bir daha r\u0259\u011fb\u0259tini qazan\u0131b. Tama\u015fa\u00e7\u0131lar\u0131n aras\u0131na d\u00fc\u015f\u0259n m\u00fc\u011f\u0259nniy\u0259 fanat ordusu &#8220;h\u00fccum&#8221; edib. Sibel Can m\u00fchafiz\u0259\u00e7il\u0259rin k\u00f6m\u0259kliyi il\u0259 s\u0259hn\u0259y\u0259 qalx\u0131b. O, s\u0259hn\u0259d\u0259 T\u00fcrkiy\u0259 v\u0259 Az\u0259rbaycan bayraqlar\u0131n\u0131 n\u00fcmayi\u015f etdir\u0259r\u0259k b\u00f6y\u00fck alq\u0131\u015f qazan\u0131b. Qeyd ed\u0259k ki, m\u00fc\u011f\u0259nni konsertd\u0259 iki geyimd\u0259n istifad\u0259 edib. S\u0259n\u0259t\u00e7inin ikinci libas\u0131 T\u00fcrkiy\u0259d\u0259 haz\u0131rlansa da, birinci paltar\u0131n\u0131 &#8220;Oliviya Couture&#8221;nin r\u0259hb\u0259ri tan\u0131nm\u0131\u015f az\u0259rbaycanl\u0131 dizayneri v\u0259 modelyeri Ulviyy\u0259 P\u0259naxova haz\u0131rlay\u0131b.<\/p>\n<p><img loading=\"lazy\" class=\"alignnone size-medium wp-image-475217\" src=\"https:\/\/arantv.az\/wp-content\/uploads\/2022\/05\/278587625_7760315767341703_5624198691857140916_n-547x365.jpg\" alt=\"\" width=\"547\" height=\"365\" \/> <img loading=\"lazy\" class=\"alignnone size-medium wp-image-475218\" src=\"https:\/\/arantv.az\/wp-content\/uploads\/2022\/05\/280898937_685698725869162_4280538488577510377_n-660x303.jpg\" alt=\"\" width=\"660\" height=\"303\" \/> <img loading=\"lazy\" class=\"alignnone size-medium wp-image-475219\" src=\"https:\/\/arantv.az\/wp-content\/uploads\/2022\/05\/280096940_3182106515375312_9054782162711533663_n-547x365.jpg\" alt=\"\" width=\"547\" height=\"365\" \/> <img loading=\"lazy\" class=\"alignnone size-medium wp-image-475220\" src=\"https:\/\/arantv.az\/wp-content\/uploads\/2022\/05\/280284822_578877746792135_4735538137714920462_n-547x365.jpg\" alt=\"\" width=\"547\" height=\"365\" \/> <img loading=\"lazy\" class=\"alignnone size-medium wp-image-475221\" src=\"https:\/\/arantv.az\/wp-content\/uploads\/2022\/05\/280420941_415590533438184_4002058352046605752_n-547x365.jpg\" alt=\"\" width=\"547\" height=\"365\" \/><\/p>\n","protected":false},"excerpt":{"rendered":"<p>T\u00fcrkiy\u0259nin m\u0259\u015fhur m\u00fc\u011f\u0259nnisi Sibel Can\u0131n g\u00f6zl\u0259nil\u0259n solo konserti ba\u015f tutub. ARANTV.AZ x\u0259b\u0259r verir ki, Bak\u0131 Konqres M\u0259rk\u0259zind\u0259 ke\u00e7iril\u0259n gec\u0259 &#8220;Peachline&#8221; v\u0259 &#8220;Kevents Group&#8221;un t\u0259\u015fkilat\u00e7\u0131l\u0131\u011f\u0131 il\u0259 \u0259rs\u0259y\u0259 g\u0259lib. Konsertin apar\u0131c\u0131s\u0131 \u00f6lk\u0259nin \u0259n bahal\u0131 apar\u0131c\u0131lar\u0131ndan olan N\u0259sib Nur olub. Daha sonra Sibel Can s\u0259hn\u0259y\u0259 Az\u0259rbaycan mahn\u0131s\u0131 il\u0259 \u00e7\u0131x\u0131b. O, m\u0259\u015fhur \u201cS\u0259n g\u0259lm\u0259z oldun\u201d \u0259s\u0259rini s\u0259sl\u0259ndirib. \u0130fa\u00e7\u0131 konsertinin \u0259vv\u0259lind\u0259 sev\u0259nl\u0259rind\u0259n \u015f\u0259hidl\u0259rimizin xatir\u0259sini bir d\u0259qiq\u0259lik s\u00fckutla yad edilm\u0259sini d\u0259 ist\u0259yib. T\u00fcrkiy\u0259nin super ulduzu gec\u0259 boyunca canl\u0131 ifalar\u0131n\u0131 s\u0259sl\u0259ndir\u0259r\u0259k tama\u015fa\u00e7\u0131lar\u0131n bir daha r\u0259\u011fb\u0259tini qazan\u0131b. Tama\u015fa\u00e7\u0131lar\u0131n aras\u0131na d\u00fc\u015f\u0259n m\u00fc\u011f\u0259nniy\u0259 fanat ordusu &#8220;h\u00fccum&#8221; edib. Sibel Can m\u00fchafiz\u0259\u00e7il\u0259rin&hellip;<\/p>\n","protected":false},"author":2,"featured_media":475218,"comment_status":"closed","ping_status":"closed","sticky":false,"template":"","format":"standard","meta":{"om_disable_all_campaigns":false,"_monsterinsights_skip_tracking":false,"_monsterinsights_sitenote_active":false,"_monsterinsights_sitenote_note":"","_monsterinsights_sitenote_category":0},"categories":[20],"tags":[],"aioseo_notices":[],"gutentor_comment":0,"rttpg_featured_image_url":{"full":["https:\/\/arantv.az\/wp-content\/uploads\/2022\/05\/280898937_685698725869162_4280538488577510377_n.jpg",1200,550,false],"landscape":["https:\/\/arantv.az\/wp-content\/uploads\/2022\/05\/280898937_685698725869162_4280538488577510377_n.jpg",1200,550,false],"portraits":["https:\/\/arantv.az\/wp-content\/uploads\/2022\/05\/280898937_685698725869162_4280538488577510377_n.jpg",1200,550,false],"thumbnail":["https:\/\/arantv.az\/wp-content\/uploads\/2022\/05\/280898937_685698725869162_4280538488577510377_n-500x280.jpg",500,280,true],"medium":["https:\/\/arantv.az\/wp-content\/uploads\/2022\/05\/280898937_685698725869162_4280538488577510377_n-660x303.jpg",660,303,true],"large":["https:\/\/arantv.az\/wp-content\/uploads\/2022\/05\/280898937_685698725869162_4280538488577510377_n-840x385.jpg",640,293,true],"1536x1536":["https:\/\/arantv.az\/wp-content\/uploads\/2022\/05\/280898937_685698725869162_4280538488577510377_n.jpg",1200,550,false],"2048x2048":["https:\/\/arantv.az\/wp-content\/uploads\/2022\/05\/280898937_685698725869162_4280538488577510377_n.jpg",1200,550,false],"post-thumbnail":["https:\/\/arantv.az\/wp-content\/uploads\/2022\/05\/280898937_685698725869162_4280538488577510377_n-240x172.jpg",240,172,true],"advps-thumb-one":["https:\/\/arantv.az\/wp-content\/uploads\/2022\/05\/280898937_685698725869162_4280538488577510377_n.jpg",1200,550,false]},"rttpg_author":{"display_name":"V\u00fcsal Rafiqo\u011flu","author_link":"https:\/\/arantv.az\/?author=2"},"rttpg_comment":0,"rttpg_category":"<a href=\"https:\/\/arantv.az\/?cat=20\" rel=\"category\">\u015eou biznes<\/a>","rttpg_excerpt":"T\u00fcrkiy\u0259nin m\u0259\u015fhur m\u00fc\u011f\u0259nnisi Sibel Can\u0131n g\u00f6zl\u0259nil\u0259n solo konserti ba\u015f tutub. ARANTV.AZ x\u0259b\u0259r verir ki, Bak\u0131 Konqres M\u0259rk\u0259zind\u0259 ke\u00e7iril\u0259n gec\u0259 &#8220;Peachline&#8221; v\u0259 &#8220;Kevents Group&#8221;un t\u0259\u015fkilat\u00e7\u0131l\u0131\u011f\u0131 il\u0259 \u0259rs\u0259y\u0259 g\u0259lib. Konsertin apar\u0131c\u0131s\u0131 \u00f6lk\u0259nin \u0259n bahal\u0131 apar\u0131c\u0131lar\u0131ndan olan N\u0259sib Nur olub. Daha sonra Sibel Can s\u0259hn\u0259y\u0259 Az\u0259rbaycan mahn\u0131s\u0131 il\u0259 \u00e7\u0131x\u0131b. O, m\u0259\u015fhur \u201cS\u0259n g\u0259lm\u0259z oldun\u201d \u0259s\u0259rini s\u0259sl\u0259ndirib. \u0130fa\u00e7\u0131 konsertinin&hellip;","_links":{"self":[{"href":"https:\/\/arantv.az\/index.php?rest_route=\/wp\/v2\/posts\/475216"}],"collection":[{"href":"https:\/\/arantv.az\/index.php?rest_route=\/wp\/v2\/posts"}],"about":[{"href":"https:\/\/arantv.az\/index.php?rest_route=\/wp\/v2\/types\/post"}],"author":[{"embeddable":true,"href":"https:\/\/arantv.az\/index.php?rest_route=\/wp\/v2\/users\/2"}],"replies":[{"embeddable":true,"href":"https:\/\/arantv.az\/index.php?rest_route=%2Fwp%2Fv2%2Fcomments&post=475216"}],"version-history":[{"count":0,"href":"https:\/\/arantv.az\/index.php?rest_route=\/wp\/v2\/posts\/475216\/revisions"}],"wp:featuredmedia":[{"embeddable":true,"href":"https:\/\/arantv.az\/index.php?rest_route=\/wp\/v2\/media\/475218"}],"wp:attachment":[{"href":"https:\/\/arantv.az\/index.php?rest_route=%2Fwp%2Fv2%2Fmedia&parent=475216"}],"wp:term":[{"taxonomy":"category","embeddable":true,"href":"https:\/\/arantv.az\/index.php?rest_route=%2Fwp%2Fv2%2Fcategories&post=475216"},{"taxonomy":"post_tag","embeddable":true,"href":"https:\/\/arantv.az\/index.php?rest_route=%2Fwp%2Fv2%2Ftags&post=475216"}],"curies":[{"name":"wp","href":"https:\/\/api.w.org\/{rel}","templated":true}]}}