{"id":475224,"date":"2022-05-16T13:20:13","date_gmt":"2022-05-16T10:20:13","guid":{"rendered":"https:\/\/arantv.az\/?p=475224"},"modified":"2022-05-16T13:20:13","modified_gmt":"2022-05-16T10:20:13","slug":"iqtisadi-%c9%99m%c9%99kdasliq-t%c9%99skilatinin-bas-katibi-az%c9%99rbaycana-s%c9%99f%c9%99r%c9%99-g%c9%99lib-foto","status":"publish","type":"post","link":"https:\/\/arantv.az\/?p=475224","title":{"rendered":"\u0130qtisadi \u018fm\u0259kda\u015fl\u0131q T\u0259\u015fkilat\u0131n\u0131n Ba\u015f katibi Az\u0259rbaycana s\u0259f\u0259r\u0259 g\u0259lib &#8211; FOTO"},"content":{"rendered":"<p>Bu g\u00fcn \u0130qtisadi \u018fm\u0259kda\u015fl\u0131q T\u0259\u015fkilat\u0131n\u0131n (\u0130\u018fT) Ba\u015f katibi Xusrav Nozirinin ba\u015f\u00e7\u0131l\u0131q etdiyi n\u00fcmay\u0259nd\u0259 hey\u0259ti \u00f6lk\u0259miz\u0259 s\u0259f\u0259r\u0259 g\u0259lib.<\/p>\n<p><strong>ARANTV.AZ<\/strong> x\u0259b\u0259r verir ki, s\u0259f\u0259rin m\u0259qs\u0259di \u0130qtisadi \u018fm\u0259kda\u015fl\u0131q T\u0259\u015fkilat\u0131 Parlament Assambleyas\u0131n\u0131n (\u0130\u018fT PA) \u00dc\u00e7\u00fcnc\u00fc \u00dcmumi Konfrans\u0131nda i\u015ftirak etm\u0259kdir.<\/p>\n<p>&nbsp;<\/p>\n<div class=\"gallery\">\n<div class=\"gallery-i\"><img src=\"https:\/\/cdn.oxu.az\/uploads\/W1siZiIsIjIwMjIvMDUvMTYvMTMvNDkvMTAvZWUwNjg3NWItN2QxNS00ZjlhLTg0ZmUtZmRmMDFkNDRmZmI1LzA1YmY4YWI3LTU0YzItM2JjOC1hNzVhLWRlMmYxMDJkNWMyY184NTAuanBnIl0sWyJwIiwiZW5jb2RlIiwianBnIiwiLXF1YWxpdHkgODAiXSxbInAiLCJ0aHVtYiIsIjU5MHg1OTBcdTAwM2UiXV0?sha=4e43eda3e3097bba\" alt=\"\" \/><\/div>\n<\/div>\n","protected":false},"excerpt":{"rendered":"<p>Bu g\u00fcn \u0130qtisadi \u018fm\u0259kda\u015fl\u0131q T\u0259\u015fkilat\u0131n\u0131n (\u0130\u018fT) Ba\u015f katibi Xusrav Nozirinin ba\u015f\u00e7\u0131l\u0131q etdiyi n\u00fcmay\u0259nd\u0259 hey\u0259ti \u00f6lk\u0259miz\u0259 s\u0259f\u0259r\u0259 g\u0259lib. ARANTV.AZ x\u0259b\u0259r verir ki, s\u0259f\u0259rin m\u0259qs\u0259di \u0130qtisadi \u018fm\u0259kda\u015fl\u0131q T\u0259\u015fkilat\u0131 Parlament Assambleyas\u0131n\u0131n (\u0130\u018fT PA) \u00dc\u00e7\u00fcnc\u00fc \u00dcmumi Konfrans\u0131nda i\u015ftirak etm\u0259kdir. &nbsp;<\/p>\n","protected":false},"author":2,"featured_media":475225,"comment_status":"closed","ping_status":"closed","sticky":false,"template":"","format":"standard","meta":{"om_disable_all_campaigns":false,"_monsterinsights_skip_tracking":false,"_monsterinsights_sitenote_active":false,"_monsterinsights_sitenote_note":"","_monsterinsights_sitenote_category":0},"categories":[19],"tags":[],"aioseo_notices":[],"gutentor_comment":0,"rttpg_featured_image_url":{"full":["https:\/\/arantv.az\/wp-content\/uploads\/2022\/05\/FotoJet-2022-05-16T134851.306.jpg",620,413,false],"landscape":["https:\/\/arantv.az\/wp-content\/uploads\/2022\/05\/FotoJet-2022-05-16T134851.306.jpg",620,413,false],"portraits":["https:\/\/arantv.az\/wp-content\/uploads\/2022\/05\/FotoJet-2022-05-16T134851.306.jpg",620,413,false],"thumbnail":["https:\/\/arantv.az\/wp-content\/uploads\/2022\/05\/FotoJet-2022-05-16T134851.306-500x280.jpg",500,280,true],"medium":["https:\/\/arantv.az\/wp-content\/uploads\/2022\/05\/FotoJet-2022-05-16T134851.306-548x365.jpg",548,365,true],"large":["https:\/\/arantv.az\/wp-content\/uploads\/2022\/05\/FotoJet-2022-05-16T134851.306.jpg",620,413,false],"1536x1536":["https:\/\/arantv.az\/wp-content\/uploads\/2022\/05\/FotoJet-2022-05-16T134851.306.jpg",620,413,false],"2048x2048":["https:\/\/arantv.az\/wp-content\/uploads\/2022\/05\/FotoJet-2022-05-16T134851.306.jpg",620,413,false],"post-thumbnail":["https:\/\/arantv.az\/wp-content\/uploads\/2022\/05\/FotoJet-2022-05-16T134851.306-240x172.jpg",240,172,true],"advps-thumb-one":["https:\/\/arantv.az\/wp-content\/uploads\/2022\/05\/FotoJet-2022-05-16T134851.306.jpg",620,413,false]},"rttpg_author":{"display_name":"V\u00fcsal Rafiqo\u011flu","author_link":"https:\/\/arantv.az\/?author=2"},"rttpg_comment":0,"rttpg_category":"<a href=\"https:\/\/arantv.az\/?cat=19\" rel=\"category\">G\u00fcnd\u0259m<\/a>","rttpg_excerpt":"Bu g\u00fcn \u0130qtisadi \u018fm\u0259kda\u015fl\u0131q T\u0259\u015fkilat\u0131n\u0131n (\u0130\u018fT) Ba\u015f katibi Xusrav Nozirinin ba\u015f\u00e7\u0131l\u0131q etdiyi n\u00fcmay\u0259nd\u0259 hey\u0259ti \u00f6lk\u0259miz\u0259 s\u0259f\u0259r\u0259 g\u0259lib. ARANTV.AZ x\u0259b\u0259r verir ki, s\u0259f\u0259rin m\u0259qs\u0259di \u0130qtisadi \u018fm\u0259kda\u015fl\u0131q T\u0259\u015fkilat\u0131 Parlament Assambleyas\u0131n\u0131n (\u0130\u018fT PA) \u00dc\u00e7\u00fcnc\u00fc \u00dcmumi Konfrans\u0131nda i\u015ftirak etm\u0259kdir. &nbsp;","_links":{"self":[{"href":"https:\/\/arantv.az\/index.php?rest_route=\/wp\/v2\/posts\/475224"}],"collection":[{"href":"https:\/\/arantv.az\/index.php?rest_route=\/wp\/v2\/posts"}],"about":[{"href":"https:\/\/arantv.az\/index.php?rest_route=\/wp\/v2\/types\/post"}],"author":[{"embeddable":true,"href":"https:\/\/arantv.az\/index.php?rest_route=\/wp\/v2\/users\/2"}],"replies":[{"embeddable":true,"href":"https:\/\/arantv.az\/index.php?rest_route=%2Fwp%2Fv2%2Fcomments&post=475224"}],"version-history":[{"count":0,"href":"https:\/\/arantv.az\/index.php?rest_route=\/wp\/v2\/posts\/475224\/revisions"}],"wp:featuredmedia":[{"embeddable":true,"href":"https:\/\/arantv.az\/index.php?rest_route=\/wp\/v2\/media\/475225"}],"wp:attachment":[{"href":"https:\/\/arantv.az\/index.php?rest_route=%2Fwp%2Fv2%2Fmedia&parent=475224"}],"wp:term":[{"taxonomy":"category","embeddable":true,"href":"https:\/\/arantv.az\/index.php?rest_route=%2Fwp%2Fv2%2Fcategories&post=475224"},{"taxonomy":"post_tag","embeddable":true,"href":"https:\/\/arantv.az\/index.php?rest_route=%2Fwp%2Fv2%2Ftags&post=475224"}],"curies":[{"name":"wp","href":"https:\/\/api.w.org\/{rel}","templated":true}]}}