{"id":475232,"date":"2022-05-16T13:24:40","date_gmt":"2022-05-16T10:24:40","guid":{"rendered":"https:\/\/arantv.az\/?p=475232"},"modified":"2022-05-16T13:24:40","modified_gmt":"2022-05-16T10:24:40","slug":"ukrayna-mudafi%c9%99cil%c9%99ri-dovl%c9%99t-s%c9%99rh%c9%99din%c9%99-catdilar-video","status":"publish","type":"post","link":"https:\/\/arantv.az\/?p=475232","title":{"rendered":"Ukrayna m\u00fcdafi\u0259\u00e7il\u0259ri d\u00f6vl\u0259t s\u0259rh\u0259din\u0259 \u00e7atd\u0131lar &#8211; V\u0130DEO"},"content":{"rendered":"<p>May\u0131n 15-d\u0259 Ukrayna Silahl\u0131 Q\u00fcvv\u0259l\u0259rinin \u018frazi M\u00fcdafi\u0259 Q\u00fcvv\u0259l\u0259rinin 127-ci briqadas\u0131n\u0131n 227-ci batalyonunun \u0259sg\u0259rl\u0259ri Ukraynan\u0131n d\u00f6vl\u0259t s\u0259rh\u0259din\u0259 \u00e7at\u0131blar.<\/p>\n<div class=\"AdviadNativeVideo\"><\/div>\n<p>Bu bar\u0259d\u0259 may\u0131n 16-da Xarkov vilay\u0259tinin h\u0259rbi administrasiyas\u0131n\u0131n s\u0259dri Oleq Sinequbov m\u0259lumat verib.<\/p>\n<p>Ukrayna m\u00fcdafi\u0259\u00e7il\u0259ri d\u00f6vl\u0259t s\u0259rh\u0259din\u0259 \u00e7atmalar\u0131 m\u00fcnasib\u0259til\u0259 Prezident Volodimir Zelenskiy\u0259 videom\u00fcraci\u0259t yaz\u0131b v\u0259 oradak\u0131 u\u011furlar\u0131 bar\u0259d\u0259 m\u0259lumat veribl\u0259r.<\/p>\n<div><iframe loading=\"lazy\" src=\"https:\/\/player.baku.tv\/embed\/54449\" width=\"560\" height=\"315\" frameborder=\"0\" allowfullscreen=\"allowfullscreen\" data-mce-fragment=\"1\"><\/iframe><\/div>\n<p>M\u0259nb\u0259: Delo.ua<\/p>\n","protected":false},"excerpt":{"rendered":"<p>May\u0131n 15-d\u0259 Ukrayna Silahl\u0131 Q\u00fcvv\u0259l\u0259rinin \u018frazi M\u00fcdafi\u0259 Q\u00fcvv\u0259l\u0259rinin 127-ci briqadas\u0131n\u0131n 227-ci batalyonunun \u0259sg\u0259rl\u0259ri Ukraynan\u0131n d\u00f6vl\u0259t s\u0259rh\u0259din\u0259 \u00e7at\u0131blar. Bu bar\u0259d\u0259 may\u0131n 16-da Xarkov vilay\u0259tinin h\u0259rbi administrasiyas\u0131n\u0131n s\u0259dri Oleq Sinequbov m\u0259lumat verib. Ukrayna m\u00fcdafi\u0259\u00e7il\u0259ri d\u00f6vl\u0259t s\u0259rh\u0259din\u0259 \u00e7atmalar\u0131 m\u00fcnasib\u0259til\u0259 Prezident Volodimir Zelenskiy\u0259 videom\u00fcraci\u0259t yaz\u0131b v\u0259 oradak\u0131 u\u011furlar\u0131 bar\u0259d\u0259 m\u0259lumat veribl\u0259r. M\u0259nb\u0259: Delo.ua<\/p>\n","protected":false},"author":2,"featured_media":475233,"comment_status":"closed","ping_status":"closed","sticky":false,"template":"","format":"standard","meta":{"om_disable_all_campaigns":false,"_monsterinsights_skip_tracking":false,"_monsterinsights_sitenote_active":false,"_monsterinsights_sitenote_note":"","_monsterinsights_sitenote_category":0},"categories":[7],"tags":[],"aioseo_notices":[],"gutentor_comment":0,"rttpg_featured_image_url":{"full":["https:\/\/arantv.az\/wp-content\/uploads\/2022\/05\/280507659_382812787110856_2888080131527526748_n.jpg",620,413,false],"landscape":["https:\/\/arantv.az\/wp-content\/uploads\/2022\/05\/280507659_382812787110856_2888080131527526748_n.jpg",620,413,false],"portraits":["https:\/\/arantv.az\/wp-content\/uploads\/2022\/05\/280507659_382812787110856_2888080131527526748_n.jpg",620,413,false],"thumbnail":["https:\/\/arantv.az\/wp-content\/uploads\/2022\/05\/280507659_382812787110856_2888080131527526748_n-500x280.jpg",500,280,true],"medium":["https:\/\/arantv.az\/wp-content\/uploads\/2022\/05\/280507659_382812787110856_2888080131527526748_n-548x365.jpg",548,365,true],"large":["https:\/\/arantv.az\/wp-content\/uploads\/2022\/05\/280507659_382812787110856_2888080131527526748_n.jpg",620,413,false],"1536x1536":["https:\/\/arantv.az\/wp-content\/uploads\/2022\/05\/280507659_382812787110856_2888080131527526748_n.jpg",620,413,false],"2048x2048":["https:\/\/arantv.az\/wp-content\/uploads\/2022\/05\/280507659_382812787110856_2888080131527526748_n.jpg",620,413,false],"post-thumbnail":["https:\/\/arantv.az\/wp-content\/uploads\/2022\/05\/280507659_382812787110856_2888080131527526748_n-240x172.jpg",240,172,true],"advps-thumb-one":["https:\/\/arantv.az\/wp-content\/uploads\/2022\/05\/280507659_382812787110856_2888080131527526748_n.jpg",620,413,false]},"rttpg_author":{"display_name":"V\u00fcsal Rafiqo\u011flu","author_link":"https:\/\/arantv.az\/?author=2"},"rttpg_comment":0,"rttpg_category":"<a href=\"https:\/\/arantv.az\/?cat=7\" rel=\"category\">D\u00fcnya<\/a>","rttpg_excerpt":"May\u0131n 15-d\u0259 Ukrayna Silahl\u0131 Q\u00fcvv\u0259l\u0259rinin \u018frazi M\u00fcdafi\u0259 Q\u00fcvv\u0259l\u0259rinin 127-ci briqadas\u0131n\u0131n 227-ci batalyonunun \u0259sg\u0259rl\u0259ri Ukraynan\u0131n d\u00f6vl\u0259t s\u0259rh\u0259din\u0259 \u00e7at\u0131blar. Bu bar\u0259d\u0259 may\u0131n 16-da Xarkov vilay\u0259tinin h\u0259rbi administrasiyas\u0131n\u0131n s\u0259dri Oleq Sinequbov m\u0259lumat verib. Ukrayna m\u00fcdafi\u0259\u00e7il\u0259ri d\u00f6vl\u0259t s\u0259rh\u0259din\u0259 \u00e7atmalar\u0131 m\u00fcnasib\u0259til\u0259 Prezident Volodimir Zelenskiy\u0259 videom\u00fcraci\u0259t yaz\u0131b v\u0259 oradak\u0131 u\u011furlar\u0131 bar\u0259d\u0259 m\u0259lumat veribl\u0259r. M\u0259nb\u0259: Delo.ua","_links":{"self":[{"href":"https:\/\/arantv.az\/index.php?rest_route=\/wp\/v2\/posts\/475232"}],"collection":[{"href":"https:\/\/arantv.az\/index.php?rest_route=\/wp\/v2\/posts"}],"about":[{"href":"https:\/\/arantv.az\/index.php?rest_route=\/wp\/v2\/types\/post"}],"author":[{"embeddable":true,"href":"https:\/\/arantv.az\/index.php?rest_route=\/wp\/v2\/users\/2"}],"replies":[{"embeddable":true,"href":"https:\/\/arantv.az\/index.php?rest_route=%2Fwp%2Fv2%2Fcomments&post=475232"}],"version-history":[{"count":0,"href":"https:\/\/arantv.az\/index.php?rest_route=\/wp\/v2\/posts\/475232\/revisions"}],"wp:featuredmedia":[{"embeddable":true,"href":"https:\/\/arantv.az\/index.php?rest_route=\/wp\/v2\/media\/475233"}],"wp:attachment":[{"href":"https:\/\/arantv.az\/index.php?rest_route=%2Fwp%2Fv2%2Fmedia&parent=475232"}],"wp:term":[{"taxonomy":"category","embeddable":true,"href":"https:\/\/arantv.az\/index.php?rest_route=%2Fwp%2Fv2%2Fcategories&post=475232"},{"taxonomy":"post_tag","embeddable":true,"href":"https:\/\/arantv.az\/index.php?rest_route=%2Fwp%2Fv2%2Ftags&post=475232"}],"curies":[{"name":"wp","href":"https:\/\/api.w.org\/{rel}","templated":true}]}}