{"id":475244,"date":"2022-05-16T13:38:24","date_gmt":"2022-05-16T10:38:24","guid":{"rendered":"https:\/\/arantv.az\/?p=475244"},"modified":"2022-05-16T13:38:24","modified_gmt":"2022-05-16T10:38:24","slug":"prezident-ozb%c9%99kistan-ali-m%c9%99clisinin-qanunvericilik-palatasinin-s%c9%99drini-q%c9%99bul-etdi-yenil%c9%99nib","status":"publish","type":"post","link":"https:\/\/arantv.az\/?p=475244","title":{"rendered":"Prezident \u00d6zb\u0259kistan Ali M\u0259clisinin Qanunvericilik Palatas\u0131n\u0131n s\u0259drini q\u0259bul etdi &#8211; YEN\u0130L\u018fN\u0130B"},"content":{"rendered":"<p>Az\u0259rbaycan Respublikas\u0131n\u0131n Prezidenti \u0130lham \u018fliyev may\u0131n 16-da \u00d6zb\u0259kistan Respublikas\u0131 Ali M\u0259clisinin Qanunvericilik Palatas\u0131n\u0131n s\u0259dri Nurdinjon \u0130smoilovun ba\u015f\u00e7\u0131l\u0131q etdiyi n\u00fcmay\u0259nd\u0259 hey\u0259tini q\u0259bul edib.<\/p>\n<p>AZ\u018fRTAC x\u0259b\u0259r verir ki, d\u00f6vl\u0259timizin ba\u015f\u00e7\u0131s\u0131 Az\u0259rbaycanla \u00d6zb\u0259kistan aras\u0131nda qarda\u015fl\u0131q m\u00fcnasib\u0259tl\u0259rinin b\u00fct\u00fcn istiqam\u0259tl\u0259rd\u0259, ilk n\u00f6vb\u0259d\u0259 siyasi sah\u0259d\u0259 u\u011furla inki\u015faf etdiyini vur\u011fulay\u0131b, bu i\u015fd\u0259 iki \u00f6lk\u0259nin d\u00f6vl\u0259t ba\u015f\u00e7\u0131lar\u0131 aras\u0131nda m\u00fcnasib\u0259tl\u0259rin x\u00fcsusi \u00f6n\u0259m da\u015f\u0131d\u0131\u011f\u0131n\u0131 qeyd edib v\u0259 bu bax\u0131mdan \u00d6zb\u0259kistana s\u0259f\u0259rini m\u0259mnunluqla xat\u0131rlad\u0131. Prezident \u0130lham \u018fliyev tarixi, dil v\u0259 m\u0259d\u0259ni yax\u0131nl\u0131\u011f\u0131n m\u00fcnasib\u0259tl\u0259rimizin m\u00f6hk\u0259ml\u0259nm\u0259si \u00fc\u00e7\u00fcn \u0259sas yaratd\u0131\u011f\u0131n\u0131 bildirib.<\/p>\n<div class=\"AdviadNativeVideo\"><\/div>\n<p>\u0130qtisadi sah\u0259d\u0259 \u0259m\u0259kda\u015fl\u0131\u011fa toxunan d\u00f6vl\u0259timizin ba\u015f\u00e7\u0131s\u0131 ticar\u0259t d\u00f6vriyy\u0259sinin s\u0259viyy\u0259sinin art\u0131r\u0131lmas\u0131n\u0131n \u00f6n\u0259mini qeyd edib v\u0259 bunun \u00fc\u00e7\u00fcn yax\u015f\u0131 imkanlar\u0131n oldu\u011funu vur\u011fulay\u0131b. H\u0259m Az\u0259rbaycanda, h\u0259m d\u0259 \u00d6zb\u0259kistanda n\u0259qliyyat infrastrukturu sah\u0259sind\u0259 b\u00f6y\u00fck i\u015fl\u0259rin g\u00f6r\u00fcld\u00fcy\u00fcn\u00fc dey\u0259n Prezident \u0130lham \u018fliyev bu istiqam\u0259td\u0259 \u0259m\u0259kda\u015fl\u0131\u011f\u0131n geni\u015fl\u0259ndirilm\u0259si v\u0259 n\u0259qliyyat d\u0259hlizl\u0259rinin tam \u015f\u0259kild\u0259 i\u015f\u0259 sal\u0131nmas\u0131 \u00fc\u00e7\u00fcn perspektivl\u0259rin m\u00f6vcud oldu\u011funu bildirib. D\u00f6vl\u0259timizin ba\u015f\u00e7\u0131s\u0131 \u00f6lk\u0259l\u0259rimizin iqtisadi sah\u0259d\u0259 qazand\u0131\u011f\u0131 nailiyy\u0259tl\u0259ri d\u0259 qeyd ed\u0259r\u0259k qar\u015f\u0131l\u0131ql\u0131 s\u0259rmay\u0259 qoyulu\u015fu v\u0259 dig\u0259r \u00f6lk\u0259l\u0259rd\u0259ki layih\u0259l\u0259r\u0259 birg\u0259 s\u0259rmay\u0259 yat\u0131r\u0131lmas\u0131 imkanlar\u0131n\u0131n da n\u0259z\u0259rd\u0259n ke\u00e7irilm\u0259sinin \u0259h\u0259miyy\u0259tini vur\u011fulay\u0131b.<\/p>\n<p>Prezident \u0130lham \u018fliyev Az\u0259rbaycan\u0131n v\u0259 \u00d6zb\u0259kistan\u0131n qanunverici orqanlar\u0131 aras\u0131ndak\u0131 m\u00fcnasib\u0259tl\u0259r\u0259 toxunaraq, qar\u015f\u0131l\u0131ql\u0131 s\u0259f\u0259rl\u0259rin v\u0259 beyn\u0259lxalq parlamentl\u0259raras\u0131 strukturlardak\u0131 \u0259laq\u0259l\u0259rimizin bu sah\u0259d\u0259 \u0259m\u0259kda\u015fl\u0131\u011fa t\u00f6hf\u0259 verdiyini bildirib.<\/p>\n<p>T\u00fcrk D\u00f6vl\u0259tl\u0259ri T\u0259\u015fkilat\u0131nda \u0259m\u0259kda\u015fl\u0131q m\u0259s\u0259l\u0259l\u0259rin\u0259 toxunan d\u00f6vl\u0259timizin ba\u015f\u00e7\u0131s\u0131 bu t\u0259\u015fkilat \u00e7\u0259r\u00e7iv\u0259sind\u0259 i\u015f birliyimizin \u00f6lk\u0259l\u0259rimizin qarda\u015fl\u0131\u011f\u0131 v\u0259 tarixi dostlu\u011fundan, m\u0259d\u0259ni k\u00f6kl\u0259rd\u0259n ir\u0259li g\u0259l\u0259r\u0259k t\u0259bii \u0259m\u0259kda\u015fl\u0131q xarakteri da\u015f\u0131d\u0131\u011f\u0131n\u0131 vur\u011fulay\u0131b v\u0259 bu bax\u0131mdan \u00d6zb\u0259kistan\u0131n bu t\u0259\u015fkilata tamh\u00fcquqlu \u00fczv olmas\u0131n\u0131n \u00f6n\u0259mini qeyd edib.<\/p>\n<p>Prezident \u0130lham \u018fliyev dig\u0259r beyn\u0259lxalq t\u0259\u015fkilatlar, o c\u00fcml\u0259d\u0259n BMT, AT\u018fT, \u0130slam \u018fm\u0259kda\u015fl\u0131q T\u0259\u015fkilat\u0131, \u0130qtisadi \u018fm\u0259kda\u015fl\u0131q T\u0259\u015fkilat\u0131 \u00e7\u0259r\u00e7iv\u0259sind\u0259 d\u0259 u\u011furlu \u0259m\u0259kda\u015fl\u0131\u011f\u0131n v\u0259 \u00f6lk\u0259l\u0259rimizin qar\u015f\u0131l\u0131ql\u0131 d\u0259st\u0259yinin \u00f6n\u0259min\u0259 toxunub.<\/p>\n<p>D\u00f6vl\u0259timizin ba\u015f\u00e7\u0131s\u0131 x\u00fcsusi olaraq qeyd edib ki, qarda\u015f t\u00fcrk d\u00f6vl\u0259tl\u0259rinin Az\u0259rbaycan\u0131n \u0259razi b\u00fct\u00f6vl\u00fcy\u00fcn\u00fcn b\u0259rpa olunmas\u0131 m\u0259s\u0259l\u0259sin\u0259 m\u00fcnasib\u0259ti \u00f6lk\u0259miz t\u0259r\u0259find\u0259n y\u00fcks\u0259k qiym\u0259tl\u0259ndirilir.<\/p>\n<p>Az\u0259rbaycan\u0131n beyn\u0259lxalq \u0259laq\u0259l\u0259rin\u0259 toxunan Prezident \u0130lham \u018fliyev \u00f6lk\u0259mizin b\u00fct\u00fcn d\u00f6vl\u0259tl\u0259rl\u0259, o c\u00fcml\u0259d\u0259n qon\u015fu \u00f6lk\u0259l\u0259rl\u0259 yax\u015f\u0131 m\u00fcnasib\u0259tl\u0259r\u0259 malik oldu\u011funu vur\u011fulayaraq, Az\u0259rbaycan t\u0259r\u0259finin Erm\u0259nistanla s\u00fclh m\u00fcqavil\u0259sinin imzalanmas\u0131n\u0131 t\u0259klif etdiyini bir daha xat\u0131rlad\u0131b.<\/p>\n<p>D\u00f6vl\u0259timizin ba\u015f\u00e7\u0131s\u0131 Nurdinjon \u0130smoilovun s\u0259f\u0259rinin ikit\u0259r\u0259fli m\u00fcnasib\u0259tl\u0259rimizin inki\u015faf\u0131na t\u00f6hf\u0259 ver\u0259c\u0259yin\u0259 \u0259minliyini ifad\u0259 edib.<\/p>\n<p>Xo\u015f s\u00f6zl\u0259r\u0259 g\u00f6r\u0259 minn\u0259tdarl\u0131\u011f\u0131n\u0131 bildir\u0259n Nurdinjon \u0130smoilov ilk n\u00f6vb\u0259d\u0259 \u00d6zb\u0259kistan Prezidenti \u015eavkat Mirziyoyevin salamlar\u0131n\u0131 v\u0259 \u0259n xo\u015f arzular\u0131n\u0131 d\u00f6vl\u0259timizin ba\u015f\u00e7\u0131s\u0131na \u00e7atd\u0131r\u0131b. Eyni zamanda, o, \u00d6zb\u0259kistan\u0131n d\u00f6vl\u0259t ba\u015f\u00e7\u0131s\u0131n\u0131n 28 May &#8211; M\u00fcst\u0259qillik G\u00fcn\u00fc il\u0259 ba\u011fl\u0131 t\u0259brik m\u0259ktubunu Prezident \u0130lham \u018fliyev\u0259 t\u0259qdim edib. Nurdinjon \u0130smoilov \u015eavkat Mirziyoyevin Prezident \u0130lham \u018fliyevin \u00d6zb\u0259kistana s\u0259f\u0259rini g\u00f6zl\u0259diyini diqq\u0259t\u0259 \u00e7atd\u0131r\u0131b.<\/p>\n<p>Prezident \u0130lham \u018fliyev salamlara g\u00f6r\u0259 minn\u0259tdarl\u0131\u011f\u0131n\u0131 bildirib, onun da salamlar\u0131n\u0131 \u00d6zb\u0259kistan\u0131n d\u00f6vl\u0259t ba\u015f\u00e7\u0131s\u0131na \u00e7atd\u0131rma\u011f\u0131 xahi\u015f edib.<\/p>\n<p>Nurdinjon \u0130smoilov bildirib ki, \u00d6zb\u0259kistan Prezidenti b\u00f6y\u00fck siyasi xadim ulu \u00f6nd\u0259r Heyd\u0259r \u018fliyevin xatir\u0259sini daim ehtiramla yad edir v\u0259 Prezident \u0130lham \u018fliyevin \u00dcmummilli Liderin siyas\u0259tini u\u011furla davam etdirdiyini bildirir. Qonaq Ulu \u00d6nd\u0259rin b\u00fct\u00fcn h\u0259yat\u0131n\u0131 Az\u0259rbaycan\u0131n inki\u015faf\u0131na h\u0259sr etmi\u015f siyasi xadim oldu\u011funu vur\u011fulay\u0131b.<\/p>\n<p>\u00d6zb\u0259kistan Ali M\u0259clisinin Qanunvericilik Palatas\u0131n\u0131n s\u0259dri Bak\u0131da g\u00f6rd\u00fcy\u00fc inki\u015faf prosesl\u0259rinin onlarda d\u0259rin t\u0259\u0259ss\u00fcrat hissi yaratd\u0131\u011f\u0131n\u0131 qeyd edib v\u0259 \u00f6lk\u0259mizin qazand\u0131\u011f\u0131 nailiyy\u0259tl\u0259r m\u00fcnasib\u0259til\u0259 Prezident \u0130lham \u018fliyev\u0259 t\u0259brikl\u0259rini \u00e7atd\u0131r\u0131b.<\/p>\n<p><strong>11:22<\/strong><\/p>\n<p>Az\u0259rbaycan Respublikas\u0131n\u0131n Prezidenti \u0130lham \u018fliyev may\u0131n 16-da \u00d6zb\u0259kistan Ali M\u0259clisinin Qanunvericilik Palatas\u0131n\u0131n s\u0259dri Nurdinjon \u0130smoilovun ba\u015f\u00e7\u0131l\u0131q etdiyi n\u00fcmay\u0259nd\u0259 hey\u0259tini q\u0259bul edib.<\/p>\n<p>Bununla ba\u011fl\u0131\u00a0<a href=\"https:\/\/azertag.az\/xeber\/Prezident_Ilham_Aliyev_Ozbekistan_Ali_Meclisinin_Qanunvericilik_Palatasinin_sedrinin_baschiliq_etdiyi_numayende_heyetini_qebul_edib_YENILANACAK-2135741\" target=\"_blank\" rel=\"noopener\">AZ\u018fRTAC<\/a>\u00a0m\u0259lumat yay\u0131b.<\/p>\n","protected":false},"excerpt":{"rendered":"<p>Az\u0259rbaycan Respublikas\u0131n\u0131n Prezidenti \u0130lham \u018fliyev may\u0131n 16-da \u00d6zb\u0259kistan Respublikas\u0131 Ali M\u0259clisinin Qanunvericilik Palatas\u0131n\u0131n s\u0259dri Nurdinjon \u0130smoilovun ba\u015f\u00e7\u0131l\u0131q etdiyi n\u00fcmay\u0259nd\u0259 hey\u0259tini q\u0259bul edib. AZ\u018fRTAC x\u0259b\u0259r verir ki, d\u00f6vl\u0259timizin ba\u015f\u00e7\u0131s\u0131 Az\u0259rbaycanla \u00d6zb\u0259kistan aras\u0131nda qarda\u015fl\u0131q m\u00fcnasib\u0259tl\u0259rinin b\u00fct\u00fcn istiqam\u0259tl\u0259rd\u0259, ilk n\u00f6vb\u0259d\u0259 siyasi sah\u0259d\u0259 u\u011furla inki\u015faf etdiyini vur\u011fulay\u0131b, bu i\u015fd\u0259 iki \u00f6lk\u0259nin d\u00f6vl\u0259t ba\u015f\u00e7\u0131lar\u0131 aras\u0131nda m\u00fcnasib\u0259tl\u0259rin x\u00fcsusi \u00f6n\u0259m da\u015f\u0131d\u0131\u011f\u0131n\u0131 qeyd edib v\u0259 bu bax\u0131mdan \u00d6zb\u0259kistana s\u0259f\u0259rini m\u0259mnunluqla xat\u0131rlad\u0131. Prezident \u0130lham \u018fliyev tarixi, dil v\u0259 m\u0259d\u0259ni yax\u0131nl\u0131\u011f\u0131n m\u00fcnasib\u0259tl\u0259rimizin m\u00f6hk\u0259ml\u0259nm\u0259si \u00fc\u00e7\u00fcn \u0259sas yaratd\u0131\u011f\u0131n\u0131 bildirib. \u0130qtisadi sah\u0259d\u0259 \u0259m\u0259kda\u015fl\u0131\u011fa toxunan d\u00f6vl\u0259timizin ba\u015f\u00e7\u0131s\u0131 ticar\u0259t d\u00f6vriyy\u0259sinin s\u0259viyy\u0259sinin art\u0131r\u0131lmas\u0131n\u0131n \u00f6n\u0259mini qeyd edib&hellip;<\/p>\n","protected":false},"author":2,"featured_media":475245,"comment_status":"closed","ping_status":"closed","sticky":false,"template":"","format":"standard","meta":{"om_disable_all_campaigns":false,"_monsterinsights_skip_tracking":false,"_monsterinsights_sitenote_active":false,"_monsterinsights_sitenote_note":"","_monsterinsights_sitenote_category":0},"categories":[4],"tags":[],"aioseo_notices":[],"gutentor_comment":0,"rttpg_featured_image_url":{"full":["https:\/\/arantv.az\/wp-content\/uploads\/2022\/05\/16526856165227941378_1000x669.jpg",620,413,false],"landscape":["https:\/\/arantv.az\/wp-content\/uploads\/2022\/05\/16526856165227941378_1000x669.jpg",620,413,false],"portraits":["https:\/\/arantv.az\/wp-content\/uploads\/2022\/05\/16526856165227941378_1000x669.jpg",620,413,false],"thumbnail":["https:\/\/arantv.az\/wp-content\/uploads\/2022\/05\/16526856165227941378_1000x669-500x280.jpg",500,280,true],"medium":["https:\/\/arantv.az\/wp-content\/uploads\/2022\/05\/16526856165227941378_1000x669-548x365.jpg",548,365,true],"large":["https:\/\/arantv.az\/wp-content\/uploads\/2022\/05\/16526856165227941378_1000x669.jpg",620,413,false],"1536x1536":["https:\/\/arantv.az\/wp-content\/uploads\/2022\/05\/16526856165227941378_1000x669.jpg",620,413,false],"2048x2048":["https:\/\/arantv.az\/wp-content\/uploads\/2022\/05\/16526856165227941378_1000x669.jpg",620,413,false],"post-thumbnail":["https:\/\/arantv.az\/wp-content\/uploads\/2022\/05\/16526856165227941378_1000x669-240x172.jpg",240,172,true],"advps-thumb-one":["https:\/\/arantv.az\/wp-content\/uploads\/2022\/05\/16526856165227941378_1000x669.jpg",620,413,false]},"rttpg_author":{"display_name":"V\u00fcsal Rafiqo\u011flu","author_link":"https:\/\/arantv.az\/?author=2"},"rttpg_comment":0,"rttpg_category":"<a href=\"https:\/\/arantv.az\/?cat=4\" rel=\"category\">Siyas\u0259t<\/a>","rttpg_excerpt":"Az\u0259rbaycan Respublikas\u0131n\u0131n Prezidenti \u0130lham \u018fliyev may\u0131n 16-da \u00d6zb\u0259kistan Respublikas\u0131 Ali M\u0259clisinin Qanunvericilik Palatas\u0131n\u0131n s\u0259dri Nurdinjon \u0130smoilovun ba\u015f\u00e7\u0131l\u0131q etdiyi n\u00fcmay\u0259nd\u0259 hey\u0259tini q\u0259bul edib. AZ\u018fRTAC x\u0259b\u0259r verir ki, d\u00f6vl\u0259timizin ba\u015f\u00e7\u0131s\u0131 Az\u0259rbaycanla \u00d6zb\u0259kistan aras\u0131nda qarda\u015fl\u0131q m\u00fcnasib\u0259tl\u0259rinin b\u00fct\u00fcn istiqam\u0259tl\u0259rd\u0259, ilk n\u00f6vb\u0259d\u0259 siyasi sah\u0259d\u0259 u\u011furla inki\u015faf etdiyini vur\u011fulay\u0131b, bu i\u015fd\u0259 iki \u00f6lk\u0259nin d\u00f6vl\u0259t ba\u015f\u00e7\u0131lar\u0131 aras\u0131nda m\u00fcnasib\u0259tl\u0259rin x\u00fcsusi \u00f6n\u0259m da\u015f\u0131d\u0131\u011f\u0131n\u0131 qeyd&hellip;","_links":{"self":[{"href":"https:\/\/arantv.az\/index.php?rest_route=\/wp\/v2\/posts\/475244"}],"collection":[{"href":"https:\/\/arantv.az\/index.php?rest_route=\/wp\/v2\/posts"}],"about":[{"href":"https:\/\/arantv.az\/index.php?rest_route=\/wp\/v2\/types\/post"}],"author":[{"embeddable":true,"href":"https:\/\/arantv.az\/index.php?rest_route=\/wp\/v2\/users\/2"}],"replies":[{"embeddable":true,"href":"https:\/\/arantv.az\/index.php?rest_route=%2Fwp%2Fv2%2Fcomments&post=475244"}],"version-history":[{"count":0,"href":"https:\/\/arantv.az\/index.php?rest_route=\/wp\/v2\/posts\/475244\/revisions"}],"wp:featuredmedia":[{"embeddable":true,"href":"https:\/\/arantv.az\/index.php?rest_route=\/wp\/v2\/media\/475245"}],"wp:attachment":[{"href":"https:\/\/arantv.az\/index.php?rest_route=%2Fwp%2Fv2%2Fmedia&parent=475244"}],"wp:term":[{"taxonomy":"category","embeddable":true,"href":"https:\/\/arantv.az\/index.php?rest_route=%2Fwp%2Fv2%2Fcategories&post=475244"},{"taxonomy":"post_tag","embeddable":true,"href":"https:\/\/arantv.az\/index.php?rest_route=%2Fwp%2Fv2%2Ftags&post=475244"}],"curies":[{"name":"wp","href":"https:\/\/api.w.org\/{rel}","templated":true}]}}