{"id":476122,"date":"2022-05-18T14:00:54","date_gmt":"2022-05-18T11:00:54","guid":{"rendered":"https:\/\/arantv.az\/?p=476122"},"modified":"2022-05-18T14:00:54","modified_gmt":"2022-05-18T11:00:54","slug":"erm%c9%99nistanla-sulh-sazisi-imzalamaq-ist%c9%99yirik","status":"publish","type":"post","link":"https:\/\/arantv.az\/?p=476122","title":{"rendered":"Erm\u0259nistanla s\u00fclh sazi\u015fi imzalamaq ist\u0259yirik"},"content":{"rendered":"<p>&#8220;Avropa \u0130ttifaq\u0131-Az\u0259rbaycan \u0259laq\u0259l\u0259rinin inki\u015faf etdirilm\u0259si yollar\u0131 il\u0259 ba\u011fl\u0131 qar\u015f\u0131l\u0131ql\u0131 anla\u015fma var. Biz Avropa \u0130ttifaq\u0131 il\u0259 s\u0131x \u0259laq\u0259l\u0259r\u0259 dair Az\u0259rbaycan\u0131n planlar\u0131n\u0131 d\u0259st\u0259kl\u0259diyin\u0259 g\u00f6r\u0259 Litvaya, onun h\u00f6kum\u0259tin\u0259, Prezidentin\u0259 minn\u0259tdar\u0131q. \u018flb\u0259tt\u0259 ki, bu yax\u015f\u0131 f\u00fcrs\u0259td\u0259n istifad\u0259 ed\u0259r\u0259k ikit\u0259r\u0259fli \u0259laq\u0259l\u0259ri g\u00fccl\u0259ndirm\u0259liyik&#8221;.<\/p>\n<p><strong>ARANTV.AZ\u00a0 x\u0259b\u0259r verir ki,<\/strong>\u00a0bu fikirl\u0259ri Az\u0259rbaycan Respublikas\u0131n\u0131n Prezidenti \u0130lham \u018fliyev may\u0131n 18-d\u0259 Litva Respublikas\u0131n\u0131n Prezidenti Gitanas Nauseda il\u0259 geni\u015f t\u0259rkibd\u0259 g\u00f6r\u00fc\u015f\u00fc zaman\u0131 deyib.<\/p>\n<p>&#8220;H\u0259m\u00e7inin biz regional v\u0259ziyy\u0259ti, Az\u0259rbaycanla Erm\u0259nistan aras\u0131nda m\u00fcnasib\u0259tl\u0259rin normalla\u015fmas\u0131 prosesini geni\u015f m\u00fczakir\u0259 etdik. Bilir\u0259m ki, Az\u0259rbaycandan sonra Prezident Erm\u0259nistana s\u0259f\u0259r ed\u0259c\u0259k. Bel\u0259likl\u0259, \u0259min\u0259m ki, bu s\u0259f\u0259r ba\u015fa \u00e7atandan sonra onda tam t\u0259s\u0259vv\u00fcr formala\u015facaq. Amma bizim m\u00f6vqeyimiz \u00e7ox a\u00e7\u0131qd\u0131r. Biz Erm\u0259nistanla s\u00fclh sazi\u015fi imzalamaq ist\u0259yirik. Biz m\u00fcnasib\u0259tl\u0259ri normalla\u015fd\u0131rmaq v\u0259 d\u00fc\u015fm\u0259n\u00e7ilik s\u0259hif\u0259sini \u00e7evirm\u0259k ist\u0259yirik. Bel\u0259likl\u0259, c\u0259nab Prezident, n\u00fcmay\u0259nd\u0259 hey\u0259tl\u0259rinin \u00fczvl\u0259ri aras\u0131nda m\u00fczakir\u0259 olunmal\u0131 \u00e7ox m\u0259s\u0259l\u0259l\u0259r var&#8221;, &#8211; Prezident vur\u011fulay\u0131b.<\/p>\n","protected":false},"excerpt":{"rendered":"<p>&#8220;Avropa \u0130ttifaq\u0131-Az\u0259rbaycan \u0259laq\u0259l\u0259rinin inki\u015faf etdirilm\u0259si yollar\u0131 il\u0259 ba\u011fl\u0131 qar\u015f\u0131l\u0131ql\u0131 anla\u015fma var. Biz Avropa \u0130ttifaq\u0131 il\u0259 s\u0131x \u0259laq\u0259l\u0259r\u0259 dair Az\u0259rbaycan\u0131n planlar\u0131n\u0131 d\u0259st\u0259kl\u0259diyin\u0259 g\u00f6r\u0259 Litvaya, onun h\u00f6kum\u0259tin\u0259, Prezidentin\u0259 minn\u0259tdar\u0131q. \u018flb\u0259tt\u0259 ki, bu yax\u015f\u0131 f\u00fcrs\u0259td\u0259n istifad\u0259 ed\u0259r\u0259k ikit\u0259r\u0259fli \u0259laq\u0259l\u0259ri g\u00fccl\u0259ndirm\u0259liyik&#8221;. ARANTV.AZ\u00a0 x\u0259b\u0259r verir ki,\u00a0bu fikirl\u0259ri Az\u0259rbaycan Respublikas\u0131n\u0131n Prezidenti \u0130lham \u018fliyev may\u0131n 18-d\u0259 Litva Respublikas\u0131n\u0131n Prezidenti Gitanas Nauseda il\u0259 geni\u015f t\u0259rkibd\u0259 g\u00f6r\u00fc\u015f\u00fc zaman\u0131 deyib. &#8220;H\u0259m\u00e7inin biz regional v\u0259ziyy\u0259ti, Az\u0259rbaycanla Erm\u0259nistan aras\u0131nda m\u00fcnasib\u0259tl\u0259rin normalla\u015fmas\u0131 prosesini geni\u015f m\u00fczakir\u0259 etdik. Bilir\u0259m ki, Az\u0259rbaycandan sonra Prezident Erm\u0259nistana s\u0259f\u0259r ed\u0259c\u0259k. Bel\u0259likl\u0259, \u0259min\u0259m ki, bu s\u0259f\u0259r ba\u015fa \u00e7atandan sonra onda&hellip;<\/p>\n","protected":false},"author":2,"featured_media":476123,"comment_status":"closed","ping_status":"closed","sticky":false,"template":"","format":"standard","meta":{"om_disable_all_campaigns":false,"_monsterinsights_skip_tracking":false,"_monsterinsights_sitenote_active":false,"_monsterinsights_sitenote_note":"","_monsterinsights_sitenote_category":0},"categories":[4],"tags":[],"aioseo_notices":[],"gutentor_comment":0,"rttpg_featured_image_url":{"full":["https:\/\/arantv.az\/wp-content\/uploads\/2022\/05\/acc21473165287142079294036110694953.jpg",975,540,false],"landscape":["https:\/\/arantv.az\/wp-content\/uploads\/2022\/05\/acc21473165287142079294036110694953.jpg",975,540,false],"portraits":["https:\/\/arantv.az\/wp-content\/uploads\/2022\/05\/acc21473165287142079294036110694953.jpg",975,540,false],"thumbnail":["https:\/\/arantv.az\/wp-content\/uploads\/2022\/05\/acc21473165287142079294036110694953-500x280.jpg",500,280,true],"medium":["https:\/\/arantv.az\/wp-content\/uploads\/2022\/05\/acc21473165287142079294036110694953-660x365.jpg",660,365,true],"large":["https:\/\/arantv.az\/wp-content\/uploads\/2022\/05\/acc21473165287142079294036110694953-840x465.jpg",640,354,true],"1536x1536":["https:\/\/arantv.az\/wp-content\/uploads\/2022\/05\/acc21473165287142079294036110694953.jpg",975,540,false],"2048x2048":["https:\/\/arantv.az\/wp-content\/uploads\/2022\/05\/acc21473165287142079294036110694953.jpg",975,540,false],"post-thumbnail":["https:\/\/arantv.az\/wp-content\/uploads\/2022\/05\/acc21473165287142079294036110694953-240x172.jpg",240,172,true],"advps-thumb-one":["https:\/\/arantv.az\/wp-content\/uploads\/2022\/05\/acc21473165287142079294036110694953.jpg",975,540,false]},"rttpg_author":{"display_name":"V\u00fcsal Rafiqo\u011flu","author_link":"https:\/\/arantv.az\/?author=2"},"rttpg_comment":0,"rttpg_category":"<a href=\"https:\/\/arantv.az\/?cat=4\" rel=\"category\">Siyas\u0259t<\/a>","rttpg_excerpt":"&#8220;Avropa \u0130ttifaq\u0131-Az\u0259rbaycan \u0259laq\u0259l\u0259rinin inki\u015faf etdirilm\u0259si yollar\u0131 il\u0259 ba\u011fl\u0131 qar\u015f\u0131l\u0131ql\u0131 anla\u015fma var. Biz Avropa \u0130ttifaq\u0131 il\u0259 s\u0131x \u0259laq\u0259l\u0259r\u0259 dair Az\u0259rbaycan\u0131n planlar\u0131n\u0131 d\u0259st\u0259kl\u0259diyin\u0259 g\u00f6r\u0259 Litvaya, onun h\u00f6kum\u0259tin\u0259, Prezidentin\u0259 minn\u0259tdar\u0131q. \u018flb\u0259tt\u0259 ki, bu yax\u015f\u0131 f\u00fcrs\u0259td\u0259n istifad\u0259 ed\u0259r\u0259k ikit\u0259r\u0259fli \u0259laq\u0259l\u0259ri g\u00fccl\u0259ndirm\u0259liyik&#8221;. ARANTV.AZ\u00a0 x\u0259b\u0259r verir ki,\u00a0bu fikirl\u0259ri Az\u0259rbaycan Respublikas\u0131n\u0131n Prezidenti \u0130lham \u018fliyev may\u0131n 18-d\u0259 Litva Respublikas\u0131n\u0131n Prezidenti Gitanas Nauseda il\u0259&hellip;","_links":{"self":[{"href":"https:\/\/arantv.az\/index.php?rest_route=\/wp\/v2\/posts\/476122"}],"collection":[{"href":"https:\/\/arantv.az\/index.php?rest_route=\/wp\/v2\/posts"}],"about":[{"href":"https:\/\/arantv.az\/index.php?rest_route=\/wp\/v2\/types\/post"}],"author":[{"embeddable":true,"href":"https:\/\/arantv.az\/index.php?rest_route=\/wp\/v2\/users\/2"}],"replies":[{"embeddable":true,"href":"https:\/\/arantv.az\/index.php?rest_route=%2Fwp%2Fv2%2Fcomments&post=476122"}],"version-history":[{"count":0,"href":"https:\/\/arantv.az\/index.php?rest_route=\/wp\/v2\/posts\/476122\/revisions"}],"wp:featuredmedia":[{"embeddable":true,"href":"https:\/\/arantv.az\/index.php?rest_route=\/wp\/v2\/media\/476123"}],"wp:attachment":[{"href":"https:\/\/arantv.az\/index.php?rest_route=%2Fwp%2Fv2%2Fmedia&parent=476122"}],"wp:term":[{"taxonomy":"category","embeddable":true,"href":"https:\/\/arantv.az\/index.php?rest_route=%2Fwp%2Fv2%2Fcategories&post=476122"},{"taxonomy":"post_tag","embeddable":true,"href":"https:\/\/arantv.az\/index.php?rest_route=%2Fwp%2Fv2%2Ftags&post=476122"}],"curies":[{"name":"wp","href":"https:\/\/api.w.org\/{rel}","templated":true}]}}