{"id":476128,"date":"2022-05-18T14:03:05","date_gmt":"2022-05-18T11:03:05","guid":{"rendered":"https:\/\/arantv.az\/?p=476128"},"modified":"2022-05-18T14:03:05","modified_gmt":"2022-05-18T11:03:05","slug":"q%c9%99zali-bagcanin-aqib%c9%99ti-nec%c9%99-olacaq-video","status":"publish","type":"post","link":"https:\/\/arantv.az\/?p=476128","title":{"rendered":"Q\u0259zal\u0131 ba\u011f\u00e7an\u0131n aqib\u0259ti nec\u0259 olacaq? &#8211; V\u0130DEO"},"content":{"rendered":"<p>K\u00fcrd\u0259mird\u0259 Mehman \u0130slamov ad\u0131na 8 sayl\u0131 u\u015faq ba\u011f\u00e7as\u0131 q\u0259zal\u0131 v\u0259ziyy\u0259td\u0259dir.<\/p>\n<article class=\"news\">\n<div class=\"news-inner\">\n<p>Bina yarars\u0131z hala d\u00fc\u015fd\u00fcy\u00fcnd\u0259n t\u0259qrib\u0259n il yar\u0131m \u00f6nc\u0259 f\u0259aliyy\u0259tini dayand\u0131r\u0131b v\u0259 kollektiv yeni bina tikil\u0259n\u0259 q\u0259d\u0259r dig\u0259r t\u0259dris m\u00fc\u0259ssis\u0259l\u0259rin\u0259 yerl\u0259\u015fdirilib. Bu m\u00fcdd\u0259t \u0259rzind\u0259 is\u0259 he\u00e7 bir tikinti i\u015fl\u0259ri apar\u0131lmay\u0131b.<\/p>\n<p>M\u0259s\u0259l\u0259 il\u0259 ba\u011fl\u0131 K\u00fcrd\u0259mir Rayon \u0130cra Hakimiyy\u0259tind\u0259n bildirilib ki, ba\u011f\u00e7an\u0131n tikintisi il\u0259 \u0259laq\u0259dar aidiyy\u0259ti qurumlara m\u00fcraci\u0259t olunub, \u201cV\u0259sait ayr\u0131ld\u0131qdan sonra tikintiy\u0259 ba\u015flan\u0131lacaq\u201d, &#8211; dey\u0259 qurumdan \u0259lav\u0259 edilib.<\/p>\n<p>Daha \u0259trafl\u0131\u00a0Baku TV-nin s\u00fcjetind\u0259:<\/p>\n<div><iframe loading=\"lazy\" title=\"YouTube video player\" src=\"https:\/\/www.youtube.com\/embed\/nPMfoy3tfgI\" width=\"560\" height=\"315\" frameborder=\"0\" allowfullscreen=\"allowfullscreen\" data-mce-fragment=\"1\"><\/iframe><\/div>\n<\/div>\n<\/article>\n","protected":false},"excerpt":{"rendered":"<p>K\u00fcrd\u0259mird\u0259 Mehman \u0130slamov ad\u0131na 8 sayl\u0131 u\u015faq ba\u011f\u00e7as\u0131 q\u0259zal\u0131 v\u0259ziyy\u0259td\u0259dir. Bina yarars\u0131z hala d\u00fc\u015fd\u00fcy\u00fcnd\u0259n t\u0259qrib\u0259n il yar\u0131m \u00f6nc\u0259 f\u0259aliyy\u0259tini dayand\u0131r\u0131b v\u0259 kollektiv yeni bina tikil\u0259n\u0259 q\u0259d\u0259r dig\u0259r t\u0259dris m\u00fc\u0259ssis\u0259l\u0259rin\u0259 yerl\u0259\u015fdirilib. Bu m\u00fcdd\u0259t \u0259rzind\u0259 is\u0259 he\u00e7 bir tikinti i\u015fl\u0259ri apar\u0131lmay\u0131b. M\u0259s\u0259l\u0259 il\u0259 ba\u011fl\u0131 K\u00fcrd\u0259mir Rayon \u0130cra Hakimiyy\u0259tind\u0259n bildirilib ki, ba\u011f\u00e7an\u0131n tikintisi il\u0259 \u0259laq\u0259dar aidiyy\u0259ti qurumlara m\u00fcraci\u0259t olunub, \u201cV\u0259sait ayr\u0131ld\u0131qdan sonra tikintiy\u0259 ba\u015flan\u0131lacaq\u201d, &#8211; dey\u0259 qurumdan \u0259lav\u0259 edilib. Daha \u0259trafl\u0131\u00a0Baku TV-nin s\u00fcjetind\u0259:<\/p>\n","protected":false},"author":2,"featured_media":476129,"comment_status":"closed","ping_status":"closed","sticky":false,"template":"","format":"standard","meta":{"om_disable_all_campaigns":false,"_monsterinsights_skip_tracking":false,"_monsterinsights_sitenote_active":false,"_monsterinsights_sitenote_note":"","_monsterinsights_sitenote_category":0},"categories":[1],"tags":[],"aioseo_notices":[],"gutentor_comment":0,"rttpg_featured_image_url":{"full":["https:\/\/arantv.az\/wp-content\/uploads\/2022\/05\/FotoJet-2022-05-18T125221.660.jpg",620,413,false],"landscape":["https:\/\/arantv.az\/wp-content\/uploads\/2022\/05\/FotoJet-2022-05-18T125221.660.jpg",620,413,false],"portraits":["https:\/\/arantv.az\/wp-content\/uploads\/2022\/05\/FotoJet-2022-05-18T125221.660.jpg",620,413,false],"thumbnail":["https:\/\/arantv.az\/wp-content\/uploads\/2022\/05\/FotoJet-2022-05-18T125221.660-500x280.jpg",500,280,true],"medium":["https:\/\/arantv.az\/wp-content\/uploads\/2022\/05\/FotoJet-2022-05-18T125221.660-548x365.jpg",548,365,true],"large":["https:\/\/arantv.az\/wp-content\/uploads\/2022\/05\/FotoJet-2022-05-18T125221.660.jpg",620,413,false],"1536x1536":["https:\/\/arantv.az\/wp-content\/uploads\/2022\/05\/FotoJet-2022-05-18T125221.660.jpg",620,413,false],"2048x2048":["https:\/\/arantv.az\/wp-content\/uploads\/2022\/05\/FotoJet-2022-05-18T125221.660.jpg",620,413,false],"post-thumbnail":["https:\/\/arantv.az\/wp-content\/uploads\/2022\/05\/FotoJet-2022-05-18T125221.660-240x172.jpg",240,172,true],"advps-thumb-one":["https:\/\/arantv.az\/wp-content\/uploads\/2022\/05\/FotoJet-2022-05-18T125221.660.jpg",620,413,false]},"rttpg_author":{"display_name":"V\u00fcsal Rafiqo\u011flu","author_link":"https:\/\/arantv.az\/?author=2"},"rttpg_comment":0,"rttpg_category":"<a href=\"https:\/\/arantv.az\/?cat=1\" rel=\"category\">C\u0259miyy\u0259t<\/a>","rttpg_excerpt":"K\u00fcrd\u0259mird\u0259 Mehman \u0130slamov ad\u0131na 8 sayl\u0131 u\u015faq ba\u011f\u00e7as\u0131 q\u0259zal\u0131 v\u0259ziyy\u0259td\u0259dir. Bina yarars\u0131z hala d\u00fc\u015fd\u00fcy\u00fcnd\u0259n t\u0259qrib\u0259n il yar\u0131m \u00f6nc\u0259 f\u0259aliyy\u0259tini dayand\u0131r\u0131b v\u0259 kollektiv yeni bina tikil\u0259n\u0259 q\u0259d\u0259r dig\u0259r t\u0259dris m\u00fc\u0259ssis\u0259l\u0259rin\u0259 yerl\u0259\u015fdirilib. Bu m\u00fcdd\u0259t \u0259rzind\u0259 is\u0259 he\u00e7 bir tikinti i\u015fl\u0259ri apar\u0131lmay\u0131b. M\u0259s\u0259l\u0259 il\u0259 ba\u011fl\u0131 K\u00fcrd\u0259mir Rayon \u0130cra Hakimiyy\u0259tind\u0259n bildirilib ki, ba\u011f\u00e7an\u0131n tikintisi il\u0259 \u0259laq\u0259dar aidiyy\u0259ti qurumlara m\u00fcraci\u0259t&hellip;","_links":{"self":[{"href":"https:\/\/arantv.az\/index.php?rest_route=\/wp\/v2\/posts\/476128"}],"collection":[{"href":"https:\/\/arantv.az\/index.php?rest_route=\/wp\/v2\/posts"}],"about":[{"href":"https:\/\/arantv.az\/index.php?rest_route=\/wp\/v2\/types\/post"}],"author":[{"embeddable":true,"href":"https:\/\/arantv.az\/index.php?rest_route=\/wp\/v2\/users\/2"}],"replies":[{"embeddable":true,"href":"https:\/\/arantv.az\/index.php?rest_route=%2Fwp%2Fv2%2Fcomments&post=476128"}],"version-history":[{"count":0,"href":"https:\/\/arantv.az\/index.php?rest_route=\/wp\/v2\/posts\/476128\/revisions"}],"wp:featuredmedia":[{"embeddable":true,"href":"https:\/\/arantv.az\/index.php?rest_route=\/wp\/v2\/media\/476129"}],"wp:attachment":[{"href":"https:\/\/arantv.az\/index.php?rest_route=%2Fwp%2Fv2%2Fmedia&parent=476128"}],"wp:term":[{"taxonomy":"category","embeddable":true,"href":"https:\/\/arantv.az\/index.php?rest_route=%2Fwp%2Fv2%2Fcategories&post=476128"},{"taxonomy":"post_tag","embeddable":true,"href":"https:\/\/arantv.az\/index.php?rest_route=%2Fwp%2Fv2%2Ftags&post=476128"}],"curies":[{"name":"wp","href":"https:\/\/api.w.org\/{rel}","templated":true}]}}