{"id":476138,"date":"2022-05-18T14:11:35","date_gmt":"2022-05-18T11:11:35","guid":{"rendered":"https:\/\/arantv.az\/?p=476138"},"modified":"2022-05-18T14:11:35","modified_gmt":"2022-05-18T11:11:35","slug":"az%c9%99rbaycan-v%c9%99-litva-prezidentl%c9%99rinin-muzakir%c9%99-etdiyi-m%c9%99s%c9%99l%c9%99l%c9%99r-aciqlanib","status":"publish","type":"post","link":"https:\/\/arantv.az\/?p=476138","title":{"rendered":"Az\u0259rbaycan v\u0259 Litva prezidentl\u0259rinin m\u00fczakir\u0259 etdiyi m\u0259s\u0259l\u0259l\u0259r a\u00e7\u0131qlan\u0131b"},"content":{"rendered":"<p>&#8220;Bir q\u0259d\u0259r \u0259vv\u0259l biz c\u0259nab Prezidentl\u0259 ikit\u0259r\u0259fli \u0259m\u0259kda\u015fl\u0131\u011f\u0131m\u0131z\u0131n m\u00fcxt\u0259lif m\u00fch\u00fcm m\u0259s\u0259l\u0259l\u0259ri, el\u0259c\u0259 d\u0259 regional inki\u015faf, s\u00f6zs\u00fcz ki, Avropa \u0130ttifaq\u0131-Az\u0259rbaycan \u0259m\u0259kda\u015fl\u0131\u011f\u0131 il\u0259 ba\u011fl\u0131 \u00e7ox yax\u015f\u0131 v\u0259 geni\u015f m\u00fczakir\u0259l\u0259r apard\u0131q. Biz bax\u0131\u015flar\u0131m\u0131zda \u00e7ox ox\u015farl\u0131q oldu\u011funu g\u00f6r\u00fcr\u00fck&#8221;.<\/p>\n<p><strong>ARANTV.AZ x\u0259b\u0259r verir ki,<\/strong>\u00a0bu fikirl\u0259ri Az\u0259rbaycan Respublikas\u0131n\u0131n Prezidenti \u0130lham \u018fliyev may\u0131n 18-d\u0259 Litva Respublikas\u0131n\u0131n Prezidenti Gitanas Nauseda il\u0259 geni\u015f t\u0259rkibd\u0259 g\u00f6r\u00fc\u015f\u00fc zaman\u0131 deyib.<\/p>\n<p>&#8220;\u0130kit\u0259r\u0259fli \u0259laq\u0259l\u0259rin inki\u015faf\u0131na g\u0259linc\u0259, biz \u00e7ox nikbin fikird\u0259yik. Biz c\u0259nab Prezidentl\u0259 iqtisadi sektorda \u00fcmidverici oldu\u011funu d\u00fc\u015f\u00fcnd\u00fcy\u00fcm\u00fcz sah\u0259l\u0259ri m\u00fczakir\u0259 etdik. D\u00fc\u015f\u00fcn\u00fcr\u0259m ki, bu g\u00fcn n\u00fcmay\u0259nd\u0259 hey\u0259tl\u0259rinin \u00fczvl\u0259ri art\u0131q t\u0259maslara ba\u015flay\u0131b v\u0259 bunu davam etdir\u0259c\u0259kl\u0259r. \u00c7\u00fcnki m\u00fcxt\u0259lif sah\u0259l\u0259r\u0259 m\u0259sul olan \u015f\u0259xsl\u0259r aras\u0131nda birba\u015fa \u015f\u0259xsi t\u0259maslar qurmaq vacibdir. \u018flb\u0259tt\u0259 ki, biznes forum \u00e7ox \u00fcmidvericidir. Bilir\u0259m ki, s\u0259n\u0259dl\u0259r imzalanacaq, h\u0259m\u00e7inin m\u00fch\u00fcm olan odur ki, biznes dair\u0259l\u0259rimiz aras\u0131nda birba\u015fa t\u0259maslar qurulacaq. C\u0259nab Prezidentl\u0259 m\u00fczakir\u0259 etdiyimiz kimi, potensial \u0259m\u0259kda\u015fl\u0131q sah\u0259l\u0259ri, &#8211; informasiya texnologiyalar\u0131ndan ba\u015flayaraq, k\u0259nd t\u0259s\u0259rr\u00fcfat\u0131, turizm, enerji, b\u0259rpa olunan enerji m\u0259nb\u0259l\u0259ri, n\u0259qliyyata q\u0259d\u0259r, &#8211; h\u0259qiq\u0259t\u0259n d\u0259 \u00e7ox geni\u015fdir. D\u00fc\u015f\u00fcn\u00fcr\u0259m ki, biz \u00e7ox yax\u015f\u0131 n\u0259tic\u0259l\u0259r\u0259 nail ola bil\u0259rik. \u00c7\u00fcnki bizim m\u00fcnasib\u0259tl\u0259rimizin \u00e7ox yax\u015f\u0131 siyasi t\u0259m\u0259li var v\u0259 Prezidentin r\u0259smi s\u0259f\u0259ri ikit\u0259r\u0259fli \u0259laq\u0259l\u0259rd\u0259 m\u00fch\u00fcm amildir&#8221;, &#8211; Prezident qeyd edib.<\/p>\n","protected":false},"excerpt":{"rendered":"<p>&#8220;Bir q\u0259d\u0259r \u0259vv\u0259l biz c\u0259nab Prezidentl\u0259 ikit\u0259r\u0259fli \u0259m\u0259kda\u015fl\u0131\u011f\u0131m\u0131z\u0131n m\u00fcxt\u0259lif m\u00fch\u00fcm m\u0259s\u0259l\u0259l\u0259ri, el\u0259c\u0259 d\u0259 regional inki\u015faf, s\u00f6zs\u00fcz ki, Avropa \u0130ttifaq\u0131-Az\u0259rbaycan \u0259m\u0259kda\u015fl\u0131\u011f\u0131 il\u0259 ba\u011fl\u0131 \u00e7ox yax\u015f\u0131 v\u0259 geni\u015f m\u00fczakir\u0259l\u0259r apard\u0131q. Biz bax\u0131\u015flar\u0131m\u0131zda \u00e7ox ox\u015farl\u0131q oldu\u011funu g\u00f6r\u00fcr\u00fck&#8221;. ARANTV.AZ x\u0259b\u0259r verir ki,\u00a0bu fikirl\u0259ri Az\u0259rbaycan Respublikas\u0131n\u0131n Prezidenti \u0130lham \u018fliyev may\u0131n 18-d\u0259 Litva Respublikas\u0131n\u0131n Prezidenti Gitanas Nauseda il\u0259 geni\u015f t\u0259rkibd\u0259 g\u00f6r\u00fc\u015f\u00fc zaman\u0131 deyib. &#8220;\u0130kit\u0259r\u0259fli \u0259laq\u0259l\u0259rin inki\u015faf\u0131na g\u0259linc\u0259, biz \u00e7ox nikbin fikird\u0259yik. Biz c\u0259nab Prezidentl\u0259 iqtisadi sektorda \u00fcmidverici oldu\u011funu d\u00fc\u015f\u00fcnd\u00fcy\u00fcm\u00fcz sah\u0259l\u0259ri m\u00fczakir\u0259 etdik. D\u00fc\u015f\u00fcn\u00fcr\u0259m ki, bu g\u00fcn n\u00fcmay\u0259nd\u0259 hey\u0259tl\u0259rinin \u00fczvl\u0259ri art\u0131q t\u0259maslara ba\u015flay\u0131b v\u0259 bunu davam etdir\u0259c\u0259kl\u0259r.&hellip;<\/p>\n","protected":false},"author":2,"featured_media":476139,"comment_status":"closed","ping_status":"closed","sticky":false,"template":"","format":"standard","meta":{"om_disable_all_campaigns":false,"_monsterinsights_skip_tracking":false,"_monsterinsights_sitenote_active":false,"_monsterinsights_sitenote_note":"","_monsterinsights_sitenote_category":0},"categories":[4],"tags":[],"aioseo_notices":[],"gutentor_comment":0,"rttpg_featured_image_url":{"full":["https:\/\/arantv.az\/wp-content\/uploads\/2022\/05\/e077e1a5165287161579254693110848661.jpg",975,540,false],"landscape":["https:\/\/arantv.az\/wp-content\/uploads\/2022\/05\/e077e1a5165287161579254693110848661.jpg",975,540,false],"portraits":["https:\/\/arantv.az\/wp-content\/uploads\/2022\/05\/e077e1a5165287161579254693110848661.jpg",975,540,false],"thumbnail":["https:\/\/arantv.az\/wp-content\/uploads\/2022\/05\/e077e1a5165287161579254693110848661-500x280.jpg",500,280,true],"medium":["https:\/\/arantv.az\/wp-content\/uploads\/2022\/05\/e077e1a5165287161579254693110848661-660x365.jpg",660,365,true],"large":["https:\/\/arantv.az\/wp-content\/uploads\/2022\/05\/e077e1a5165287161579254693110848661-840x465.jpg",640,354,true],"1536x1536":["https:\/\/arantv.az\/wp-content\/uploads\/2022\/05\/e077e1a5165287161579254693110848661.jpg",975,540,false],"2048x2048":["https:\/\/arantv.az\/wp-content\/uploads\/2022\/05\/e077e1a5165287161579254693110848661.jpg",975,540,false],"post-thumbnail":["https:\/\/arantv.az\/wp-content\/uploads\/2022\/05\/e077e1a5165287161579254693110848661-240x172.jpg",240,172,true],"advps-thumb-one":["https:\/\/arantv.az\/wp-content\/uploads\/2022\/05\/e077e1a5165287161579254693110848661.jpg",975,540,false]},"rttpg_author":{"display_name":"V\u00fcsal Rafiqo\u011flu","author_link":"https:\/\/arantv.az\/?author=2"},"rttpg_comment":0,"rttpg_category":"<a href=\"https:\/\/arantv.az\/?cat=4\" rel=\"category\">Siyas\u0259t<\/a>","rttpg_excerpt":"&#8220;Bir q\u0259d\u0259r \u0259vv\u0259l biz c\u0259nab Prezidentl\u0259 ikit\u0259r\u0259fli \u0259m\u0259kda\u015fl\u0131\u011f\u0131m\u0131z\u0131n m\u00fcxt\u0259lif m\u00fch\u00fcm m\u0259s\u0259l\u0259l\u0259ri, el\u0259c\u0259 d\u0259 regional inki\u015faf, s\u00f6zs\u00fcz ki, Avropa \u0130ttifaq\u0131-Az\u0259rbaycan \u0259m\u0259kda\u015fl\u0131\u011f\u0131 il\u0259 ba\u011fl\u0131 \u00e7ox yax\u015f\u0131 v\u0259 geni\u015f m\u00fczakir\u0259l\u0259r apard\u0131q. Biz bax\u0131\u015flar\u0131m\u0131zda \u00e7ox ox\u015farl\u0131q oldu\u011funu g\u00f6r\u00fcr\u00fck&#8221;. ARANTV.AZ x\u0259b\u0259r verir ki,\u00a0bu fikirl\u0259ri Az\u0259rbaycan Respublikas\u0131n\u0131n Prezidenti \u0130lham \u018fliyev may\u0131n 18-d\u0259 Litva Respublikas\u0131n\u0131n Prezidenti Gitanas Nauseda il\u0259 geni\u015f t\u0259rkibd\u0259 g\u00f6r\u00fc\u015f\u00fc&hellip;","_links":{"self":[{"href":"https:\/\/arantv.az\/index.php?rest_route=\/wp\/v2\/posts\/476138"}],"collection":[{"href":"https:\/\/arantv.az\/index.php?rest_route=\/wp\/v2\/posts"}],"about":[{"href":"https:\/\/arantv.az\/index.php?rest_route=\/wp\/v2\/types\/post"}],"author":[{"embeddable":true,"href":"https:\/\/arantv.az\/index.php?rest_route=\/wp\/v2\/users\/2"}],"replies":[{"embeddable":true,"href":"https:\/\/arantv.az\/index.php?rest_route=%2Fwp%2Fv2%2Fcomments&post=476138"}],"version-history":[{"count":0,"href":"https:\/\/arantv.az\/index.php?rest_route=\/wp\/v2\/posts\/476138\/revisions"}],"wp:featuredmedia":[{"embeddable":true,"href":"https:\/\/arantv.az\/index.php?rest_route=\/wp\/v2\/media\/476139"}],"wp:attachment":[{"href":"https:\/\/arantv.az\/index.php?rest_route=%2Fwp%2Fv2%2Fmedia&parent=476138"}],"wp:term":[{"taxonomy":"category","embeddable":true,"href":"https:\/\/arantv.az\/index.php?rest_route=%2Fwp%2Fv2%2Fcategories&post=476138"},{"taxonomy":"post_tag","embeddable":true,"href":"https:\/\/arantv.az\/index.php?rest_route=%2Fwp%2Fv2%2Ftags&post=476138"}],"curies":[{"name":"wp","href":"https:\/\/api.w.org\/{rel}","templated":true}]}}