{"id":476166,"date":"2022-05-18T14:45:09","date_gmt":"2022-05-18T11:45:09","guid":{"rendered":"https:\/\/arantv.az\/?p=476166"},"modified":"2022-05-18T14:45:09","modified_gmt":"2022-05-18T11:45:09","slug":"isvecr%c9%99-m%c9%99tbuati-ilham-%c9%99liyevin-kralicaya-qarabag-ati-h%c9%99diy%c9%99-etm%c9%99sind%c9%99n-yazdi","status":"publish","type":"post","link":"https:\/\/arantv.az\/?p=476166","title":{"rendered":"\u0130sve\u00e7r\u0259 m\u0259tbuat\u0131 \u0130lham \u018fliyevin krali\u00e7aya Qaraba\u011f at\u0131 h\u0259diy\u0259 etm\u0259sind\u0259n yazd\u0131"},"content":{"rendered":"<p>\u0130sve\u00e7r\u0259nin securnews.ch internet sayt\u0131nda B\u00f6y\u00fck Britaniya v\u0259 \u015eimali \u0130rlandiya Birl\u0259\u015fmi\u015f Krall\u0131\u011f\u0131n\u0131n Krali\u00e7as\u0131 II Elizabet\u0259 Az\u0259rbaycan Respublikas\u0131n\u0131n Prezidenti \u0130lham \u018fliyevin h\u0259diyy\u0259si &#8211; &#8220;\u015e\u00f6hr\u0259t&#8221; adl\u0131 Qaraba\u011f at\u0131n\u0131n t\u0259qdim olunmas\u0131 il\u0259 ba\u011fl\u0131 m\u0259qal\u0259 d\u0259rc olunub.<\/p>\n<p><strong>ARANTV.AZ<\/strong> <a href=\"http:\/\/az.trend.az\/\" target=\"_blank\" rel=\"noopener\">Trend<\/a>-\u0259 istinad\u0259n x\u0259b\u0259r verir ki,\u00a0m\u0259qal\u0259d\u0259 bildirilir ki, son zamanlar ictimaiyy\u0259td\u0259 nadir hallarda g\u00f6r\u00fcn\u0259n 96 ya\u015fl\u0131 Krali\u00e7a Vindzor q\u0259srind\u0259 g\u00f6zl\u0259nilm\u0259d\u0259n \u00fcz\u00fcnd\u0259 xo\u015f t\u0259b\u0259ss\u00fcml\u0259 x\u00fcsusi h\u0259diyy\u0259 q\u0259bul edib. Az\u0259rbaycan Respublikas\u0131n\u0131n At\u00e7\u0131l\u0131q Federasiyas\u0131n\u0131n i\u015ftirak etdiyi v\u0259 Kral ail\u0259si \u00fczvl\u0259rinin \u015f\u0259r\u0259fin\u0259 \u0259n\u0259n\u0259vi t\u0259\u015fkil edil\u0259n Vindzor Kral At\u00e7\u0131l\u0131q \u015eousundan sonra Krali\u00e7aya Az\u0259rbaycan Respublikas\u0131n\u0131n Prezidenti \u0130lham \u018fliyevin h\u0259diyy\u0259si &#8211; &#8220;\u015e\u00f6hr\u0259t&#8221; adl\u0131 Qaraba\u011f at\u0131 t\u0259qdim olunub.<\/p>\n<p>Bununla yana\u015f\u0131, Az\u0259rbaycan\u0131n tan\u0131nm\u0131\u015f heyk\u0259lt\u0259ra\u015f\u0131 Faiq Hac\u0131yevin yaratd\u0131\u011f\u0131 &#8220;Alxan&#8221; adl\u0131 Qaraba\u011f, &#8220;Qalxan&#8221; adl\u0131 Dilbaz atlar\u0131n\u0131n heyk\u0259ll\u0259ri d\u0259 umumi h\u0259diyy\u0259nin t\u0259rkib hiss\u0259si olaraq Krali\u00e7aya t\u0259qdim edilib.<\/p>\n<p>Daha sonra m\u0259qal\u0259d\u0259 Az\u0259rbaycandan olan i\u015ftirak\u00e7\u0131lar v\u0259 onlar\u0131n \u00e7\u0131x\u0131\u015flar\u0131 il\u0259 ba\u011fl\u0131 m\u0259lumat verilib.<\/p>\n","protected":false},"excerpt":{"rendered":"<p>\u0130sve\u00e7r\u0259nin securnews.ch internet sayt\u0131nda B\u00f6y\u00fck Britaniya v\u0259 \u015eimali \u0130rlandiya Birl\u0259\u015fmi\u015f Krall\u0131\u011f\u0131n\u0131n Krali\u00e7as\u0131 II Elizabet\u0259 Az\u0259rbaycan Respublikas\u0131n\u0131n Prezidenti \u0130lham \u018fliyevin h\u0259diyy\u0259si &#8211; &#8220;\u015e\u00f6hr\u0259t&#8221; adl\u0131 Qaraba\u011f at\u0131n\u0131n t\u0259qdim olunmas\u0131 il\u0259 ba\u011fl\u0131 m\u0259qal\u0259 d\u0259rc olunub. ARANTV.AZ Trend-\u0259 istinad\u0259n x\u0259b\u0259r verir ki,\u00a0m\u0259qal\u0259d\u0259 bildirilir ki, son zamanlar ictimaiyy\u0259td\u0259 nadir hallarda g\u00f6r\u00fcn\u0259n 96 ya\u015fl\u0131 Krali\u00e7a Vindzor q\u0259srind\u0259 g\u00f6zl\u0259nilm\u0259d\u0259n \u00fcz\u00fcnd\u0259 xo\u015f t\u0259b\u0259ss\u00fcml\u0259 x\u00fcsusi h\u0259diyy\u0259 q\u0259bul edib. Az\u0259rbaycan Respublikas\u0131n\u0131n At\u00e7\u0131l\u0131q Federasiyas\u0131n\u0131n i\u015ftirak etdiyi v\u0259 Kral ail\u0259si \u00fczvl\u0259rinin \u015f\u0259r\u0259fin\u0259 \u0259n\u0259n\u0259vi t\u0259\u015fkil edil\u0259n Vindzor Kral At\u00e7\u0131l\u0131q \u015eousundan sonra Krali\u00e7aya Az\u0259rbaycan Respublikas\u0131n\u0131n Prezidenti \u0130lham \u018fliyevin h\u0259diyy\u0259si &#8211; &#8220;\u015e\u00f6hr\u0259t&#8221; adl\u0131 Qaraba\u011f at\u0131&hellip;<\/p>\n","protected":false},"author":2,"featured_media":476167,"comment_status":"closed","ping_status":"closed","sticky":false,"template":"","format":"standard","meta":{"om_disable_all_campaigns":false,"_monsterinsights_skip_tracking":false,"_monsterinsights_sitenote_active":false,"_monsterinsights_sitenote_note":"","_monsterinsights_sitenote_category":0},"categories":[4],"tags":[],"aioseo_notices":[],"gutentor_comment":0,"rttpg_featured_image_url":{"full":["https:\/\/arantv.az\/wp-content\/uploads\/2022\/05\/1043396.jpg",1200,820,false],"landscape":["https:\/\/arantv.az\/wp-content\/uploads\/2022\/05\/1043396.jpg",1200,820,false],"portraits":["https:\/\/arantv.az\/wp-content\/uploads\/2022\/05\/1043396.jpg",1200,820,false],"thumbnail":["https:\/\/arantv.az\/wp-content\/uploads\/2022\/05\/1043396-500x280.jpg",500,280,true],"medium":["https:\/\/arantv.az\/wp-content\/uploads\/2022\/05\/1043396-534x365.jpg",534,365,true],"large":["https:\/\/arantv.az\/wp-content\/uploads\/2022\/05\/1043396-840x574.jpg",640,437,true],"1536x1536":["https:\/\/arantv.az\/wp-content\/uploads\/2022\/05\/1043396.jpg",1200,820,false],"2048x2048":["https:\/\/arantv.az\/wp-content\/uploads\/2022\/05\/1043396.jpg",1200,820,false],"post-thumbnail":["https:\/\/arantv.az\/wp-content\/uploads\/2022\/05\/1043396-240x172.jpg",240,172,true],"advps-thumb-one":["https:\/\/arantv.az\/wp-content\/uploads\/2022\/05\/1043396-1200x620.jpg",1200,620,true]},"rttpg_author":{"display_name":"V\u00fcsal Rafiqo\u011flu","author_link":"https:\/\/arantv.az\/?author=2"},"rttpg_comment":0,"rttpg_category":"<a href=\"https:\/\/arantv.az\/?cat=4\" rel=\"category\">Siyas\u0259t<\/a>","rttpg_excerpt":"\u0130sve\u00e7r\u0259nin securnews.ch internet sayt\u0131nda B\u00f6y\u00fck Britaniya v\u0259 \u015eimali \u0130rlandiya Birl\u0259\u015fmi\u015f Krall\u0131\u011f\u0131n\u0131n Krali\u00e7as\u0131 II Elizabet\u0259 Az\u0259rbaycan Respublikas\u0131n\u0131n Prezidenti \u0130lham \u018fliyevin h\u0259diyy\u0259si &#8211; &#8220;\u015e\u00f6hr\u0259t&#8221; adl\u0131 Qaraba\u011f at\u0131n\u0131n t\u0259qdim olunmas\u0131 il\u0259 ba\u011fl\u0131 m\u0259qal\u0259 d\u0259rc olunub. ARANTV.AZ Trend-\u0259 istinad\u0259n x\u0259b\u0259r verir ki,\u00a0m\u0259qal\u0259d\u0259 bildirilir ki, son zamanlar ictimaiyy\u0259td\u0259 nadir hallarda g\u00f6r\u00fcn\u0259n 96 ya\u015fl\u0131 Krali\u00e7a Vindzor q\u0259srind\u0259 g\u00f6zl\u0259nilm\u0259d\u0259n \u00fcz\u00fcnd\u0259 xo\u015f t\u0259b\u0259ss\u00fcml\u0259&hellip;","_links":{"self":[{"href":"https:\/\/arantv.az\/index.php?rest_route=\/wp\/v2\/posts\/476166"}],"collection":[{"href":"https:\/\/arantv.az\/index.php?rest_route=\/wp\/v2\/posts"}],"about":[{"href":"https:\/\/arantv.az\/index.php?rest_route=\/wp\/v2\/types\/post"}],"author":[{"embeddable":true,"href":"https:\/\/arantv.az\/index.php?rest_route=\/wp\/v2\/users\/2"}],"replies":[{"embeddable":true,"href":"https:\/\/arantv.az\/index.php?rest_route=%2Fwp%2Fv2%2Fcomments&post=476166"}],"version-history":[{"count":0,"href":"https:\/\/arantv.az\/index.php?rest_route=\/wp\/v2\/posts\/476166\/revisions"}],"wp:featuredmedia":[{"embeddable":true,"href":"https:\/\/arantv.az\/index.php?rest_route=\/wp\/v2\/media\/476167"}],"wp:attachment":[{"href":"https:\/\/arantv.az\/index.php?rest_route=%2Fwp%2Fv2%2Fmedia&parent=476166"}],"wp:term":[{"taxonomy":"category","embeddable":true,"href":"https:\/\/arantv.az\/index.php?rest_route=%2Fwp%2Fv2%2Fcategories&post=476166"},{"taxonomy":"post_tag","embeddable":true,"href":"https:\/\/arantv.az\/index.php?rest_route=%2Fwp%2Fv2%2Ftags&post=476166"}],"curies":[{"name":"wp","href":"https:\/\/api.w.org\/{rel}","templated":true}]}}