{"id":476479,"date":"2022-05-19T08:56:24","date_gmt":"2022-05-19T05:56:24","guid":{"rendered":"https:\/\/arantv.az\/?p=476479"},"modified":"2022-05-19T08:56:24","modified_gmt":"2022-05-19T05:56:24","slug":"s%c9%99rqsunasliq-institutunda-az%c9%99rbaycanin-q%c9%99dim-m%c9%99d%c9%99niyy%c9%99t-m%c9%99rk%c9%99zi-susa-movzusunda-elmi-konfrans-t%c9%99skil-edilib","status":"publish","type":"post","link":"https:\/\/arantv.az\/?p=476479","title":{"rendered":"\u015e\u0259rq\u015f\u00fcnasl\u0131q \u0130nstitutunda \u201cAz\u0259rbaycan\u0131n q\u0259dim m\u0259d\u0259niyy\u0259t m\u0259rk\u0259zi \u015eu\u015fa\u201d m\u00f6vzusunda elmi konfrans t\u0259\u015fkil edilib"},"content":{"rendered":"<p>May\u0131n 18-d\u0259 AMEA-n\u0131n akademik Ziya B\u00fcnyadov ad\u0131na \u015e\u0259rq\u015f\u00fcnasl\u0131q \u0130nstitutunda \u201cAz\u0259rbaycan\u0131n q\u0259dim m\u0259d\u0259niyy\u0259t m\u0259rk\u0259zi \u015eu\u015fa\u201d m\u00f6vzusunda elmi konfrans ke\u00e7irilib.<\/p>\n<p>Bu bar\u0259d\u0259 AZ\u018fRTAC-a institutdan m\u0259lumat verilib. Bildirilib ki, konfransda AMEA-n\u0131n vitse-prezidenti v\u0259zif\u0259sini icra ed\u0259n, \u015e\u0259rq\u015f\u00fcnasl\u0131q \u0130nstitutunun ba\u015f direktoru akademik G\u00f6vh\u0259r Bax\u015f\u0259liyeva Az\u0259rbaycan\u0131n tarixi-m\u0259d\u0259ni, ictimai-siyasi h\u0259yat\u0131n\u0131n m\u00fch\u00fcm m\u0259rk\u0259zl\u0259rind\u0259n biri olan \u015eu\u015fan\u0131n 28 illik i\u015f\u011faldan sonra 2020-ci il noyabr\u0131n 8-d\u0259 M\u00fcz\u0259ff\u0259r Ali Ba\u015f Komandan \u0130lham \u018fliyevin r\u0259hb\u0259rliyi il\u0259 r\u0259\u015fad\u0259tli Az\u0259rbaycan Ordusu t\u0259r\u0259find\u0259n azad edildiyini s\u00f6yl\u0259yib. Akademik qeyd edib ki, i\u015f\u011faldan azad edildikd\u0259n d\u0259rhal sonra \u015f\u0259h\u0259rd\u0259 infrastrukturun qurulmas\u0131na, tarix v\u0259 m\u0259d\u0259niyy\u0259t abid\u0259l\u0259rinin b\u0259rpas\u0131na, \u015eu\u015fan\u0131n \u0259sl tarixi simas\u0131n\u0131n b\u0259rpas\u0131 y\u00f6n\u00fcnd\u0259 n\u0259h\u0259ng layih\u0259l\u0259rin h\u0259yata ke\u00e7irm\u0259sin\u0259 ba\u015flan\u0131ld\u0131. Prezidentin \u201c\u015eu\u015fa \u015f\u0259h\u0259rinin Az\u0259rbaycan\u0131n m\u0259d\u0259niyy\u0259t paytaxt\u0131 elan edilm\u0259si haqq\u0131nda\u201d v\u0259 \u201cAz\u0259rbaycan Respublikas\u0131nda 2022-ci ilin \u201c\u015eu\u015fa \u0130li\u201d elan edilm\u0259si haqq\u0131nda\u201d m\u00fcvafiq s\u0259r\u0259ncamlar\u0131n\u0131 xat\u0131rladan akademik G.Bax\u015f\u0259liyeva bununla \u0259laq\u0259dar \u015e\u0259rq\u015f\u00fcnasl\u0131q \u0130nstitutunda da bir s\u0131ra i\u015fl\u0259rin h\u0259yata ke\u00e7irildiyini diqq\u0259t\u0259 \u00e7atd\u0131r\u0131b. Bildirilib ki, bu il institut t\u0259r\u0259find\u0259n iraql\u0131 aliml\u0259rl\u0259 birg\u0259 Bak\u0131da v\u0259 Ba\u011fdadda \u201c\u0130slam al\u0259minin m\u0259d\u0259niyy\u0259t m\u0259rk\u0259zl\u0259rind\u0259n biri \u2013 q\u0259dim \u015eu\u015fa\u201d m\u00f6vzusunda beyn\u0259lxalq, h\u0259m\u00e7inin \u201cQaraba\u011fda tolerantl\u0131q v\u0259 multikulturalizm \u0259n\u0259n\u0259l\u0259ri (Az\u0259rbaycan modeli \u0259sas\u0131nda)\u201d m\u00f6vzusunda respublika konfranslar\u0131 v\u0259 \u201c\u015eu\u015fa ilinin elan olunmas\u0131n\u0131n b\u00f6lg\u0259d\u0259 ictimai-siyasi sabitliyin t\u0259min olunmas\u0131nda \u0259h\u0259miyy\u0259ti\u201d m\u00f6vzusunda elmi sessiya ke\u00e7iril\u0259c\u0259k. \u0130nstitutda 6 dild\u0259 \u201cAz\u0259rbaycan\u0131n m\u0259d\u0259niyy\u0259t paytaxt\u0131 \u015eu\u015fa\u201d adl\u0131 buklet haz\u0131rlanacaq. H\u0259m\u00e7inin \u015eu\u015fa haqq\u0131nda \u0259trafl\u0131 m\u0259lumat haz\u0131rlanaraq t\u00fcrk, \u0259r\u0259b, fars v\u0259 \u00c7in dill\u0259rind\u0259 \u201cVikipediya\u201dda yerl\u0259\u015fdiril\u0259c\u0259k.<\/p>\n<p>G\u00f6vh\u0259r Bax\u015f\u0259liyeva \u201c\u015eu\u015fa \u0130li\u201d \u00e7\u0259r\u00e7iv\u0259sind\u0259 institutda \u201cQaraba\u011f m\u0259s\u0259l\u0259si C\u00fcmhuriyy\u0259t parlamentind\u0259 v\u0259 1918-1920-ci ill\u0259r \u0130ngilt\u0259r\u0259, T\u00fcrkiy\u0259 v\u0259 \u0130ran\u0131n C\u0259nubi Qafqaz siyas\u0259tind\u0259\u201d, \u201cAz\u0259rbaycan-\u0130ran m\u00fcnasib\u0259tl\u0259rind\u0259 \u015eu\u015fa\u201d, \u201c\u0130kinci Qaraba\u011f m\u00fcharib\u0259si v\u0259 m\u00fcs\u0259lman d\u00fcnyas\u0131\u201d, \u201cQaraba\u011f\u0131n epiqrafik abid\u0259l\u0259rind\u0259ki adlar\u201d, \u201cQaraba\u011f\u0131n maddi v\u0259 m\u0259n\u0259vi irsi epiqrafik abid\u0259l\u0259r \u0259sas\u0131nda (X-XIX \u0259srl\u0259r)\u201d m\u00f6vzular\u0131nda elmi-t\u0259dqiqat i\u015fl\u0259rinin apar\u0131ld\u0131\u011f\u0131n\u0131 da qeyd edib.<\/p>\n<p>Konfransda \u015e\u0259rq\u015f\u00fcnasl\u0131q \u0130nstitutunun \u0130ran filologiyas\u0131 \u015f\u00f6b\u0259sinin apar\u0131c\u0131 elmi i\u015f\u00e7isi \u015e\u0259msi \u018fhm\u0259dov \u201c\u015eu\u015fa \u015f\u0259h\u0259rinin sal\u0131nmas\u0131 tarixind\u0259n\u201d m\u00f6vzusunda m\u0259ruz\u0259sind\u0259 bu sah\u0259d\u0259 tarixi faktlar\u0131 diqq\u0259t\u0259 \u00e7atd\u0131r\u0131b. Tarix\u0259n 20-y\u0259 q\u0259d\u0259r \u201cQaraba\u011fnam\u0259\u201dnin yaz\u0131ld\u0131\u011f\u0131n\u0131 qeyd ed\u0259n m\u0259ruz\u0259\u00e7i Qaraba\u011f xanl\u0131\u011f\u0131n\u0131n \u0259sas\u0131n\u0131 qoymu\u015f P\u0259nah\u0259li xan\u0131n f\u0259aliyy\u0259tind\u0259n, Qaraba\u011f b\u00f6lg\u0259sind\u0259 tikdirdiyi Bayat, T\u0259rn\u0259kut, \u015eu\u015fa qalalar\u0131n\u0131n in\u015fas\u0131ndan dan\u0131\u015f\u0131b.<\/p>\n<p>T\u0259dbird\u0259, h\u0259m\u00e7inin institutun C\u0259nubi Az\u0259rbaycan \u015f\u00f6b\u0259sinin m\u00fcdiri S\u0259m\u0259d Bayramzad\u0259 \u201cAz\u0259rbaycan-\u0130ran m\u00fcnasib\u0259tl\u0259rind\u0259 \u015eu\u015fa\u201d, Din v\u0259 ictimai fikir tarixi \u015f\u00f6b\u0259sinin b\u00f6y\u00fck elmi i\u015f\u00e7isi D\u00fcrdan\u0259 C\u0259f\u0259rli \u201c\u015eu\u015fa \u015f\u0259h\u0259ri timsal\u0131nda Qaraba\u011f\u0131n memarl\u0131q m\u0259kt\u0259bi\u201d, h\u0259min \u015f\u00f6b\u0259nin b\u00f6y\u00fck elmi i\u015f\u00e7isi Elnur Mustafayev \u201cYuxar\u0131 G\u00f6vh\u0259r A\u011fa m\u0259scidin\u0259 aid epiqrafik abid\u0259l\u0259rin t\u0259dqiqi\u201d, tarix \u00fczr\u0259 f\u0259ls\u0259f\u0259 doktoru S\u00fcbhan Tal\u0131bl\u0131 \u201cErm\u0259ni vandalizmi n\u0259tic\u0259sind\u0259 da\u011f\u0131d\u0131lm\u0131\u015f maddi-m\u0259d\u0259ni abid\u0259l\u0259r\u201d m\u00f6vzular\u0131nda m\u0259ruz\u0259l\u0259rl\u0259 \u00e7\u0131x\u0131\u015f edibl\u0259r.<\/p>\n<p><img loading=\"lazy\" class=\"alignnone size-medium wp-image-476480\" src=\"https:\/\/arantv.az\/wp-content\/uploads\/2022\/05\/16528809544474625164_1000x669-243x365.jpg\" alt=\"\" width=\"243\" height=\"365\" \/> <img loading=\"lazy\" class=\"alignnone size-medium wp-image-476481\" src=\"https:\/\/arantv.az\/wp-content\/uploads\/2022\/05\/16528809546051736877_1000x669-243x365.jpg\" alt=\"\" width=\"243\" height=\"365\" \/> <img loading=\"lazy\" class=\"alignnone size-medium wp-image-476482\" src=\"https:\/\/arantv.az\/wp-content\/uploads\/2022\/05\/165288095443071745_1000x669-548x365.jpg\" alt=\"\" width=\"548\" height=\"365\" \/> <img loading=\"lazy\" class=\"alignnone size-medium wp-image-476483\" src=\"https:\/\/arantv.az\/wp-content\/uploads\/2022\/05\/16528809543566053852_1000x669-548x365.jpg\" alt=\"\" width=\"548\" height=\"365\" \/><\/p>\n","protected":false},"excerpt":{"rendered":"<p>May\u0131n 18-d\u0259 AMEA-n\u0131n akademik Ziya B\u00fcnyadov ad\u0131na \u015e\u0259rq\u015f\u00fcnasl\u0131q \u0130nstitutunda \u201cAz\u0259rbaycan\u0131n q\u0259dim m\u0259d\u0259niyy\u0259t m\u0259rk\u0259zi \u015eu\u015fa\u201d m\u00f6vzusunda elmi konfrans ke\u00e7irilib. Bu bar\u0259d\u0259 AZ\u018fRTAC-a institutdan m\u0259lumat verilib. Bildirilib ki, konfransda AMEA-n\u0131n vitse-prezidenti v\u0259zif\u0259sini icra ed\u0259n, \u015e\u0259rq\u015f\u00fcnasl\u0131q \u0130nstitutunun ba\u015f direktoru akademik G\u00f6vh\u0259r Bax\u015f\u0259liyeva Az\u0259rbaycan\u0131n tarixi-m\u0259d\u0259ni, ictimai-siyasi h\u0259yat\u0131n\u0131n m\u00fch\u00fcm m\u0259rk\u0259zl\u0259rind\u0259n biri olan \u015eu\u015fan\u0131n 28 illik i\u015f\u011faldan sonra 2020-ci il noyabr\u0131n 8-d\u0259 M\u00fcz\u0259ff\u0259r Ali Ba\u015f Komandan \u0130lham \u018fliyevin r\u0259hb\u0259rliyi il\u0259 r\u0259\u015fad\u0259tli Az\u0259rbaycan Ordusu t\u0259r\u0259find\u0259n azad edildiyini s\u00f6yl\u0259yib. Akademik qeyd edib ki, i\u015f\u011faldan azad edildikd\u0259n d\u0259rhal sonra \u015f\u0259h\u0259rd\u0259 infrastrukturun qurulmas\u0131na, tarix v\u0259 m\u0259d\u0259niyy\u0259t abid\u0259l\u0259rinin b\u0259rpas\u0131na, \u015eu\u015fan\u0131n \u0259sl&hellip;<\/p>\n","protected":false},"author":2,"featured_media":476483,"comment_status":"closed","ping_status":"closed","sticky":false,"template":"","format":"standard","meta":{"om_disable_all_campaigns":false,"_monsterinsights_skip_tracking":false,"_monsterinsights_sitenote_active":false,"_monsterinsights_sitenote_note":"","_monsterinsights_sitenote_category":0},"categories":[23],"tags":[],"aioseo_notices":[],"gutentor_comment":0,"rttpg_featured_image_url":{"full":["https:\/\/arantv.az\/wp-content\/uploads\/2022\/05\/16528809543566053852_1000x669.jpg",1000,666,false],"landscape":["https:\/\/arantv.az\/wp-content\/uploads\/2022\/05\/16528809543566053852_1000x669.jpg",1000,666,false],"portraits":["https:\/\/arantv.az\/wp-content\/uploads\/2022\/05\/16528809543566053852_1000x669.jpg",1000,666,false],"thumbnail":["https:\/\/arantv.az\/wp-content\/uploads\/2022\/05\/16528809543566053852_1000x669-500x280.jpg",500,280,true],"medium":["https:\/\/arantv.az\/wp-content\/uploads\/2022\/05\/16528809543566053852_1000x669-548x365.jpg",548,365,true],"large":["https:\/\/arantv.az\/wp-content\/uploads\/2022\/05\/16528809543566053852_1000x669-840x559.jpg",640,426,true],"1536x1536":["https:\/\/arantv.az\/wp-content\/uploads\/2022\/05\/16528809543566053852_1000x669.jpg",1000,666,false],"2048x2048":["https:\/\/arantv.az\/wp-content\/uploads\/2022\/05\/16528809543566053852_1000x669.jpg",1000,666,false],"post-thumbnail":["https:\/\/arantv.az\/wp-content\/uploads\/2022\/05\/16528809543566053852_1000x669-240x172.jpg",240,172,true],"advps-thumb-one":["https:\/\/arantv.az\/wp-content\/uploads\/2022\/05\/16528809543566053852_1000x669-1000x620.jpg",1000,620,true]},"rttpg_author":{"display_name":"V\u00fcsal Rafiqo\u011flu","author_link":"https:\/\/arantv.az\/?author=2"},"rttpg_comment":0,"rttpg_category":"<a href=\"https:\/\/arantv.az\/?cat=23\" rel=\"category\">T\u0259hsil<\/a>","rttpg_excerpt":"May\u0131n 18-d\u0259 AMEA-n\u0131n akademik Ziya B\u00fcnyadov ad\u0131na \u015e\u0259rq\u015f\u00fcnasl\u0131q \u0130nstitutunda \u201cAz\u0259rbaycan\u0131n q\u0259dim m\u0259d\u0259niyy\u0259t m\u0259rk\u0259zi \u015eu\u015fa\u201d m\u00f6vzusunda elmi konfrans ke\u00e7irilib. Bu bar\u0259d\u0259 AZ\u018fRTAC-a institutdan m\u0259lumat verilib. Bildirilib ki, konfransda AMEA-n\u0131n vitse-prezidenti v\u0259zif\u0259sini icra ed\u0259n, \u015e\u0259rq\u015f\u00fcnasl\u0131q \u0130nstitutunun ba\u015f direktoru akademik G\u00f6vh\u0259r Bax\u015f\u0259liyeva Az\u0259rbaycan\u0131n tarixi-m\u0259d\u0259ni, ictimai-siyasi h\u0259yat\u0131n\u0131n m\u00fch\u00fcm m\u0259rk\u0259zl\u0259rind\u0259n biri olan \u015eu\u015fan\u0131n 28 illik i\u015f\u011faldan sonra 2020-ci il noyabr\u0131n&hellip;","_links":{"self":[{"href":"https:\/\/arantv.az\/index.php?rest_route=\/wp\/v2\/posts\/476479"}],"collection":[{"href":"https:\/\/arantv.az\/index.php?rest_route=\/wp\/v2\/posts"}],"about":[{"href":"https:\/\/arantv.az\/index.php?rest_route=\/wp\/v2\/types\/post"}],"author":[{"embeddable":true,"href":"https:\/\/arantv.az\/index.php?rest_route=\/wp\/v2\/users\/2"}],"replies":[{"embeddable":true,"href":"https:\/\/arantv.az\/index.php?rest_route=%2Fwp%2Fv2%2Fcomments&post=476479"}],"version-history":[{"count":0,"href":"https:\/\/arantv.az\/index.php?rest_route=\/wp\/v2\/posts\/476479\/revisions"}],"wp:featuredmedia":[{"embeddable":true,"href":"https:\/\/arantv.az\/index.php?rest_route=\/wp\/v2\/media\/476483"}],"wp:attachment":[{"href":"https:\/\/arantv.az\/index.php?rest_route=%2Fwp%2Fv2%2Fmedia&parent=476479"}],"wp:term":[{"taxonomy":"category","embeddable":true,"href":"https:\/\/arantv.az\/index.php?rest_route=%2Fwp%2Fv2%2Fcategories&post=476479"},{"taxonomy":"post_tag","embeddable":true,"href":"https:\/\/arantv.az\/index.php?rest_route=%2Fwp%2Fv2%2Ftags&post=476479"}],"curies":[{"name":"wp","href":"https:\/\/api.w.org\/{rel}","templated":true}]}}