{"id":476504,"date":"2022-05-19T09:16:01","date_gmt":"2022-05-19T06:16:01","guid":{"rendered":"https:\/\/arantv.az\/?p=476504"},"modified":"2022-05-19T09:16:01","modified_gmt":"2022-05-19T06:16:01","slug":"v%c9%99t%c9%99ndaslarin-n%c9%99z%c9%99rin%c9%99-az%c9%99rbaycanin-bir-sira-rayonlarinda-qaz-k%c9%99sil%c9%99c%c9%99k","status":"publish","type":"post","link":"https:\/\/arantv.az\/?p=476504","title":{"rendered":"V\u0259t\u0259nda\u015flar\u0131n N\u018fZ\u018fR\u0130N\u018f: Az\u0259rbaycan\u0131n bir s\u0131ra rayonlar\u0131nda qaz k\u0259sil\u0259c\u0259k"},"content":{"rendered":"<p>Bu g\u00fcn Bil\u0259suvar, Balak\u0259n v\u0259 \u015e\u0259mkir rayonlar\u0131n\u0131n b\u0259zi q\u0259s\u0259b\u0259 v\u0259 k\u0259ndl\u0259rind\u0259 qaz t\u0259chizat\u0131nda m\u00fcv\u0259qq\u0259ti fasil\u0259 yaranacaq.<\/p>\n<p>Bu bar\u0259d\u0259 \u201cAz\u0259riqaz\u201d \u0130stehsalat Birliyi m\u0259lumat yay\u0131b.<\/p>\n<p>M\u0259lumata g\u00f6r\u0259, \u201cQaz \u0130xrac\u201d \u0130dar\u0259sin\u0259 m\u0259xsus qaz n\u0259qli sistemind\u0259 may\u0131n 19-da planla\u015fd\u0131r\u0131lm\u0131\u015f t\u0259mir i\u015fl\u0259ri il\u0259 ba\u011fl\u0131\u00a0saat 08:30-dan t\u0259mir i\u015fl\u0259ri ba\u015fa \u00e7atana q\u0259d\u0259r \u201cBil\u0259suvar\u201d QPS-d\u0259n, saat 10:00-dan t\u0259mir i\u015fl\u0259ri ba\u015fa \u00e7atana q\u0259d\u0259r \u201c\u00c7inarl\u0131\u201d, \u201c\u015e\u0259mkir\u201d, \u201cBalak\u0259n\u201d QPS-l\u0259rd\u0259n v\u0259 \u201c\u018fliyaqublu\u201d QTM-d\u0259n qaz t\u0259chizat\u0131 dayand\u0131r\u0131lacaq.<\/p>\n<p>T\u0259mir m\u00fcdd\u0259tind\u0259 Bil\u0259suvar \u015f\u0259h\u0259ri daxil olmaqla\u00a017\u00a0k\u0259ndin, Balak\u0259n \u015f\u0259h\u0259ri daxil olmaqla\u00a055\u00a0k\u0259ndin, h\u0259m\u00e7inin \u015e\u0259mkir \u015f\u0259h\u0259ri daxil olmaqla\u00a0iki q\u0259s\u0259b\u0259 v\u0259\u00a012\u00a0k\u0259ndin qaz t\u0259chizat\u0131nda m\u00fcv\u0259qq\u0259ti fasil\u0259 yaranacaq.<\/p>\n","protected":false},"excerpt":{"rendered":"<p>Bu g\u00fcn Bil\u0259suvar, Balak\u0259n v\u0259 \u015e\u0259mkir rayonlar\u0131n\u0131n b\u0259zi q\u0259s\u0259b\u0259 v\u0259 k\u0259ndl\u0259rind\u0259 qaz t\u0259chizat\u0131nda m\u00fcv\u0259qq\u0259ti fasil\u0259 yaranacaq. Bu bar\u0259d\u0259 \u201cAz\u0259riqaz\u201d \u0130stehsalat Birliyi m\u0259lumat yay\u0131b. M\u0259lumata g\u00f6r\u0259, \u201cQaz \u0130xrac\u201d \u0130dar\u0259sin\u0259 m\u0259xsus qaz n\u0259qli sistemind\u0259 may\u0131n 19-da planla\u015fd\u0131r\u0131lm\u0131\u015f t\u0259mir i\u015fl\u0259ri il\u0259 ba\u011fl\u0131\u00a0saat 08:30-dan t\u0259mir i\u015fl\u0259ri ba\u015fa \u00e7atana q\u0259d\u0259r \u201cBil\u0259suvar\u201d QPS-d\u0259n, saat 10:00-dan t\u0259mir i\u015fl\u0259ri ba\u015fa \u00e7atana q\u0259d\u0259r \u201c\u00c7inarl\u0131\u201d, \u201c\u015e\u0259mkir\u201d, \u201cBalak\u0259n\u201d QPS-l\u0259rd\u0259n v\u0259 \u201c\u018fliyaqublu\u201d QTM-d\u0259n qaz t\u0259chizat\u0131 dayand\u0131r\u0131lacaq. T\u0259mir m\u00fcdd\u0259tind\u0259 Bil\u0259suvar \u015f\u0259h\u0259ri daxil olmaqla\u00a017\u00a0k\u0259ndin, Balak\u0259n \u015f\u0259h\u0259ri daxil olmaqla\u00a055\u00a0k\u0259ndin, h\u0259m\u00e7inin \u015e\u0259mkir \u015f\u0259h\u0259ri daxil olmaqla\u00a0iki q\u0259s\u0259b\u0259 v\u0259\u00a012\u00a0k\u0259ndin qaz t\u0259chizat\u0131nda m\u00fcv\u0259qq\u0259ti fasil\u0259 yaranacaq.<\/p>\n","protected":false},"author":2,"featured_media":421946,"comment_status":"closed","ping_status":"closed","sticky":false,"template":"","format":"standard","meta":{"om_disable_all_campaigns":false,"_monsterinsights_skip_tracking":false,"_monsterinsights_sitenote_active":false,"_monsterinsights_sitenote_note":"","_monsterinsights_sitenote_category":0},"categories":[1],"tags":[],"aioseo_notices":[],"gutentor_comment":0,"rttpg_featured_image_url":{"full":["https:\/\/arantv.az\/wp-content\/uploads\/2022\/01\/qaz_31641023219.png",650,413,false],"landscape":["https:\/\/arantv.az\/wp-content\/uploads\/2022\/01\/qaz_31641023219.png",650,413,false],"portraits":["https:\/\/arantv.az\/wp-content\/uploads\/2022\/01\/qaz_31641023219.png",650,413,false],"thumbnail":["https:\/\/arantv.az\/wp-content\/uploads\/2022\/01\/qaz_31641023219-500x280.png",500,280,true],"medium":["https:\/\/arantv.az\/wp-content\/uploads\/2022\/01\/qaz_31641023219-574x365.png",574,365,true],"large":["https:\/\/arantv.az\/wp-content\/uploads\/2022\/01\/qaz_31641023219.png",640,407,false],"1536x1536":["https:\/\/arantv.az\/wp-content\/uploads\/2022\/01\/qaz_31641023219.png",650,413,false],"2048x2048":["https:\/\/arantv.az\/wp-content\/uploads\/2022\/01\/qaz_31641023219.png",650,413,false],"post-thumbnail":["https:\/\/arantv.az\/wp-content\/uploads\/2022\/01\/qaz_31641023219-240x172.png",240,172,true],"advps-thumb-one":["https:\/\/arantv.az\/wp-content\/uploads\/2022\/01\/qaz_31641023219.png",650,413,false]},"rttpg_author":{"display_name":"V\u00fcsal Rafiqo\u011flu","author_link":"https:\/\/arantv.az\/?author=2"},"rttpg_comment":0,"rttpg_category":"<a href=\"https:\/\/arantv.az\/?cat=1\" rel=\"category\">C\u0259miyy\u0259t<\/a>","rttpg_excerpt":"Bu g\u00fcn Bil\u0259suvar, Balak\u0259n v\u0259 \u015e\u0259mkir rayonlar\u0131n\u0131n b\u0259zi q\u0259s\u0259b\u0259 v\u0259 k\u0259ndl\u0259rind\u0259 qaz t\u0259chizat\u0131nda m\u00fcv\u0259qq\u0259ti fasil\u0259 yaranacaq. Bu bar\u0259d\u0259 \u201cAz\u0259riqaz\u201d \u0130stehsalat Birliyi m\u0259lumat yay\u0131b. M\u0259lumata g\u00f6r\u0259, \u201cQaz \u0130xrac\u201d \u0130dar\u0259sin\u0259 m\u0259xsus qaz n\u0259qli sistemind\u0259 may\u0131n 19-da planla\u015fd\u0131r\u0131lm\u0131\u015f t\u0259mir i\u015fl\u0259ri il\u0259 ba\u011fl\u0131\u00a0saat 08:30-dan t\u0259mir i\u015fl\u0259ri ba\u015fa \u00e7atana q\u0259d\u0259r \u201cBil\u0259suvar\u201d QPS-d\u0259n, saat 10:00-dan t\u0259mir i\u015fl\u0259ri ba\u015fa \u00e7atana q\u0259d\u0259r \u201c\u00c7inarl\u0131\u201d,&hellip;","_links":{"self":[{"href":"https:\/\/arantv.az\/index.php?rest_route=\/wp\/v2\/posts\/476504"}],"collection":[{"href":"https:\/\/arantv.az\/index.php?rest_route=\/wp\/v2\/posts"}],"about":[{"href":"https:\/\/arantv.az\/index.php?rest_route=\/wp\/v2\/types\/post"}],"author":[{"embeddable":true,"href":"https:\/\/arantv.az\/index.php?rest_route=\/wp\/v2\/users\/2"}],"replies":[{"embeddable":true,"href":"https:\/\/arantv.az\/index.php?rest_route=%2Fwp%2Fv2%2Fcomments&post=476504"}],"version-history":[{"count":0,"href":"https:\/\/arantv.az\/index.php?rest_route=\/wp\/v2\/posts\/476504\/revisions"}],"wp:featuredmedia":[{"embeddable":true,"href":"https:\/\/arantv.az\/index.php?rest_route=\/wp\/v2\/media\/421946"}],"wp:attachment":[{"href":"https:\/\/arantv.az\/index.php?rest_route=%2Fwp%2Fv2%2Fmedia&parent=476504"}],"wp:term":[{"taxonomy":"category","embeddable":true,"href":"https:\/\/arantv.az\/index.php?rest_route=%2Fwp%2Fv2%2Fcategories&post=476504"},{"taxonomy":"post_tag","embeddable":true,"href":"https:\/\/arantv.az\/index.php?rest_route=%2Fwp%2Fv2%2Ftags&post=476504"}],"curies":[{"name":"wp","href":"https:\/\/api.w.org\/{rel}","templated":true}]}}