{"id":478310,"date":"2022-05-24T13:43:23","date_gmt":"2022-05-24T10:43:23","guid":{"rendered":"https:\/\/arantv.az\/?p=478310"},"modified":"2022-05-24T13:43:23","modified_gmt":"2022-05-24T10:43:23","slug":"agzini-tik%c9%99n-kecmis-maxe-il%c9%99-bagli-r%c9%99smi-aciqlama-foto","status":"publish","type":"post","link":"https:\/\/arantv.az\/?p=478310","title":{"rendered":"A\u011fz\u0131n\u0131 tik\u0259n ke\u00e7mi\u015f MAXE il\u0259 ba\u011fl\u0131 r\u0259smi a\u00e7\u0131qlama &#8211; FOTO"},"content":{"rendered":"<p>Sosial \u015f\u0259b\u0259k\u0259l\u0259rd\u0259 V\u0259t\u0259n M\u00fcharib\u0259si i\u015ftirak\u00e7\u0131s\u0131 Namiq S\u00fcleymanovun a\u011fz\u0131n\u0131 tikm\u0259si il\u0259 ba\u011fl\u0131 g\u00f6r\u00fcnt\u00fcl\u0259ri yay\u0131l\u0131b. G\u00f6r\u00fcnt\u00fcl\u0259rd\u0259 N.S\u00fcleymanov d\u00f6vl\u0259t qurumlar\u0131 t\u0259r\u0259find\u0259n probleml\u0259rin\u0259 etinas\u0131z yana\u015f\u0131ld\u0131\u011f\u0131na g\u00f6r\u0259 a\u011fz\u0131n\u0131 iyn\u0259-sapla tik\u0259r\u0259k acl\u0131q aksiyas\u0131 etdiyi bildirilib.<\/p>\n<p>M\u0259s\u0259l\u0259 il\u0259 ba\u011fl\u0131 ke\u00e7mi\u015f h\u0259rb\u00e7inin ail\u0259si il\u0259 \u0259laq\u0259 saxlad\u0131q. H\u0259yat yolda\u015f\u0131 &#8220;Qafqazinfo&#8221;ya bildirdi ki, m\u0259nzil v\u0259 i\u015f problemi il\u0259 ba\u011fl\u0131 La\u00e7\u0131n Rayon \u0130cra Hakimiyy\u0259tin\u0259, el\u0259c\u0259 d\u0259 Qa\u00e7q\u0131n v\u0259 M\u0259cburi K\u00f6\u00e7k\u00fcnl\u0259rl\u0259 \u0130\u015f \u00fczr\u0259 D\u00f6vl\u0259t Komit\u0259sin\u0259 m\u00fcraci\u0259t ets\u0259l\u0259r d\u0259, onlara he\u00e7 bir k\u00f6m\u0259k g\u00f6st\u0259rilm\u0259yib: &#8220;N\u0259 evimiz, n\u0259 i\u015fimiz var. Haz\u0131rda A\u011fc\u0259b\u0259di rayonunda ya\u015fay\u0131r\u0131q. H\u0259yat yolda\u015f\u0131m h\u0259rb\u00e7i idi. Lakin m\u00fcqavil\u0259si bit\u0259nd\u0259n sonra i\u015fd\u0259n azad edildi. Namiq A\u011fdam, F\u00fczuli, Z\u0259ngilan, C\u0259bray\u0131l v\u0259 \u015eu\u015fan\u0131n azad olunmas\u0131nda i\u015ftirak edib v\u0259 medallarla t\u0259ltif olunub. Haz\u0131rda rayon sakinl\u0259rinin k\u00f6m\u0259yi il\u0259 A\u011fc\u0259b\u0259did\u0259 qa\u00e7q\u0131nlar \u00fc\u00e7\u00fcn tikil\u0259n q\u0259s\u0259b\u0259d\u0259 m\u0259skunla\u015fm\u0131\u015f\u0131q. La\u00e7\u0131n R\u0130H ba\u015f\u00e7\u0131s\u0131 Aqil N\u0259z\u0259rlinin d\u0259 q\u0259bulunda olduq, lakin he\u00e7 bir k\u00f6m\u0259klik g\u00f6st\u0259rilm\u0259di&#8221;.<\/p>\n<p>Probleml\u0259 \u0259laq\u0259dar La\u00e7\u0131n R\u0130H-\u0259 sor\u011fu \u00fcnvanlad\u0131q. Qurumdan m\u00fcraci\u0259timiz\u0259 cavab olaraq bildirilib ki, icra ba\u015f\u00e7\u0131s\u0131 Aqil N\u0259z\u0259rlinin \u00fcnvan\u0131na s\u0259sl\u0259ndiril\u0259n m\u0259lumatlar \u0259sass\u0131zd\u0131r: &#8220;Namiq S\u00fcleymanov i\u015fl\u0259 v\u0259 m\u0259nzill\u0259 t\u0259min olunmas\u0131 m\u0259s\u0259l\u0259l\u0259ri il\u0259 ba\u011fl\u0131 05.05.2022-ci il tarixd\u0259 icra ba\u015f\u00e7\u0131s\u0131n\u0131n q\u0259bulunda olub. He\u00e7 bir pe\u015f\u0259 v\u0259 ixtisas t\u0259hsili olmayan Namiq S\u00fcleymanovun D\u00f6vl\u0259t M\u0259\u015f\u011fulluq Agentliyin\u0259 m\u00fcraci\u0259t etm\u0259si t\u00f6vsiy\u0259 olunub, La\u00e7\u0131n R\u0130H-nin m\u0259nzil fondu olmad\u0131\u011f\u0131ndan onun m\u0259nzill\u0259 t\u0259min olunmas\u0131 m\u0259s\u0259l\u0259si il\u0259 ba\u011fl\u0131 ona m\u00fcvafiq izahat v\u0259 d\u00fczg\u00fcn istiqam\u0259t verilib.<\/p>\n<p>Namiq S\u00fcleymanov A\u011fcab\u0259di rayonunun Taxta K\u00f6rp\u00fc \u0259razisind\u0259 sal\u0131nm\u0131\u015f 256 ail\u0259lik m\u0259cburi k\u00f6\u00e7k\u00fcn q\u0259s\u0259b\u0259sind\u0259 v\u0259t\u0259nda\u015f L\u0259nk\u0259ran Cabbarova m\u0259xsus evi qanunsuz z\u0259bt edib. A\u011fcab\u0259di Rayon M\u0259hk\u0259m\u0259sinin q\u0259tnam\u0259si il\u0259 onun h\u0259min ya\u015fay\u0131\u015f evind\u0259n \u00e7\u0131xar\u0131lmas\u0131 q\u0259rara al\u0131n\u0131b. V\u0259ziyy\u0259tl\u0259 \u0259laq\u0259dar onun qanunsuz z\u0259bt etdiyi m\u0259nzild\u0259 m\u00fcv\u0259qq\u0259ti m\u0259skunla\u015fmas\u0131 t\u0259klif olunsa da, o, bundan imtina ed\u0259r\u0259k evin \u00f6z ad\u0131na verilm\u0259sini t\u0259kidl\u0259 t\u0259l\u0259b edib. &#8220;Qa\u00e7q\u0131nkom&#8221; t\u0259r\u0259find\u0259n Namiq S\u00fcleymanova h\u0259min q\u0259s\u0259b\u0259d\u0259 birotaql\u0131 ev t\u0259kilf olunub, lakin o, h\u0259min t\u0259klifd\u0259n imtina edib&#8221;.<\/p>\n<div class=\"AdviadNativeVideo\"><\/div>\n<p>\u018fld\u0259 etdiyimiz m\u0259lumata g\u00f6r\u0259, haz\u0131rda N.S\u00fcleymanovun a\u011fz\u0131n\u0131 tik\u0259r\u0259k acl\u0131q aksiyas\u0131 ke\u00e7irm\u0259si il\u0259 ba\u011fl\u0131 La\u00e7\u0131n Rayon Prokurorlu\u011funda ara\u015fd\u0131rma apar\u0131l\u0131r.<\/p>\n<p>M\u0259s\u0259l\u0259 il\u0259 ba\u011fl\u0131 Qa\u00e7q\u0131n v\u0259 M\u0259cburi K\u00f6\u00e7k\u00fcnl\u0259rl\u0259 \u0130\u015f \u00fczr\u0259 D\u00f6vl\u0259t Komit\u0259sin\u0259 d\u0259 sor\u011fu \u00fcnvanlam\u0131\u015f\u0131q.<\/p>\n<p>Qeyd ed\u0259k ki, Namiq S\u00fcleymanov 2017-2021-ci ill\u0259rd\u0259 Az\u0259rbaycan Ordusunda MAXE kimi i\u015fl\u0259yib v\u0259 \u00f6z arzusu il\u0259 2021-ci ilin sentyabr\u0131nda\u00a0<a title=\"xidmetler\" href=\"https:\/\/xidmetler.az\/\" target=\"_blank\" rel=\"noopener\">xidm\u0259td\u0259n<\/a>\u00a0xaric edilib.<\/p>\n<p><img class=\"imgbcode\" src=\"https:\/\/upload.az\/foto\/arxiv\/az2_61653388081.jpg\" alt=\"A\u011fz\u0131n\u0131 tik\u0259n ke\u00e7mi\u015f MAXE il\u0259 ba\u011fl\u0131 r\u0259smi a\u00e7\u0131qlama - FOTO\" \/><img class=\"imgbcode\" src=\"https:\/\/upload.az\/foto\/arxiv\/az3_31653388081.jpg\" alt=\"A\u011fz\u0131n\u0131 tik\u0259n ke\u00e7mi\u015f MAXE il\u0259 ba\u011fl\u0131 r\u0259smi a\u00e7\u0131qlama - FOTO\" \/><\/p>\n","protected":false},"excerpt":{"rendered":"<p>Sosial \u015f\u0259b\u0259k\u0259l\u0259rd\u0259 V\u0259t\u0259n M\u00fcharib\u0259si i\u015ftirak\u00e7\u0131s\u0131 Namiq S\u00fcleymanovun a\u011fz\u0131n\u0131 tikm\u0259si il\u0259 ba\u011fl\u0131 g\u00f6r\u00fcnt\u00fcl\u0259ri yay\u0131l\u0131b. G\u00f6r\u00fcnt\u00fcl\u0259rd\u0259 N.S\u00fcleymanov d\u00f6vl\u0259t qurumlar\u0131 t\u0259r\u0259find\u0259n probleml\u0259rin\u0259 etinas\u0131z yana\u015f\u0131ld\u0131\u011f\u0131na g\u00f6r\u0259 a\u011fz\u0131n\u0131 iyn\u0259-sapla tik\u0259r\u0259k acl\u0131q aksiyas\u0131 etdiyi bildirilib. M\u0259s\u0259l\u0259 il\u0259 ba\u011fl\u0131 ke\u00e7mi\u015f h\u0259rb\u00e7inin ail\u0259si il\u0259 \u0259laq\u0259 saxlad\u0131q. H\u0259yat yolda\u015f\u0131 &#8220;Qafqazinfo&#8221;ya bildirdi ki, m\u0259nzil v\u0259 i\u015f problemi il\u0259 ba\u011fl\u0131 La\u00e7\u0131n Rayon \u0130cra Hakimiyy\u0259tin\u0259, el\u0259c\u0259 d\u0259 Qa\u00e7q\u0131n v\u0259 M\u0259cburi K\u00f6\u00e7k\u00fcnl\u0259rl\u0259 \u0130\u015f \u00fczr\u0259 D\u00f6vl\u0259t Komit\u0259sin\u0259 m\u00fcraci\u0259t ets\u0259l\u0259r d\u0259, onlara he\u00e7 bir k\u00f6m\u0259k g\u00f6st\u0259rilm\u0259yib: &#8220;N\u0259 evimiz, n\u0259 i\u015fimiz var. Haz\u0131rda A\u011fc\u0259b\u0259di rayonunda ya\u015fay\u0131r\u0131q. H\u0259yat yolda\u015f\u0131m h\u0259rb\u00e7i idi. Lakin m\u00fcqavil\u0259si bit\u0259nd\u0259n sonra i\u015fd\u0259n azad&hellip;<\/p>\n","protected":false},"author":2,"featured_media":478311,"comment_status":"closed","ping_status":"closed","sticky":false,"template":"","format":"standard","meta":{"om_disable_all_campaigns":false,"_monsterinsights_skip_tracking":false,"_monsterinsights_sitenote_active":false,"_monsterinsights_sitenote_note":"","_monsterinsights_sitenote_category":0},"categories":[1],"tags":[],"aioseo_notices":[],"gutentor_comment":0,"rttpg_featured_image_url":{"full":["https:\/\/arantv.az\/wp-content\/uploads\/2022\/05\/az1_21653388081.jpg",637,400,false],"landscape":["https:\/\/arantv.az\/wp-content\/uploads\/2022\/05\/az1_21653388081.jpg",637,400,false],"portraits":["https:\/\/arantv.az\/wp-content\/uploads\/2022\/05\/az1_21653388081.jpg",637,400,false],"thumbnail":["https:\/\/arantv.az\/wp-content\/uploads\/2022\/05\/az1_21653388081-500x280.jpg",500,280,true],"medium":["https:\/\/arantv.az\/wp-content\/uploads\/2022\/05\/az1_21653388081-581x365.jpg",581,365,true],"large":["https:\/\/arantv.az\/wp-content\/uploads\/2022\/05\/az1_21653388081.jpg",637,400,false],"1536x1536":["https:\/\/arantv.az\/wp-content\/uploads\/2022\/05\/az1_21653388081.jpg",637,400,false],"2048x2048":["https:\/\/arantv.az\/wp-content\/uploads\/2022\/05\/az1_21653388081.jpg",637,400,false],"post-thumbnail":["https:\/\/arantv.az\/wp-content\/uploads\/2022\/05\/az1_21653388081-240x172.jpg",240,172,true],"advps-thumb-one":["https:\/\/arantv.az\/wp-content\/uploads\/2022\/05\/az1_21653388081.jpg",637,400,false]},"rttpg_author":{"display_name":"V\u00fcsal Rafiqo\u011flu","author_link":"https:\/\/arantv.az\/?author=2"},"rttpg_comment":0,"rttpg_category":"<a href=\"https:\/\/arantv.az\/?cat=1\" rel=\"category\">C\u0259miyy\u0259t<\/a>","rttpg_excerpt":"Sosial \u015f\u0259b\u0259k\u0259l\u0259rd\u0259 V\u0259t\u0259n M\u00fcharib\u0259si i\u015ftirak\u00e7\u0131s\u0131 Namiq S\u00fcleymanovun a\u011fz\u0131n\u0131 tikm\u0259si il\u0259 ba\u011fl\u0131 g\u00f6r\u00fcnt\u00fcl\u0259ri yay\u0131l\u0131b. G\u00f6r\u00fcnt\u00fcl\u0259rd\u0259 N.S\u00fcleymanov d\u00f6vl\u0259t qurumlar\u0131 t\u0259r\u0259find\u0259n probleml\u0259rin\u0259 etinas\u0131z yana\u015f\u0131ld\u0131\u011f\u0131na g\u00f6r\u0259 a\u011fz\u0131n\u0131 iyn\u0259-sapla tik\u0259r\u0259k acl\u0131q aksiyas\u0131 etdiyi bildirilib. M\u0259s\u0259l\u0259 il\u0259 ba\u011fl\u0131 ke\u00e7mi\u015f h\u0259rb\u00e7inin ail\u0259si il\u0259 \u0259laq\u0259 saxlad\u0131q. H\u0259yat yolda\u015f\u0131 &#8220;Qafqazinfo&#8221;ya bildirdi ki, m\u0259nzil v\u0259 i\u015f problemi il\u0259 ba\u011fl\u0131 La\u00e7\u0131n Rayon \u0130cra Hakimiyy\u0259tin\u0259, el\u0259c\u0259 d\u0259&hellip;","_links":{"self":[{"href":"https:\/\/arantv.az\/index.php?rest_route=\/wp\/v2\/posts\/478310"}],"collection":[{"href":"https:\/\/arantv.az\/index.php?rest_route=\/wp\/v2\/posts"}],"about":[{"href":"https:\/\/arantv.az\/index.php?rest_route=\/wp\/v2\/types\/post"}],"author":[{"embeddable":true,"href":"https:\/\/arantv.az\/index.php?rest_route=\/wp\/v2\/users\/2"}],"replies":[{"embeddable":true,"href":"https:\/\/arantv.az\/index.php?rest_route=%2Fwp%2Fv2%2Fcomments&post=478310"}],"version-history":[{"count":0,"href":"https:\/\/arantv.az\/index.php?rest_route=\/wp\/v2\/posts\/478310\/revisions"}],"wp:featuredmedia":[{"embeddable":true,"href":"https:\/\/arantv.az\/index.php?rest_route=\/wp\/v2\/media\/478311"}],"wp:attachment":[{"href":"https:\/\/arantv.az\/index.php?rest_route=%2Fwp%2Fv2%2Fmedia&parent=478310"}],"wp:term":[{"taxonomy":"category","embeddable":true,"href":"https:\/\/arantv.az\/index.php?rest_route=%2Fwp%2Fv2%2Fcategories&post=478310"},{"taxonomy":"post_tag","embeddable":true,"href":"https:\/\/arantv.az\/index.php?rest_route=%2Fwp%2Fv2%2Ftags&post=478310"}],"curies":[{"name":"wp","href":"https:\/\/api.w.org\/{rel}","templated":true}]}}