{"id":478314,"date":"2022-05-24T13:51:11","date_gmt":"2022-05-24T10:51:11","guid":{"rendered":"https:\/\/arantv.az\/?p=478314"},"modified":"2022-05-24T13:51:11","modified_gmt":"2022-05-24T10:51:11","slug":"cex-respublikasinin-prezidenti-ilham-%c9%99liyevi-t%c9%99brik-etdi","status":"publish","type":"post","link":"https:\/\/arantv.az\/?p=478314","title":{"rendered":"\u00c7ex Respublikas\u0131n\u0131n Prezidenti \u0130lham \u018fliyevi t\u0259brik etdi"},"content":{"rendered":"<p>\u00c7ex Respublikas\u0131n\u0131n Prezidenti Milo\u015f Zeman Az\u0259rbaycan Respublikas\u0131n\u0131n Prezidenti \u0130lham \u018fliyev\u0259 t\u0259brik m\u0259ktubu g\u00f6nd\u0259rib.<\/p>\n<div class=\"AdviadNativeVideo\"><\/div>\n<p><a href=\"https:\/\/president.az\/az\/articles\/view\/56131\" target=\"_blank\" rel=\"noopener\">Prezident.az<\/a>\u00a0x\u0259b\u0259r verir ki, t\u0259brik m\u0259ktubunda deyilir:<\/p>\n<p>\u201cMilli bayram\u0131n\u0131z &#8211; M\u00fcst\u0259qillik G\u00fcn\u00fc m\u00fcnasib\u0259til\u0259 Sizi \u00e7ex xalq\u0131 ad\u0131ndan v\u0259 \u015f\u0259xs\u0259n \u00f6z ad\u0131mdan s\u0259mimi-q\u0259lbd\u0259n t\u0259brik edir\u0259m. Siz\u0259, \u00f6lk\u0259niz\u0259 v\u0259 b\u00fct\u00fcn Az\u0259rbaycan xalq\u0131na rifah, birlik v\u0259 firavanl\u0131q arzulay\u0131ram.<\/p>\n<p>\u00c7ex Respublikas\u0131 il\u0259 Az\u0259rbaycan Respublikas\u0131 aras\u0131ndak\u0131 \u00e7ox yax\u015f\u0131 m\u00fcnasib\u0259tl\u0259ri y\u00fcks\u0259k qiym\u0259tl\u0259ndirir\u0259m. \u0130nan\u0131ram ki, bu \u0259laq\u0259l\u0259r bundan sonra da xalqlar\u0131m\u0131z\u0131n rifah\u0131 namin\u0259 b\u00fct\u00fcn sah\u0259l\u0259rd\u0259 qar\u015f\u0131l\u0131ql\u0131 \u0259m\u0259kda\u015fl\u0131q ruhunda inki\u015faf ed\u0259c\u0259kdir.<\/p>\n<p>Zati-alil\u0259ri, xahi\u015f edir\u0259m \u0259n y\u00fcks\u0259k ehtiram\u0131m\u0131 q\u0259bul edin\u201d.<\/p>\n","protected":false},"excerpt":{"rendered":"<p>\u00c7ex Respublikas\u0131n\u0131n Prezidenti Milo\u015f Zeman Az\u0259rbaycan Respublikas\u0131n\u0131n Prezidenti \u0130lham \u018fliyev\u0259 t\u0259brik m\u0259ktubu g\u00f6nd\u0259rib. Prezident.az\u00a0x\u0259b\u0259r verir ki, t\u0259brik m\u0259ktubunda deyilir: \u201cMilli bayram\u0131n\u0131z &#8211; M\u00fcst\u0259qillik G\u00fcn\u00fc m\u00fcnasib\u0259til\u0259 Sizi \u00e7ex xalq\u0131 ad\u0131ndan v\u0259 \u015f\u0259xs\u0259n \u00f6z ad\u0131mdan s\u0259mimi-q\u0259lbd\u0259n t\u0259brik edir\u0259m. Siz\u0259, \u00f6lk\u0259niz\u0259 v\u0259 b\u00fct\u00fcn Az\u0259rbaycan xalq\u0131na rifah, birlik v\u0259 firavanl\u0131q arzulay\u0131ram. \u00c7ex Respublikas\u0131 il\u0259 Az\u0259rbaycan Respublikas\u0131 aras\u0131ndak\u0131 \u00e7ox yax\u015f\u0131 m\u00fcnasib\u0259tl\u0259ri y\u00fcks\u0259k qiym\u0259tl\u0259ndirir\u0259m. \u0130nan\u0131ram ki, bu \u0259laq\u0259l\u0259r bundan sonra da xalqlar\u0131m\u0131z\u0131n rifah\u0131 namin\u0259 b\u00fct\u00fcn sah\u0259l\u0259rd\u0259 qar\u015f\u0131l\u0131ql\u0131 \u0259m\u0259kda\u015fl\u0131q ruhunda inki\u015faf ed\u0259c\u0259kdir. Zati-alil\u0259ri, xahi\u015f edir\u0259m \u0259n y\u00fcks\u0259k ehtiram\u0131m\u0131 q\u0259bul edin\u201d.<\/p>\n","protected":false},"author":2,"featured_media":478315,"comment_status":"closed","ping_status":"closed","sticky":false,"template":"","format":"standard","meta":{"om_disable_all_campaigns":false,"_monsterinsights_skip_tracking":false,"_monsterinsights_sitenote_active":false,"_monsterinsights_sitenote_note":"","_monsterinsights_sitenote_category":0},"categories":[4],"tags":[],"aioseo_notices":[],"gutentor_comment":0,"rttpg_featured_image_url":{"full":["https:\/\/arantv.az\/wp-content\/uploads\/2022\/05\/1594814467-5.jpg",620,413,false],"landscape":["https:\/\/arantv.az\/wp-content\/uploads\/2022\/05\/1594814467-5.jpg",620,413,false],"portraits":["https:\/\/arantv.az\/wp-content\/uploads\/2022\/05\/1594814467-5.jpg",620,413,false],"thumbnail":["https:\/\/arantv.az\/wp-content\/uploads\/2022\/05\/1594814467-5-500x280.jpg",500,280,true],"medium":["https:\/\/arantv.az\/wp-content\/uploads\/2022\/05\/1594814467-5-548x365.jpg",548,365,true],"large":["https:\/\/arantv.az\/wp-content\/uploads\/2022\/05\/1594814467-5.jpg",620,413,false],"1536x1536":["https:\/\/arantv.az\/wp-content\/uploads\/2022\/05\/1594814467-5.jpg",620,413,false],"2048x2048":["https:\/\/arantv.az\/wp-content\/uploads\/2022\/05\/1594814467-5.jpg",620,413,false],"post-thumbnail":["https:\/\/arantv.az\/wp-content\/uploads\/2022\/05\/1594814467-5-240x172.jpg",240,172,true],"advps-thumb-one":["https:\/\/arantv.az\/wp-content\/uploads\/2022\/05\/1594814467-5.jpg",620,413,false]},"rttpg_author":{"display_name":"V\u00fcsal Rafiqo\u011flu","author_link":"https:\/\/arantv.az\/?author=2"},"rttpg_comment":0,"rttpg_category":"<a href=\"https:\/\/arantv.az\/?cat=4\" rel=\"category\">Siyas\u0259t<\/a>","rttpg_excerpt":"\u00c7ex Respublikas\u0131n\u0131n Prezidenti Milo\u015f Zeman Az\u0259rbaycan Respublikas\u0131n\u0131n Prezidenti \u0130lham \u018fliyev\u0259 t\u0259brik m\u0259ktubu g\u00f6nd\u0259rib. Prezident.az\u00a0x\u0259b\u0259r verir ki, t\u0259brik m\u0259ktubunda deyilir: \u201cMilli bayram\u0131n\u0131z &#8211; M\u00fcst\u0259qillik G\u00fcn\u00fc m\u00fcnasib\u0259til\u0259 Sizi \u00e7ex xalq\u0131 ad\u0131ndan v\u0259 \u015f\u0259xs\u0259n \u00f6z ad\u0131mdan s\u0259mimi-q\u0259lbd\u0259n t\u0259brik edir\u0259m. Siz\u0259, \u00f6lk\u0259niz\u0259 v\u0259 b\u00fct\u00fcn Az\u0259rbaycan xalq\u0131na rifah, birlik v\u0259 firavanl\u0131q arzulay\u0131ram. \u00c7ex Respublikas\u0131 il\u0259 Az\u0259rbaycan Respublikas\u0131 aras\u0131ndak\u0131 \u00e7ox yax\u015f\u0131&hellip;","_links":{"self":[{"href":"https:\/\/arantv.az\/index.php?rest_route=\/wp\/v2\/posts\/478314"}],"collection":[{"href":"https:\/\/arantv.az\/index.php?rest_route=\/wp\/v2\/posts"}],"about":[{"href":"https:\/\/arantv.az\/index.php?rest_route=\/wp\/v2\/types\/post"}],"author":[{"embeddable":true,"href":"https:\/\/arantv.az\/index.php?rest_route=\/wp\/v2\/users\/2"}],"replies":[{"embeddable":true,"href":"https:\/\/arantv.az\/index.php?rest_route=%2Fwp%2Fv2%2Fcomments&post=478314"}],"version-history":[{"count":0,"href":"https:\/\/arantv.az\/index.php?rest_route=\/wp\/v2\/posts\/478314\/revisions"}],"wp:featuredmedia":[{"embeddable":true,"href":"https:\/\/arantv.az\/index.php?rest_route=\/wp\/v2\/media\/478315"}],"wp:attachment":[{"href":"https:\/\/arantv.az\/index.php?rest_route=%2Fwp%2Fv2%2Fmedia&parent=478314"}],"wp:term":[{"taxonomy":"category","embeddable":true,"href":"https:\/\/arantv.az\/index.php?rest_route=%2Fwp%2Fv2%2Fcategories&post=478314"},{"taxonomy":"post_tag","embeddable":true,"href":"https:\/\/arantv.az\/index.php?rest_route=%2Fwp%2Fv2%2Ftags&post=478314"}],"curies":[{"name":"wp","href":"https:\/\/api.w.org\/{rel}","templated":true}]}}