{"id":478317,"date":"2022-05-24T13:52:50","date_gmt":"2022-05-24T10:52:50","guid":{"rendered":"https:\/\/arantv.az\/?p=478317"},"modified":"2022-05-24T13:52:50","modified_gmt":"2022-05-24T10:52:50","slug":"nazarbayev-ilham-%c9%99liyev%c9%99-t%c9%99brik-m%c9%99ktubu-gond%c9%99rdi","status":"publish","type":"post","link":"https:\/\/arantv.az\/?p=478317","title":{"rendered":"Nazarbayev \u0130lham \u018fliyev\u0259 t\u0259brik m\u0259ktubu g\u00f6nd\u0259rdi"},"content":{"rendered":"<p>Qazax\u0131stan Respublikas\u0131n\u0131n birinci Prezidenti \u2013 Elbas\u0131 Nursultan Nazarbayev Az\u0259rbaycan Respublikas\u0131n\u0131n Prezidenti \u0130lham \u018fliyev\u0259 t\u0259brik m\u0259ktubu g\u00f6nd\u0259rib.<\/p>\n<p><a href=\"https:\/\/president.az\/az\/articles\/view\/56134\" target=\"_blank\" rel=\"noopener\">Prezident.az<\/a>\u00a0x\u0259b\u0259r verir ki, t\u0259brik m\u0259ktubunda deyilir:<\/p>\n<div class=\"AdviadNativeVideo\"><\/div>\n<p>\u201cAz\u0259rbaycan\u0131n milli bayram\u0131 \u2013 M\u00fcst\u0259qillik G\u00fcn\u00fc m\u00fcnasib\u0259til\u0259 Sizi s\u0259mimi-q\u0259lbd\u0259n t\u0259brik edir\u0259m.<\/p>\n<p>D\u00f6vl\u0259tinizin g\u00fccl\u0259ndirilm\u0259sind\u0259, xalq\u0131n\u0131z\u0131n rifah hal\u0131n\u0131n yax\u015f\u0131la\u015fd\u0131r\u0131lmas\u0131nda, \u00f6lk\u0259nizin beyn\u0259lxalq al\u0259md\u0259 t\u0259\u015fviqind\u0259 Sizin t\u00f6hf\u0259l\u0259riniz olduqca b\u00f6y\u00fckd\u00fcr. Qarda\u015f Az\u0259rbaycan\u0131n v\u0259 onun xalq\u0131n\u0131n Sizin r\u0259hb\u0259rliyinizl\u0259 bundan sonra da inki\u015faf etm\u0259sini arzulay\u0131ram.<\/p>\n<p>\u00d6lk\u0259l\u0259rimiz aras\u0131nda mehriban qon\u015fulu\u011fa v\u0259 \u00fcmumi m\u0259n\u0259vi \u0259n\u0259n\u0259l\u0259r\u0259 s\u00f6yk\u0259n\u0259n m\u00fcnasib\u0259tl\u0259r Sizinl\u0259 birg\u0259 \u0259m\u0259kda\u015fl\u0131\u011f\u0131m\u0131z n\u0259tic\u0259sind\u0259 strateji s\u0259viyy\u0259y\u0259 y\u00fcks\u0259lib v\u0259 h\u0259rt\u0259r\u0259fli inki\u015faf etm\u0259kd\u0259dir.<\/p>\n<p>\u018fmin\u0259m ki, \u00f6lk\u0259l\u0259rimiz aras\u0131nda m\u00fcnasib\u0259tl\u0259r Sizin f\u0259al s\u0259yl\u0259rinizl\u0259 xalqlar\u0131m\u0131z\u0131n rifah\u0131 namin\u0259 bundan sonra daha da m\u00f6hk\u0259ml\u0259n\u0259c\u0259k v\u0259 inki\u015faf ed\u0259c\u0259kdir.<\/p>\n<p>Qar\u015f\u0131l\u0131ql\u0131 etimada v\u0259 h\u00f6rm\u0259t\u0259 s\u00f6yk\u0259n\u0259n \u015f\u0259xsi m\u00fcnasib\u0259tl\u0259rimizi y\u00fcks\u0259k d\u0259y\u0259rl\u0259ndir\u0259r\u0259k, h\u0259min m\u00fcnasib\u0259tl\u0259rin bundan sonra da davam ed\u0259c\u0259yin\u0259 \u0259min\u0259m.<\/p>\n<p>H\u00f6rm\u0259tli \u0130lham Heyd\u0259r o\u011flu, bu xo\u015f f\u00fcrs\u0259td\u0259n istifad\u0259 ed\u0259r\u0259k, Siz\u0259 m\u00f6hk\u0259m cansa\u011fl\u0131\u011f\u0131, m\u0259sul v\u0259zif\u0259nizd\u0259 u\u011furlar, n\u0259cib t\u0259\u015f\u0259bb\u00fcsl\u0259rinizd\u0259 m\u00fcv\u0259ff\u0259qiyy\u0259tl\u0259r, Az\u0259rbaycan xalq\u0131na is\u0259 rifah v\u0259 t\u0259r\u0259qqi arzulay\u0131ram\u201d.<\/p>\n","protected":false},"excerpt":{"rendered":"<p>Qazax\u0131stan Respublikas\u0131n\u0131n birinci Prezidenti \u2013 Elbas\u0131 Nursultan Nazarbayev Az\u0259rbaycan Respublikas\u0131n\u0131n Prezidenti \u0130lham \u018fliyev\u0259 t\u0259brik m\u0259ktubu g\u00f6nd\u0259rib. Prezident.az\u00a0x\u0259b\u0259r verir ki, t\u0259brik m\u0259ktubunda deyilir: \u201cAz\u0259rbaycan\u0131n milli bayram\u0131 \u2013 M\u00fcst\u0259qillik G\u00fcn\u00fc m\u00fcnasib\u0259til\u0259 Sizi s\u0259mimi-q\u0259lbd\u0259n t\u0259brik edir\u0259m. D\u00f6vl\u0259tinizin g\u00fccl\u0259ndirilm\u0259sind\u0259, xalq\u0131n\u0131z\u0131n rifah hal\u0131n\u0131n yax\u015f\u0131la\u015fd\u0131r\u0131lmas\u0131nda, \u00f6lk\u0259nizin beyn\u0259lxalq al\u0259md\u0259 t\u0259\u015fviqind\u0259 Sizin t\u00f6hf\u0259l\u0259riniz olduqca b\u00f6y\u00fckd\u00fcr. Qarda\u015f Az\u0259rbaycan\u0131n v\u0259 onun xalq\u0131n\u0131n Sizin r\u0259hb\u0259rliyinizl\u0259 bundan sonra da inki\u015faf etm\u0259sini arzulay\u0131ram. \u00d6lk\u0259l\u0259rimiz aras\u0131nda mehriban qon\u015fulu\u011fa v\u0259 \u00fcmumi m\u0259n\u0259vi \u0259n\u0259n\u0259l\u0259r\u0259 s\u00f6yk\u0259n\u0259n m\u00fcnasib\u0259tl\u0259r Sizinl\u0259 birg\u0259 \u0259m\u0259kda\u015fl\u0131\u011f\u0131m\u0131z n\u0259tic\u0259sind\u0259 strateji s\u0259viyy\u0259y\u0259 y\u00fcks\u0259lib v\u0259 h\u0259rt\u0259r\u0259fli inki\u015faf etm\u0259kd\u0259dir. \u018fmin\u0259m ki, \u00f6lk\u0259l\u0259rimiz aras\u0131nda m\u00fcnasib\u0259tl\u0259r Sizin f\u0259al s\u0259yl\u0259rinizl\u0259 xalqlar\u0131m\u0131z\u0131n&hellip;<\/p>\n","protected":false},"author":2,"featured_media":478318,"comment_status":"closed","ping_status":"closed","sticky":false,"template":"","format":"standard","meta":{"om_disable_all_campaigns":false,"_monsterinsights_skip_tracking":false,"_monsterinsights_sitenote_active":false,"_monsterinsights_sitenote_note":"","_monsterinsights_sitenote_category":0},"categories":[4],"tags":[],"aioseo_notices":[],"gutentor_comment":0,"rttpg_featured_image_url":{"full":["https:\/\/arantv.az\/wp-content\/uploads\/2022\/05\/ilham-aliyev-1-1.jpg",620,413,false],"landscape":["https:\/\/arantv.az\/wp-content\/uploads\/2022\/05\/ilham-aliyev-1-1.jpg",620,413,false],"portraits":["https:\/\/arantv.az\/wp-content\/uploads\/2022\/05\/ilham-aliyev-1-1.jpg",620,413,false],"thumbnail":["https:\/\/arantv.az\/wp-content\/uploads\/2022\/05\/ilham-aliyev-1-1-500x280.jpg",500,280,true],"medium":["https:\/\/arantv.az\/wp-content\/uploads\/2022\/05\/ilham-aliyev-1-1-548x365.jpg",548,365,true],"large":["https:\/\/arantv.az\/wp-content\/uploads\/2022\/05\/ilham-aliyev-1-1.jpg",620,413,false],"1536x1536":["https:\/\/arantv.az\/wp-content\/uploads\/2022\/05\/ilham-aliyev-1-1.jpg",620,413,false],"2048x2048":["https:\/\/arantv.az\/wp-content\/uploads\/2022\/05\/ilham-aliyev-1-1.jpg",620,413,false],"post-thumbnail":["https:\/\/arantv.az\/wp-content\/uploads\/2022\/05\/ilham-aliyev-1-1-240x172.jpg",240,172,true],"advps-thumb-one":["https:\/\/arantv.az\/wp-content\/uploads\/2022\/05\/ilham-aliyev-1-1.jpg",620,413,false]},"rttpg_author":{"display_name":"V\u00fcsal Rafiqo\u011flu","author_link":"https:\/\/arantv.az\/?author=2"},"rttpg_comment":0,"rttpg_category":"<a href=\"https:\/\/arantv.az\/?cat=4\" rel=\"category\">Siyas\u0259t<\/a>","rttpg_excerpt":"Qazax\u0131stan Respublikas\u0131n\u0131n birinci Prezidenti \u2013 Elbas\u0131 Nursultan Nazarbayev Az\u0259rbaycan Respublikas\u0131n\u0131n Prezidenti \u0130lham \u018fliyev\u0259 t\u0259brik m\u0259ktubu g\u00f6nd\u0259rib. Prezident.az\u00a0x\u0259b\u0259r verir ki, t\u0259brik m\u0259ktubunda deyilir: \u201cAz\u0259rbaycan\u0131n milli bayram\u0131 \u2013 M\u00fcst\u0259qillik G\u00fcn\u00fc m\u00fcnasib\u0259til\u0259 Sizi s\u0259mimi-q\u0259lbd\u0259n t\u0259brik edir\u0259m. D\u00f6vl\u0259tinizin g\u00fccl\u0259ndirilm\u0259sind\u0259, xalq\u0131n\u0131z\u0131n rifah hal\u0131n\u0131n yax\u015f\u0131la\u015fd\u0131r\u0131lmas\u0131nda, \u00f6lk\u0259nizin beyn\u0259lxalq al\u0259md\u0259 t\u0259\u015fviqind\u0259 Sizin t\u00f6hf\u0259l\u0259riniz olduqca b\u00f6y\u00fckd\u00fcr. Qarda\u015f Az\u0259rbaycan\u0131n v\u0259 onun xalq\u0131n\u0131n Sizin r\u0259hb\u0259rliyinizl\u0259 bundan&hellip;","_links":{"self":[{"href":"https:\/\/arantv.az\/index.php?rest_route=\/wp\/v2\/posts\/478317"}],"collection":[{"href":"https:\/\/arantv.az\/index.php?rest_route=\/wp\/v2\/posts"}],"about":[{"href":"https:\/\/arantv.az\/index.php?rest_route=\/wp\/v2\/types\/post"}],"author":[{"embeddable":true,"href":"https:\/\/arantv.az\/index.php?rest_route=\/wp\/v2\/users\/2"}],"replies":[{"embeddable":true,"href":"https:\/\/arantv.az\/index.php?rest_route=%2Fwp%2Fv2%2Fcomments&post=478317"}],"version-history":[{"count":0,"href":"https:\/\/arantv.az\/index.php?rest_route=\/wp\/v2\/posts\/478317\/revisions"}],"wp:featuredmedia":[{"embeddable":true,"href":"https:\/\/arantv.az\/index.php?rest_route=\/wp\/v2\/media\/478318"}],"wp:attachment":[{"href":"https:\/\/arantv.az\/index.php?rest_route=%2Fwp%2Fv2%2Fmedia&parent=478317"}],"wp:term":[{"taxonomy":"category","embeddable":true,"href":"https:\/\/arantv.az\/index.php?rest_route=%2Fwp%2Fv2%2Fcategories&post=478317"},{"taxonomy":"post_tag","embeddable":true,"href":"https:\/\/arantv.az\/index.php?rest_route=%2Fwp%2Fv2%2Ftags&post=478317"}],"curies":[{"name":"wp","href":"https:\/\/api.w.org\/{rel}","templated":true}]}}