{"id":479564,"date":"2022-05-27T11:14:46","date_gmt":"2022-05-27T08:14:46","guid":{"rendered":"https:\/\/arantv.az\/?p=479564"},"modified":"2022-05-27T11:14:46","modified_gmt":"2022-05-27T08:14:46","slug":"yaponiyanin-imperatoru-ilham-%c9%99liyevi-t%c9%99brik-etdi","status":"publish","type":"post","link":"https:\/\/arantv.az\/?p=479564","title":{"rendered":"Yaponiyan\u0131n \u0130mperatoru \u0130lham \u018fliyevi t\u0259brik etdi"},"content":{"rendered":"<p>Yaponiyan\u0131n \u0130mperatoru Naruhito Az\u0259rbaycan Prezidenti\u00a0<strong>\u0130lham \u018fliyev<\/strong>\u0259 t\u0259brik m\u0259ktubu \u00fcnvanlay\u0131b.<\/p>\n<div class=\"AdviadNativeVideo\"><\/div>\n<p><a href=\"https:\/\/president.az\/az\/articles\/view\/56207\" target=\"_blank\" rel=\"noopener\">Prezident.az<\/a>\u00a0x\u0259b\u0259r verir ki, m\u0259ktubda deyilir:<\/p>\n<p>\u201cAz\u0259rbaycan\u0131n milli bayram\u0131 \u2013 M\u00fcst\u0259qillik G\u00fcn\u00fc m\u00fcnasib\u0259til\u0259 Siz\u0259 \u0259n s\u0259mimi t\u0259brikl\u0259rimi \u00e7atd\u0131r\u0131ram.<\/p>\n<p>Siz\u0259 xo\u015fb\u0259xtlik v\u0259 xalq\u0131n\u0131za rifah arzular\u0131m\u0131 bildirm\u0259kd\u0259n b\u00f6y\u00fck m\u0259mnunluq duyuram\u201d.<\/p>\n","protected":false},"excerpt":{"rendered":"<p>Yaponiyan\u0131n \u0130mperatoru Naruhito Az\u0259rbaycan Prezidenti\u00a0\u0130lham \u018fliyev\u0259 t\u0259brik m\u0259ktubu \u00fcnvanlay\u0131b. Prezident.az\u00a0x\u0259b\u0259r verir ki, m\u0259ktubda deyilir: \u201cAz\u0259rbaycan\u0131n milli bayram\u0131 \u2013 M\u00fcst\u0259qillik G\u00fcn\u00fc m\u00fcnasib\u0259til\u0259 Siz\u0259 \u0259n s\u0259mimi t\u0259brikl\u0259rimi \u00e7atd\u0131r\u0131ram. Siz\u0259 xo\u015fb\u0259xtlik v\u0259 xalq\u0131n\u0131za rifah arzular\u0131m\u0131 bildirm\u0259kd\u0259n b\u00f6y\u00fck m\u0259mnunluq duyuram\u201d.<\/p>\n","protected":false},"author":2,"featured_media":479565,"comment_status":"closed","ping_status":"closed","sticky":false,"template":"","format":"standard","meta":{"om_disable_all_campaigns":false,"_monsterinsights_skip_tracking":false,"_monsterinsights_sitenote_active":false,"_monsterinsights_sitenote_note":"","_monsterinsights_sitenote_category":0},"categories":[4],"tags":[],"aioseo_notices":[],"gutentor_comment":0,"rttpg_featured_image_url":{"full":["https:\/\/arantv.az\/wp-content\/uploads\/2022\/05\/5f44a63353c24-t0shxN7_yPUZws0-4.jpg",620,413,false],"landscape":["https:\/\/arantv.az\/wp-content\/uploads\/2022\/05\/5f44a63353c24-t0shxN7_yPUZws0-4.jpg",620,413,false],"portraits":["https:\/\/arantv.az\/wp-content\/uploads\/2022\/05\/5f44a63353c24-t0shxN7_yPUZws0-4.jpg",620,413,false],"thumbnail":["https:\/\/arantv.az\/wp-content\/uploads\/2022\/05\/5f44a63353c24-t0shxN7_yPUZws0-4-500x280.jpg",500,280,true],"medium":["https:\/\/arantv.az\/wp-content\/uploads\/2022\/05\/5f44a63353c24-t0shxN7_yPUZws0-4-548x365.jpg",548,365,true],"large":["https:\/\/arantv.az\/wp-content\/uploads\/2022\/05\/5f44a63353c24-t0shxN7_yPUZws0-4.jpg",620,413,false],"1536x1536":["https:\/\/arantv.az\/wp-content\/uploads\/2022\/05\/5f44a63353c24-t0shxN7_yPUZws0-4.jpg",620,413,false],"2048x2048":["https:\/\/arantv.az\/wp-content\/uploads\/2022\/05\/5f44a63353c24-t0shxN7_yPUZws0-4.jpg",620,413,false],"post-thumbnail":["https:\/\/arantv.az\/wp-content\/uploads\/2022\/05\/5f44a63353c24-t0shxN7_yPUZws0-4-240x172.jpg",240,172,true],"advps-thumb-one":["https:\/\/arantv.az\/wp-content\/uploads\/2022\/05\/5f44a63353c24-t0shxN7_yPUZws0-4.jpg",620,413,false]},"rttpg_author":{"display_name":"V\u00fcsal Rafiqo\u011flu","author_link":"https:\/\/arantv.az\/?author=2"},"rttpg_comment":0,"rttpg_category":"<a href=\"https:\/\/arantv.az\/?cat=4\" rel=\"category\">Siyas\u0259t<\/a>","rttpg_excerpt":"Yaponiyan\u0131n \u0130mperatoru Naruhito Az\u0259rbaycan Prezidenti\u00a0\u0130lham \u018fliyev\u0259 t\u0259brik m\u0259ktubu \u00fcnvanlay\u0131b. Prezident.az\u00a0x\u0259b\u0259r verir ki, m\u0259ktubda deyilir: \u201cAz\u0259rbaycan\u0131n milli bayram\u0131 \u2013 M\u00fcst\u0259qillik G\u00fcn\u00fc m\u00fcnasib\u0259til\u0259 Siz\u0259 \u0259n s\u0259mimi t\u0259brikl\u0259rimi \u00e7atd\u0131r\u0131ram. Siz\u0259 xo\u015fb\u0259xtlik v\u0259 xalq\u0131n\u0131za rifah arzular\u0131m\u0131 bildirm\u0259kd\u0259n b\u00f6y\u00fck m\u0259mnunluq duyuram\u201d.","_links":{"self":[{"href":"https:\/\/arantv.az\/index.php?rest_route=\/wp\/v2\/posts\/479564"}],"collection":[{"href":"https:\/\/arantv.az\/index.php?rest_route=\/wp\/v2\/posts"}],"about":[{"href":"https:\/\/arantv.az\/index.php?rest_route=\/wp\/v2\/types\/post"}],"author":[{"embeddable":true,"href":"https:\/\/arantv.az\/index.php?rest_route=\/wp\/v2\/users\/2"}],"replies":[{"embeddable":true,"href":"https:\/\/arantv.az\/index.php?rest_route=%2Fwp%2Fv2%2Fcomments&post=479564"}],"version-history":[{"count":0,"href":"https:\/\/arantv.az\/index.php?rest_route=\/wp\/v2\/posts\/479564\/revisions"}],"wp:featuredmedia":[{"embeddable":true,"href":"https:\/\/arantv.az\/index.php?rest_route=\/wp\/v2\/media\/479565"}],"wp:attachment":[{"href":"https:\/\/arantv.az\/index.php?rest_route=%2Fwp%2Fv2%2Fmedia&parent=479564"}],"wp:term":[{"taxonomy":"category","embeddable":true,"href":"https:\/\/arantv.az\/index.php?rest_route=%2Fwp%2Fv2%2Fcategories&post=479564"},{"taxonomy":"post_tag","embeddable":true,"href":"https:\/\/arantv.az\/index.php?rest_route=%2Fwp%2Fv2%2Ftags&post=479564"}],"curies":[{"name":"wp","href":"https:\/\/api.w.org\/{rel}","templated":true}]}}