{"id":479593,"date":"2022-05-27T11:39:41","date_gmt":"2022-05-27T08:39:41","guid":{"rendered":"https:\/\/arantv.az\/?p=479593"},"modified":"2022-05-27T11:39:41","modified_gmt":"2022-05-27T08:39:41","slug":"turkpa-komit%c9%99l%c9%99ri-susaya-toplasacaq-r%c9%99smi","status":"publish","type":"post","link":"https:\/\/arantv.az\/?p=479593","title":{"rendered":"T\u00dcRKPA komit\u0259l\u0259ri \u015eu\u015faya topla\u015facaq-R\u0259smi"},"content":{"rendered":"<p><strong>Milli M\u0259clisin iclas\u0131nda \u00e7\u0131x\u0131\u015f ed\u0259n Beyn\u0259lxalq m\u00fcnasib\u0259tl\u0259r v\u0259 parlamentl\u0259raras\u0131 \u0259laq\u0259l\u0259r komit\u0259sinin s\u0259dri S\u0259m\u0259d Seyidov bu g\u00fcnl\u0259rd\u0259 \u015eu\u015fa \u015f\u0259h\u0259rind\u0259 ke\u00e7iril\u0259n Az\u0259rbaycan, T\u00fcrkiy\u0259 v\u0259 G\u00fcrc\u00fcstan parlamentl\u0259rinin komit\u0259l\u0259rinin toplant\u0131s\u0131ndan b\u0259hs etdi.<\/strong><\/p>\n<p><strong>ARANTV.AZ <\/strong>\u00a0x\u0259b\u0259r verir ki, \u00e7\u0131x\u0131\u015f\u0131nda, \u201cG\u00fcrc\u00fcstan n\u00fcmay\u0259nd\u0259 hey\u0259ti \u015eu\u015fada q\u0259l\u0259b\u0259 arzular\u0131ndan dan\u0131\u015fd\u0131. Onlar deyirdi ki, biz d\u0259 ist\u0259yirik torpaqlar\u0131m\u0131z i\u015f\u011faldan azad edilsin, bu an\u0131 g\u00f6rm\u0259k ist\u0259yirik\u201d,-dey\u0259 S.Seyidov bildirdi. H\u0259m\u00e7inin bildirdi ki, raz\u0131la\u015fmaya \u0259sas\u0259n, birg\u0259 komit\u0259l\u0259rin n\u00f6vb\u0259ti iclas\u0131 G\u00fcrc\u00fcstan paytaxt\u0131nda ke\u00e7iril\u0259c\u0259k.<\/p>\n<p>S\u0259hiyy\u0259 komit\u0259sinin s\u0259dri \u018fhliman \u018fmiraslanov is\u0259 T\u00fcrkiy\u0259d\u0259, T\u00dcRKPA s\u0259viyy\u0259sind\u0259 ba\u015f tutan birg\u0259 komit\u0259 iclaslar\u0131ndan dan\u0131\u015fd\u0131. O bildirdi ki, T\u00dcRKPA-n\u0131n g\u0259l\u0259nilki komit\u0259 iclas\u0131n\u0131n may-iyun aylar\u0131nda \u015eu\u015fada ke\u00e7irilm\u0259si bar\u0259d\u0259 raz\u0131l\u0131q \u0259ld\u0259 edilib.<\/p>\n","protected":false},"excerpt":{"rendered":"<p>Milli M\u0259clisin iclas\u0131nda \u00e7\u0131x\u0131\u015f ed\u0259n Beyn\u0259lxalq m\u00fcnasib\u0259tl\u0259r v\u0259 parlamentl\u0259raras\u0131 \u0259laq\u0259l\u0259r komit\u0259sinin s\u0259dri S\u0259m\u0259d Seyidov bu g\u00fcnl\u0259rd\u0259 \u015eu\u015fa \u015f\u0259h\u0259rind\u0259 ke\u00e7iril\u0259n Az\u0259rbaycan, T\u00fcrkiy\u0259 v\u0259 G\u00fcrc\u00fcstan parlamentl\u0259rinin komit\u0259l\u0259rinin toplant\u0131s\u0131ndan b\u0259hs etdi. ARANTV.AZ \u00a0x\u0259b\u0259r verir ki, \u00e7\u0131x\u0131\u015f\u0131nda, \u201cG\u00fcrc\u00fcstan n\u00fcmay\u0259nd\u0259 hey\u0259ti \u015eu\u015fada q\u0259l\u0259b\u0259 arzular\u0131ndan dan\u0131\u015fd\u0131. Onlar deyirdi ki, biz d\u0259 ist\u0259yirik torpaqlar\u0131m\u0131z i\u015f\u011faldan azad edilsin, bu an\u0131 g\u00f6rm\u0259k ist\u0259yirik\u201d,-dey\u0259 S.Seyidov bildirdi. H\u0259m\u00e7inin bildirdi ki, raz\u0131la\u015fmaya \u0259sas\u0259n, birg\u0259 komit\u0259l\u0259rin n\u00f6vb\u0259ti iclas\u0131 G\u00fcrc\u00fcstan paytaxt\u0131nda ke\u00e7iril\u0259c\u0259k. S\u0259hiyy\u0259 komit\u0259sinin s\u0259dri \u018fhliman \u018fmiraslanov is\u0259 T\u00fcrkiy\u0259d\u0259, T\u00dcRKPA s\u0259viyy\u0259sind\u0259 ba\u015f tutan birg\u0259 komit\u0259 iclaslar\u0131ndan dan\u0131\u015fd\u0131. O bildirdi ki, T\u00dcRKPA-n\u0131n g\u0259l\u0259nilki komit\u0259 iclas\u0131n\u0131n&hellip;<\/p>\n","protected":false},"author":2,"featured_media":479594,"comment_status":"closed","ping_status":"closed","sticky":false,"template":"","format":"standard","meta":{"om_disable_all_campaigns":false,"_monsterinsights_skip_tracking":false,"_monsterinsights_sitenote_active":false,"_monsterinsights_sitenote_note":"","_monsterinsights_sitenote_category":0},"categories":[1],"tags":[],"aioseo_notices":[],"gutentor_comment":0,"rttpg_featured_image_url":{"full":["https:\/\/arantv.az\/wp-content\/uploads\/2022\/05\/87f1723d405c92013925d71e20f98347.jpg",450,300,false],"landscape":["https:\/\/arantv.az\/wp-content\/uploads\/2022\/05\/87f1723d405c92013925d71e20f98347.jpg",450,300,false],"portraits":["https:\/\/arantv.az\/wp-content\/uploads\/2022\/05\/87f1723d405c92013925d71e20f98347.jpg",450,300,false],"thumbnail":["https:\/\/arantv.az\/wp-content\/uploads\/2022\/05\/87f1723d405c92013925d71e20f98347-450x280.jpg",450,280,true],"medium":["https:\/\/arantv.az\/wp-content\/uploads\/2022\/05\/87f1723d405c92013925d71e20f98347.jpg",450,300,false],"large":["https:\/\/arantv.az\/wp-content\/uploads\/2022\/05\/87f1723d405c92013925d71e20f98347.jpg",450,300,false],"1536x1536":["https:\/\/arantv.az\/wp-content\/uploads\/2022\/05\/87f1723d405c92013925d71e20f98347.jpg",450,300,false],"2048x2048":["https:\/\/arantv.az\/wp-content\/uploads\/2022\/05\/87f1723d405c92013925d71e20f98347.jpg",450,300,false],"post-thumbnail":["https:\/\/arantv.az\/wp-content\/uploads\/2022\/05\/87f1723d405c92013925d71e20f98347-240x172.jpg",240,172,true],"advps-thumb-one":["https:\/\/arantv.az\/wp-content\/uploads\/2022\/05\/87f1723d405c92013925d71e20f98347.jpg",450,300,false]},"rttpg_author":{"display_name":"V\u00fcsal Rafiqo\u011flu","author_link":"https:\/\/arantv.az\/?author=2"},"rttpg_comment":0,"rttpg_category":"<a href=\"https:\/\/arantv.az\/?cat=1\" rel=\"category\">C\u0259miyy\u0259t<\/a>","rttpg_excerpt":"Milli M\u0259clisin iclas\u0131nda \u00e7\u0131x\u0131\u015f ed\u0259n Beyn\u0259lxalq m\u00fcnasib\u0259tl\u0259r v\u0259 parlamentl\u0259raras\u0131 \u0259laq\u0259l\u0259r komit\u0259sinin s\u0259dri S\u0259m\u0259d Seyidov bu g\u00fcnl\u0259rd\u0259 \u015eu\u015fa \u015f\u0259h\u0259rind\u0259 ke\u00e7iril\u0259n Az\u0259rbaycan, T\u00fcrkiy\u0259 v\u0259 G\u00fcrc\u00fcstan parlamentl\u0259rinin komit\u0259l\u0259rinin toplant\u0131s\u0131ndan b\u0259hs etdi. ARANTV.AZ \u00a0x\u0259b\u0259r verir ki, \u00e7\u0131x\u0131\u015f\u0131nda, \u201cG\u00fcrc\u00fcstan n\u00fcmay\u0259nd\u0259 hey\u0259ti \u015eu\u015fada q\u0259l\u0259b\u0259 arzular\u0131ndan dan\u0131\u015fd\u0131. Onlar deyirdi ki, biz d\u0259 ist\u0259yirik torpaqlar\u0131m\u0131z i\u015f\u011faldan azad edilsin, bu an\u0131 g\u00f6rm\u0259k ist\u0259yirik\u201d,-dey\u0259 S.Seyidov&hellip;","_links":{"self":[{"href":"https:\/\/arantv.az\/index.php?rest_route=\/wp\/v2\/posts\/479593"}],"collection":[{"href":"https:\/\/arantv.az\/index.php?rest_route=\/wp\/v2\/posts"}],"about":[{"href":"https:\/\/arantv.az\/index.php?rest_route=\/wp\/v2\/types\/post"}],"author":[{"embeddable":true,"href":"https:\/\/arantv.az\/index.php?rest_route=\/wp\/v2\/users\/2"}],"replies":[{"embeddable":true,"href":"https:\/\/arantv.az\/index.php?rest_route=%2Fwp%2Fv2%2Fcomments&post=479593"}],"version-history":[{"count":0,"href":"https:\/\/arantv.az\/index.php?rest_route=\/wp\/v2\/posts\/479593\/revisions"}],"wp:featuredmedia":[{"embeddable":true,"href":"https:\/\/arantv.az\/index.php?rest_route=\/wp\/v2\/media\/479594"}],"wp:attachment":[{"href":"https:\/\/arantv.az\/index.php?rest_route=%2Fwp%2Fv2%2Fmedia&parent=479593"}],"wp:term":[{"taxonomy":"category","embeddable":true,"href":"https:\/\/arantv.az\/index.php?rest_route=%2Fwp%2Fv2%2Fcategories&post=479593"},{"taxonomy":"post_tag","embeddable":true,"href":"https:\/\/arantv.az\/index.php?rest_route=%2Fwp%2Fv2%2Ftags&post=479593"}],"curies":[{"name":"wp","href":"https:\/\/api.w.org\/{rel}","templated":true}]}}