{"id":479596,"date":"2022-05-27T11:48:42","date_gmt":"2022-05-27T08:48:42","guid":{"rendered":"https:\/\/arantv.az\/?p=479596"},"modified":"2022-05-27T11:48:42","modified_gmt":"2022-05-27T08:48:42","slug":"ilham-%c9%99liyev-v%c9%99-birinci-xanim-z%c9%99ngilanda-agilli-k%c9%99nd-layih%c9%99sinin-birinci-m%c9%99rh%c9%99l%c9%99si-uzr%c9%99-acilis-m%c9%99rasimind%c9%99-istirak-edibl%c9%99r","status":"publish","type":"post","link":"https:\/\/arantv.az\/?p=479596","title":{"rendered":"\u0130lham \u018fliyev v\u0259 birinci xan\u0131m Z\u0259ngilanda \u201cA\u011f\u0131ll\u0131 k\u0259nd\u201d layih\u0259sinin birinci m\u0259rh\u0259l\u0259si \u00fczr\u0259 a\u00e7\u0131l\u0131\u015f m\u0259rasimind\u0259 i\u015ftirak edibl\u0259r"},"content":{"rendered":"<p>May\u0131n 27-d\u0259 Z\u0259ngilan rayonunun A\u011fal\u0131 k\u0259ndind\u0259 &#8220;A\u011f\u0131ll\u0131 k\u0259nd&#8221; layih\u0259sinin birinci m\u0259rh\u0259l\u0259si \u00fczr\u0259 a\u00e7\u0131l\u0131\u015f m\u0259rasimi olub.<\/p>\n<p><strong>ARANTV.AZ<\/strong>\u00a0 <a href=\"http:\/\/azertag.az\/\" target=\"_blank\" rel=\"noopener\">AZ\u018fRTAC<\/a>-a istinad\u0259n bildirir ki,\u00a0Az\u0259rbaycan Respublikas\u0131n\u0131n Prezidenti \u0130lham \u018fliyev v\u0259 birinci xan\u0131m Mehriban \u018fliyeva m\u0259rasimd\u0259 i\u015ftirak edibl\u0259r v\u0259 burada yarad\u0131lan \u015f\u0259raitl\u0259 tan\u0131\u015f olublar.<\/p>\n<p>Sonra d\u00f6vl\u0259timizin ba\u015f\u00e7\u0131s\u0131 v\u0259 birinci xan\u0131m A\u011fal\u0131 k\u0259nd sakinl\u0259ri il\u0259 g\u00f6r\u00fc\u015f\u00fcbl\u0259r.<\/p>\n<p><em>X\u0259b\u0259r yenil\u0259n\u0259c\u0259k<\/em><\/p>\n","protected":false},"excerpt":{"rendered":"<p>May\u0131n 27-d\u0259 Z\u0259ngilan rayonunun A\u011fal\u0131 k\u0259ndind\u0259 &#8220;A\u011f\u0131ll\u0131 k\u0259nd&#8221; layih\u0259sinin birinci m\u0259rh\u0259l\u0259si \u00fczr\u0259 a\u00e7\u0131l\u0131\u015f m\u0259rasimi olub. ARANTV.AZ\u00a0 AZ\u018fRTAC-a istinad\u0259n bildirir ki,\u00a0Az\u0259rbaycan Respublikas\u0131n\u0131n Prezidenti \u0130lham \u018fliyev v\u0259 birinci xan\u0131m Mehriban \u018fliyeva m\u0259rasimd\u0259 i\u015ftirak edibl\u0259r v\u0259 burada yarad\u0131lan \u015f\u0259raitl\u0259 tan\u0131\u015f olublar. Sonra d\u00f6vl\u0259timizin ba\u015f\u00e7\u0131s\u0131 v\u0259 birinci xan\u0131m A\u011fal\u0131 k\u0259nd sakinl\u0259ri il\u0259 g\u00f6r\u00fc\u015f\u00fcbl\u0259r. X\u0259b\u0259r yenil\u0259n\u0259c\u0259k<\/p>\n","protected":false},"author":2,"featured_media":479597,"comment_status":"closed","ping_status":"closed","sticky":false,"template":"","format":"standard","meta":{"om_disable_all_campaigns":false,"_monsterinsights_skip_tracking":false,"_monsterinsights_sitenote_active":false,"_monsterinsights_sitenote_note":"","_monsterinsights_sitenote_category":0},"categories":[4],"tags":[],"aioseo_notices":[],"gutentor_comment":0,"rttpg_featured_image_url":{"full":["https:\/\/arantv.az\/wp-content\/uploads\/2022\/05\/1045635.jpg",800,600,false],"landscape":["https:\/\/arantv.az\/wp-content\/uploads\/2022\/05\/1045635.jpg",800,600,false],"portraits":["https:\/\/arantv.az\/wp-content\/uploads\/2022\/05\/1045635.jpg",800,600,false],"thumbnail":["https:\/\/arantv.az\/wp-content\/uploads\/2022\/05\/1045635-500x280.jpg",500,280,true],"medium":["https:\/\/arantv.az\/wp-content\/uploads\/2022\/05\/1045635-487x365.jpg",487,365,true],"large":["https:\/\/arantv.az\/wp-content\/uploads\/2022\/05\/1045635.jpg",640,480,false],"1536x1536":["https:\/\/arantv.az\/wp-content\/uploads\/2022\/05\/1045635.jpg",800,600,false],"2048x2048":["https:\/\/arantv.az\/wp-content\/uploads\/2022\/05\/1045635.jpg",800,600,false],"post-thumbnail":["https:\/\/arantv.az\/wp-content\/uploads\/2022\/05\/1045635-240x172.jpg",240,172,true],"advps-thumb-one":["https:\/\/arantv.az\/wp-content\/uploads\/2022\/05\/1045635.jpg",800,600,false]},"rttpg_author":{"display_name":"V\u00fcsal Rafiqo\u011flu","author_link":"https:\/\/arantv.az\/?author=2"},"rttpg_comment":0,"rttpg_category":"<a href=\"https:\/\/arantv.az\/?cat=4\" rel=\"category\">Siyas\u0259t<\/a>","rttpg_excerpt":"May\u0131n 27-d\u0259 Z\u0259ngilan rayonunun A\u011fal\u0131 k\u0259ndind\u0259 &#8220;A\u011f\u0131ll\u0131 k\u0259nd&#8221; layih\u0259sinin birinci m\u0259rh\u0259l\u0259si \u00fczr\u0259 a\u00e7\u0131l\u0131\u015f m\u0259rasimi olub. ARANTV.AZ\u00a0 AZ\u018fRTAC-a istinad\u0259n bildirir ki,\u00a0Az\u0259rbaycan Respublikas\u0131n\u0131n Prezidenti \u0130lham \u018fliyev v\u0259 birinci xan\u0131m Mehriban \u018fliyeva m\u0259rasimd\u0259 i\u015ftirak edibl\u0259r v\u0259 burada yarad\u0131lan \u015f\u0259raitl\u0259 tan\u0131\u015f olublar. Sonra d\u00f6vl\u0259timizin ba\u015f\u00e7\u0131s\u0131 v\u0259 birinci xan\u0131m A\u011fal\u0131 k\u0259nd sakinl\u0259ri il\u0259 g\u00f6r\u00fc\u015f\u00fcbl\u0259r. X\u0259b\u0259r yenil\u0259n\u0259c\u0259k","_links":{"self":[{"href":"https:\/\/arantv.az\/index.php?rest_route=\/wp\/v2\/posts\/479596"}],"collection":[{"href":"https:\/\/arantv.az\/index.php?rest_route=\/wp\/v2\/posts"}],"about":[{"href":"https:\/\/arantv.az\/index.php?rest_route=\/wp\/v2\/types\/post"}],"author":[{"embeddable":true,"href":"https:\/\/arantv.az\/index.php?rest_route=\/wp\/v2\/users\/2"}],"replies":[{"embeddable":true,"href":"https:\/\/arantv.az\/index.php?rest_route=%2Fwp%2Fv2%2Fcomments&post=479596"}],"version-history":[{"count":0,"href":"https:\/\/arantv.az\/index.php?rest_route=\/wp\/v2\/posts\/479596\/revisions"}],"wp:featuredmedia":[{"embeddable":true,"href":"https:\/\/arantv.az\/index.php?rest_route=\/wp\/v2\/media\/479597"}],"wp:attachment":[{"href":"https:\/\/arantv.az\/index.php?rest_route=%2Fwp%2Fv2%2Fmedia&parent=479596"}],"wp:term":[{"taxonomy":"category","embeddable":true,"href":"https:\/\/arantv.az\/index.php?rest_route=%2Fwp%2Fv2%2Fcategories&post=479596"},{"taxonomy":"post_tag","embeddable":true,"href":"https:\/\/arantv.az\/index.php?rest_route=%2Fwp%2Fv2%2Ftags&post=479596"}],"curies":[{"name":"wp","href":"https:\/\/api.w.org\/{rel}","templated":true}]}}