{"id":479602,"date":"2022-05-27T11:56:42","date_gmt":"2022-05-27T08:56:42","guid":{"rendered":"https:\/\/arantv.az\/?p=479602"},"modified":"2022-05-27T11:56:42","modified_gmt":"2022-05-27T08:56:42","slug":"s%c9%99lcuq-bayraktar-h%c9%99r-k%c9%99si-susaya-d%c9%99v%c9%99t-etdi","status":"publish","type":"post","link":"https:\/\/arantv.az\/?p=479602","title":{"rendered":"S\u0259lcuq Bayraktar h\u0259r k\u0259si \u015eu\u015faya d\u0259v\u0259t etdi"},"content":{"rendered":"<p>\u201cH\u0259r k\u0259s\u0259\u00a0ilk f\u00fcrs\u0259td\u0259 \u201cTEKNOFEST Az\u0259rbaycan\u201d\u0131, Qaraba\u011f v\u0259 \u015eu\u015fan\u0131 ziyar\u0259t etm\u0259yi t\u00f6vsiy\u0259 edir\u0259m\u201d.<\/p>\n<p><strong>ARANTV.AZ<\/strong> x\u0259b\u0259r verir ki, bunu T\u00fcrkiy\u0259nin \u201cBaykar Makina\u201d \u015firk\u0259tinin texniki direktoru, \u201cBayraktar\u201d pilotsuz u\u00e7u\u015f aparat\u0131n\u0131n (PUA) yarad\u0131c\u0131s\u0131 S\u0259lcuq Bayraktar deyib.<\/p>\n<p>\u201cM\u0259d\u0259niyy\u0259timizin q\u0259dim m\u0259d\u0259niyy\u0259t miras\u0131ndan olan \u015eu\u015fan\u0131 ziyar\u0259t etdik. Burada t\u0259bi\u0259td\u0259 nadir\u0259n olan, yaxamda d\u00f6\u015f ni\u015fan\u0131 olaraq taxd\u0131\u011f\u0131m xar\u0131b\u00fclb\u00fcl g\u00fcl\u00fcn\u00fc g\u00f6rm\u0259k f\u00fcrs\u0259timiz oldu. H\u0259m\u00e7inin xar\u0131b\u00fclb\u00fcl \u00e7i\u00e7\u0259yini m\u0259n\u0259 v\u0259 h\u0259yat yolda\u015f\u0131ma h\u0259diyy\u0259 etdil\u0259r. Onun xatir\u0259sini ya\u015fatmaq \u00fc\u00e7\u00fcn g\u00f6z\u00fcm\u00fcz kimi bax\u0131b saxlayaca\u011f\u0131q\u201d, &#8211; o bildirib.<\/p>\n","protected":false},"excerpt":{"rendered":"<p>\u201cH\u0259r k\u0259s\u0259\u00a0ilk f\u00fcrs\u0259td\u0259 \u201cTEKNOFEST Az\u0259rbaycan\u201d\u0131, Qaraba\u011f v\u0259 \u015eu\u015fan\u0131 ziyar\u0259t etm\u0259yi t\u00f6vsiy\u0259 edir\u0259m\u201d. ARANTV.AZ x\u0259b\u0259r verir ki, bunu T\u00fcrkiy\u0259nin \u201cBaykar Makina\u201d \u015firk\u0259tinin texniki direktoru, \u201cBayraktar\u201d pilotsuz u\u00e7u\u015f aparat\u0131n\u0131n (PUA) yarad\u0131c\u0131s\u0131 S\u0259lcuq Bayraktar deyib. \u201cM\u0259d\u0259niyy\u0259timizin q\u0259dim m\u0259d\u0259niyy\u0259t miras\u0131ndan olan \u015eu\u015fan\u0131 ziyar\u0259t etdik. Burada t\u0259bi\u0259td\u0259 nadir\u0259n olan, yaxamda d\u00f6\u015f ni\u015fan\u0131 olaraq taxd\u0131\u011f\u0131m xar\u0131b\u00fclb\u00fcl g\u00fcl\u00fcn\u00fc g\u00f6rm\u0259k f\u00fcrs\u0259timiz oldu. H\u0259m\u00e7inin xar\u0131b\u00fclb\u00fcl \u00e7i\u00e7\u0259yini m\u0259n\u0259 v\u0259 h\u0259yat yolda\u015f\u0131ma h\u0259diyy\u0259 etdil\u0259r. Onun xatir\u0259sini ya\u015fatmaq \u00fc\u00e7\u00fcn g\u00f6z\u00fcm\u00fcz kimi bax\u0131b saxlayaca\u011f\u0131q\u201d, &#8211; o bildirib.<\/p>\n","protected":false},"author":2,"featured_media":479603,"comment_status":"closed","ping_status":"closed","sticky":false,"template":"","format":"standard","meta":{"om_disable_all_campaigns":false,"_monsterinsights_skip_tracking":false,"_monsterinsights_sitenote_active":false,"_monsterinsights_sitenote_note":"","_monsterinsights_sitenote_category":0},"categories":[1],"tags":[],"aioseo_notices":[],"gutentor_comment":0,"rttpg_featured_image_url":{"full":["https:\/\/arantv.az\/wp-content\/uploads\/2022\/05\/su.jpg",620,413,false],"landscape":["https:\/\/arantv.az\/wp-content\/uploads\/2022\/05\/su.jpg",620,413,false],"portraits":["https:\/\/arantv.az\/wp-content\/uploads\/2022\/05\/su.jpg",620,413,false],"thumbnail":["https:\/\/arantv.az\/wp-content\/uploads\/2022\/05\/su-500x280.jpg",500,280,true],"medium":["https:\/\/arantv.az\/wp-content\/uploads\/2022\/05\/su-548x365.jpg",548,365,true],"large":["https:\/\/arantv.az\/wp-content\/uploads\/2022\/05\/su.jpg",620,413,false],"1536x1536":["https:\/\/arantv.az\/wp-content\/uploads\/2022\/05\/su.jpg",620,413,false],"2048x2048":["https:\/\/arantv.az\/wp-content\/uploads\/2022\/05\/su.jpg",620,413,false],"post-thumbnail":["https:\/\/arantv.az\/wp-content\/uploads\/2022\/05\/su-240x172.jpg",240,172,true],"advps-thumb-one":["https:\/\/arantv.az\/wp-content\/uploads\/2022\/05\/su.jpg",620,413,false]},"rttpg_author":{"display_name":"V\u00fcsal Rafiqo\u011flu","author_link":"https:\/\/arantv.az\/?author=2"},"rttpg_comment":0,"rttpg_category":"<a href=\"https:\/\/arantv.az\/?cat=1\" rel=\"category\">C\u0259miyy\u0259t<\/a>","rttpg_excerpt":"\u201cH\u0259r k\u0259s\u0259\u00a0ilk f\u00fcrs\u0259td\u0259 \u201cTEKNOFEST Az\u0259rbaycan\u201d\u0131, Qaraba\u011f v\u0259 \u015eu\u015fan\u0131 ziyar\u0259t etm\u0259yi t\u00f6vsiy\u0259 edir\u0259m\u201d. ARANTV.AZ x\u0259b\u0259r verir ki, bunu T\u00fcrkiy\u0259nin \u201cBaykar Makina\u201d \u015firk\u0259tinin texniki direktoru, \u201cBayraktar\u201d pilotsuz u\u00e7u\u015f aparat\u0131n\u0131n (PUA) yarad\u0131c\u0131s\u0131 S\u0259lcuq Bayraktar deyib. \u201cM\u0259d\u0259niyy\u0259timizin q\u0259dim m\u0259d\u0259niyy\u0259t miras\u0131ndan olan \u015eu\u015fan\u0131 ziyar\u0259t etdik. Burada t\u0259bi\u0259td\u0259 nadir\u0259n olan, yaxamda d\u00f6\u015f ni\u015fan\u0131 olaraq taxd\u0131\u011f\u0131m xar\u0131b\u00fclb\u00fcl g\u00fcl\u00fcn\u00fc g\u00f6rm\u0259k f\u00fcrs\u0259timiz oldu. H\u0259m\u00e7inin&hellip;","_links":{"self":[{"href":"https:\/\/arantv.az\/index.php?rest_route=\/wp\/v2\/posts\/479602"}],"collection":[{"href":"https:\/\/arantv.az\/index.php?rest_route=\/wp\/v2\/posts"}],"about":[{"href":"https:\/\/arantv.az\/index.php?rest_route=\/wp\/v2\/types\/post"}],"author":[{"embeddable":true,"href":"https:\/\/arantv.az\/index.php?rest_route=\/wp\/v2\/users\/2"}],"replies":[{"embeddable":true,"href":"https:\/\/arantv.az\/index.php?rest_route=%2Fwp%2Fv2%2Fcomments&post=479602"}],"version-history":[{"count":0,"href":"https:\/\/arantv.az\/index.php?rest_route=\/wp\/v2\/posts\/479602\/revisions"}],"wp:featuredmedia":[{"embeddable":true,"href":"https:\/\/arantv.az\/index.php?rest_route=\/wp\/v2\/media\/479603"}],"wp:attachment":[{"href":"https:\/\/arantv.az\/index.php?rest_route=%2Fwp%2Fv2%2Fmedia&parent=479602"}],"wp:term":[{"taxonomy":"category","embeddable":true,"href":"https:\/\/arantv.az\/index.php?rest_route=%2Fwp%2Fv2%2Fcategories&post=479602"},{"taxonomy":"post_tag","embeddable":true,"href":"https:\/\/arantv.az\/index.php?rest_route=%2Fwp%2Fv2%2Ftags&post=479602"}],"curies":[{"name":"wp","href":"https:\/\/api.w.org\/{rel}","templated":true}]}}