{"id":479605,"date":"2022-05-27T11:57:12","date_gmt":"2022-05-27T08:57:12","guid":{"rendered":"https:\/\/arantv.az\/?p=479605"},"modified":"2022-05-27T11:57:12","modified_gmt":"2022-05-27T08:57:12","slug":"az%c9%99rbaycanda-polis-agir-q%c9%99za-tor%c9%99tdi-ol%c9%99n-var","status":"publish","type":"post","link":"https:\/\/arantv.az\/?p=479605","title":{"rendered":"Az\u0259rbaycanda polis a\u011f\u0131r q\u0259za t\u00f6r\u0259tdi: \u00d6l\u0259n var"},"content":{"rendered":"<p>Xa\u00e7mazda polis \u0259m\u0259kda\u015f\u0131 idar\u0259 etdiyi avtomobill\u0259 piyadan\u0131 vurub.<\/p>\n<div class=\"AdviadNativeVideo\"><\/div>\n<p>\u201cQafqazinfo\u201dnun \u0259ld\u0259 etdiyi m\u0259lumata g\u00f6r\u0259, hadis\u0259 bu gec\u0259 saat 01 rad\u0259l\u0259rind\u0259\u00a0Xa\u00e7maz\u0131n L\u0259c\u0259t k\u0259ndind\u0259 ba\u015f verib.<\/p>\n<p>Xa\u00e7maz Rayon Polis \u015e\u00f6b\u0259sinin Yalama Polis B\u00f6lm\u0259sinin manqa komandiri, polis ba\u015f serjant\u0131 Az\u0259r Dada\u015fovun idar\u0259 etdiyi VAZ-21074\u00a0markal\u0131 avtomobill\u0259 vurdu\u011fu 1969-cu il t\u0259v\u0259ll\u00fcdl\u00fc El\u00e7in Q\u0259diyev ald\u0131\u011f\u0131 x\u0259sar\u0259tl\u0259rd\u0259n hadis\u0259 yerind\u0259 \u00f6l\u00fcb.<\/p>\n<p>Faktla ba\u011fl\u0131 cinay\u0259t i\u015fi ba\u015flan\u0131l\u0131b, ekspertizalar t\u0259yin edilib.<\/p>\n","protected":false},"excerpt":{"rendered":"<p>Xa\u00e7mazda polis \u0259m\u0259kda\u015f\u0131 idar\u0259 etdiyi avtomobill\u0259 piyadan\u0131 vurub. \u201cQafqazinfo\u201dnun \u0259ld\u0259 etdiyi m\u0259lumata g\u00f6r\u0259, hadis\u0259 bu gec\u0259 saat 01 rad\u0259l\u0259rind\u0259\u00a0Xa\u00e7maz\u0131n L\u0259c\u0259t k\u0259ndind\u0259 ba\u015f verib. Xa\u00e7maz Rayon Polis \u015e\u00f6b\u0259sinin Yalama Polis B\u00f6lm\u0259sinin manqa komandiri, polis ba\u015f serjant\u0131 Az\u0259r Dada\u015fovun idar\u0259 etdiyi VAZ-21074\u00a0markal\u0131 avtomobill\u0259 vurdu\u011fu 1969-cu il t\u0259v\u0259ll\u00fcdl\u00fc El\u00e7in Q\u0259diyev ald\u0131\u011f\u0131 x\u0259sar\u0259tl\u0259rd\u0259n hadis\u0259 yerind\u0259 \u00f6l\u00fcb. Faktla ba\u011fl\u0131 cinay\u0259t i\u015fi ba\u015flan\u0131l\u0131b, ekspertizalar t\u0259yin edilib.<\/p>\n","protected":false},"author":2,"featured_media":479606,"comment_status":"closed","ping_status":"closed","sticky":false,"template":"","format":"standard","meta":{"om_disable_all_campaigns":false,"_monsterinsights_skip_tracking":false,"_monsterinsights_sitenote_active":false,"_monsterinsights_sitenote_note":"","_monsterinsights_sitenote_category":0},"categories":[5],"tags":[],"aioseo_notices":[],"gutentor_comment":0,"rttpg_featured_image_url":{"full":["https:\/\/arantv.az\/wp-content\/uploads\/2022\/05\/FotoJet-2022-05-27T124457.046.jpg",620,413,false],"landscape":["https:\/\/arantv.az\/wp-content\/uploads\/2022\/05\/FotoJet-2022-05-27T124457.046.jpg",620,413,false],"portraits":["https:\/\/arantv.az\/wp-content\/uploads\/2022\/05\/FotoJet-2022-05-27T124457.046.jpg",620,413,false],"thumbnail":["https:\/\/arantv.az\/wp-content\/uploads\/2022\/05\/FotoJet-2022-05-27T124457.046-500x280.jpg",500,280,true],"medium":["https:\/\/arantv.az\/wp-content\/uploads\/2022\/05\/FotoJet-2022-05-27T124457.046-548x365.jpg",548,365,true],"large":["https:\/\/arantv.az\/wp-content\/uploads\/2022\/05\/FotoJet-2022-05-27T124457.046.jpg",620,413,false],"1536x1536":["https:\/\/arantv.az\/wp-content\/uploads\/2022\/05\/FotoJet-2022-05-27T124457.046.jpg",620,413,false],"2048x2048":["https:\/\/arantv.az\/wp-content\/uploads\/2022\/05\/FotoJet-2022-05-27T124457.046.jpg",620,413,false],"post-thumbnail":["https:\/\/arantv.az\/wp-content\/uploads\/2022\/05\/FotoJet-2022-05-27T124457.046-240x172.jpg",240,172,true],"advps-thumb-one":["https:\/\/arantv.az\/wp-content\/uploads\/2022\/05\/FotoJet-2022-05-27T124457.046.jpg",620,413,false]},"rttpg_author":{"display_name":"V\u00fcsal Rafiqo\u011flu","author_link":"https:\/\/arantv.az\/?author=2"},"rttpg_comment":0,"rttpg_category":"<a href=\"https:\/\/arantv.az\/?cat=5\" rel=\"category\">Hadis\u0259<\/a>","rttpg_excerpt":"Xa\u00e7mazda polis \u0259m\u0259kda\u015f\u0131 idar\u0259 etdiyi avtomobill\u0259 piyadan\u0131 vurub. \u201cQafqazinfo\u201dnun \u0259ld\u0259 etdiyi m\u0259lumata g\u00f6r\u0259, hadis\u0259 bu gec\u0259 saat 01 rad\u0259l\u0259rind\u0259\u00a0Xa\u00e7maz\u0131n L\u0259c\u0259t k\u0259ndind\u0259 ba\u015f verib. Xa\u00e7maz Rayon Polis \u015e\u00f6b\u0259sinin Yalama Polis B\u00f6lm\u0259sinin manqa komandiri, polis ba\u015f serjant\u0131 Az\u0259r Dada\u015fovun idar\u0259 etdiyi VAZ-21074\u00a0markal\u0131 avtomobill\u0259 vurdu\u011fu 1969-cu il t\u0259v\u0259ll\u00fcdl\u00fc El\u00e7in Q\u0259diyev ald\u0131\u011f\u0131 x\u0259sar\u0259tl\u0259rd\u0259n hadis\u0259 yerind\u0259 \u00f6l\u00fcb. Faktla ba\u011fl\u0131 cinay\u0259t&hellip;","_links":{"self":[{"href":"https:\/\/arantv.az\/index.php?rest_route=\/wp\/v2\/posts\/479605"}],"collection":[{"href":"https:\/\/arantv.az\/index.php?rest_route=\/wp\/v2\/posts"}],"about":[{"href":"https:\/\/arantv.az\/index.php?rest_route=\/wp\/v2\/types\/post"}],"author":[{"embeddable":true,"href":"https:\/\/arantv.az\/index.php?rest_route=\/wp\/v2\/users\/2"}],"replies":[{"embeddable":true,"href":"https:\/\/arantv.az\/index.php?rest_route=%2Fwp%2Fv2%2Fcomments&post=479605"}],"version-history":[{"count":0,"href":"https:\/\/arantv.az\/index.php?rest_route=\/wp\/v2\/posts\/479605\/revisions"}],"wp:featuredmedia":[{"embeddable":true,"href":"https:\/\/arantv.az\/index.php?rest_route=\/wp\/v2\/media\/479606"}],"wp:attachment":[{"href":"https:\/\/arantv.az\/index.php?rest_route=%2Fwp%2Fv2%2Fmedia&parent=479605"}],"wp:term":[{"taxonomy":"category","embeddable":true,"href":"https:\/\/arantv.az\/index.php?rest_route=%2Fwp%2Fv2%2Fcategories&post=479605"},{"taxonomy":"post_tag","embeddable":true,"href":"https:\/\/arantv.az\/index.php?rest_route=%2Fwp%2Fv2%2Ftags&post=479605"}],"curies":[{"name":"wp","href":"https:\/\/api.w.org\/{rel}","templated":true}]}}