{"id":479627,"date":"2022-05-27T12:17:38","date_gmt":"2022-05-27T09:17:38","guid":{"rendered":"https:\/\/arantv.az\/?p=479627"},"modified":"2022-05-27T12:17:38","modified_gmt":"2022-05-27T09:17:38","slug":"r%c9%99sad-daglinin-dostunu-gull%c9%99l%c9%99y%c9%99n-s%c9%99xsin-c%c9%99zasi-azaldildi","status":"publish","type":"post","link":"https:\/\/arantv.az\/?p=479627","title":{"rendered":"R\u0259\u015fad Da\u011fl\u0131n\u0131n dostunu g\u00fcll\u0259l\u0259y\u0259n \u015f\u0259xsin c\u0259zas\u0131 azald\u0131ld\u0131"},"content":{"rendered":"<p>Bak\u0131da q\u0259sd\u0259n adam \u00f6ld\u00fcrm\u0259y\u0259 c\u0259hdd\u0259 t\u0259qsirl\u0259ndiril\u0259n Tural Na\u011f\u0131yevin bar\u0259sind\u0259 olan h\u00f6kmd\u0259n veril\u0259n apellyasiya \u015fikay\u0259tin\u0259 bax\u0131l\u0131b v\u0259 onun c\u0259zas\u0131 azald\u0131l\u0131b.<\/p>\n<p>\u201cReport\u201dun \u0259ld\u0259 etdiyi m\u0259lumata g\u00f6r\u0259, bu bar\u0259d\u0259 Bak\u0131 Apellyasiya M\u0259hk\u0259m\u0259sinin hakimi Kamran \u018fkb\u0259rovun s\u0259drliyi il\u0259 ke\u00e7iril\u0259n prosesd\u0259 elan olunub.<\/p>\n<div class=\"AdviadNativeVideo\"><\/div>\n<p>M\u0259hk\u0259m\u0259nin q\u0259rar\u0131na \u0259sas\u0259n, onun 13 il 6 ay m\u00fcdd\u0259tin\u0259 azadl\u0131qdan m\u0259hrumetm\u0259 c\u0259zas\u0131 6 ay\u00a0azald\u0131l\u0131b.<\/p>\n<p>Qeyd ed\u0259k ki, hadis\u0259 2019-cu il dekabr\u0131n 22-d\u0259 Yasamal rayonu, \u015e\u0259rifzad\u0259 k\u00fc\u00e7\u0259si, 67A n\u00f6mr\u0259li evin qar\u015f\u0131s\u0131nda ba\u015f verib.<\/p>\n<p>Bel\u0259 ki, T.Na\u011f\u0131yev \u201cNiva\u201d markal\u0131 avtomobil\u0259 at\u0259\u015f a\u00e7\u0131b. N\u0259tic\u0259d\u0259 h\u0259min vaxt ma\u015f\u0131nda olan 1989-cu il t\u0259v\u0259ll\u00fcdl\u00fc Muradov Z\u00fclf\u00fc \u0130lqar o\u011flu v\u0259 1984-c\u00fc il t\u0259v\u0259ll\u00fcdl\u00fc Ba\u011f\u0131yev \u0130lkin G\u00fclh\u00fcseyn o\u011flu yaralan\u0131b. Z.Muradov sin\u0259sind\u0259n, \u0130.Ba\u011f\u0131yev is\u0259 bud nahiy\u0259sind\u0259n yaralan\u0131b. X\u0259sar\u0259t alanlar x\u0259st\u0259xanaya yerl\u0259\u015fdirilib.<\/p>\n<p>Daha sonra T.Na\u011f\u0131yev tutularaq istintaqa t\u0259hvil verilib.<\/p>\n<p>Faktla \u0259laq\u0259dar Yasamal Rayon Prokurorlu\u011fu t\u0259r\u0259find\u0259n Cinay\u0259t M\u0259c\u0259ll\u0259sinin 29,120.2.7 (iki v\u0259 ya daha \u00e7ox \u015f\u0259xsi q\u0259sd\u0259n \u00f6ld\u00fcrm\u0259y\u0259 c\u0259hd) madd\u0259si il\u0259 cinay\u0259t i\u015fi a\u00e7\u0131l\u0131b.<\/p>\n<p>Bak\u0131 A\u011f\u0131r Cinay\u0259tl\u0259r M\u0259hk\u0259m\u0259sinin h\u00f6km\u00fc il\u0259 T.Na\u011f\u0131yev 13 il 6 ay m\u00fcdd\u0259tin\u0259 azadl\u0131qdan m\u0259hrum edilib. H\u00f6kmd\u0259n naraz\u0131 qalan m\u0259hkum apellyasiya \u015fikay\u0259ti verib.<\/p>\n<p>Xat\u0131rladaq ki, g\u00fcll\u0259l\u0259n\u0259n Z.Muradov tan\u0131nm\u0131\u015f meyxana\u00e7\u0131 R\u0259\u015fad Da\u011fl\u0131n\u0131n dostudur. O, x\u0259st\u0259xanadan \u00e7\u0131xandan sonra h\u0259bs edilib. Ona qar\u015f\u0131 k\u00fclli miqdarda narkotik vasit\u0259 \u0259ld\u0259 etm\u0259 v\u0259 satma madd\u0259si il\u0259 ittiham ir\u0259li s\u00fcr\u00fcl\u00fcb v\u0259 6 il m\u00fcdd\u0259tin\u0259 azadl\u0131qdan m\u0259hrum edilib.<\/p>\n","protected":false},"excerpt":{"rendered":"<p>Bak\u0131da q\u0259sd\u0259n adam \u00f6ld\u00fcrm\u0259y\u0259 c\u0259hdd\u0259 t\u0259qsirl\u0259ndiril\u0259n Tural Na\u011f\u0131yevin bar\u0259sind\u0259 olan h\u00f6kmd\u0259n veril\u0259n apellyasiya \u015fikay\u0259tin\u0259 bax\u0131l\u0131b v\u0259 onun c\u0259zas\u0131 azald\u0131l\u0131b. \u201cReport\u201dun \u0259ld\u0259 etdiyi m\u0259lumata g\u00f6r\u0259, bu bar\u0259d\u0259 Bak\u0131 Apellyasiya M\u0259hk\u0259m\u0259sinin hakimi Kamran \u018fkb\u0259rovun s\u0259drliyi il\u0259 ke\u00e7iril\u0259n prosesd\u0259 elan olunub. M\u0259hk\u0259m\u0259nin q\u0259rar\u0131na \u0259sas\u0259n, onun 13 il 6 ay m\u00fcdd\u0259tin\u0259 azadl\u0131qdan m\u0259hrumetm\u0259 c\u0259zas\u0131 6 ay\u00a0azald\u0131l\u0131b. Qeyd ed\u0259k ki, hadis\u0259 2019-cu il dekabr\u0131n 22-d\u0259 Yasamal rayonu, \u015e\u0259rifzad\u0259 k\u00fc\u00e7\u0259si, 67A n\u00f6mr\u0259li evin qar\u015f\u0131s\u0131nda ba\u015f verib. Bel\u0259 ki, T.Na\u011f\u0131yev \u201cNiva\u201d markal\u0131 avtomobil\u0259 at\u0259\u015f a\u00e7\u0131b. N\u0259tic\u0259d\u0259 h\u0259min vaxt ma\u015f\u0131nda olan 1989-cu il t\u0259v\u0259ll\u00fcdl\u00fc Muradov Z\u00fclf\u00fc \u0130lqar o\u011flu&hellip;<\/p>\n","protected":false},"author":2,"featured_media":479628,"comment_status":"closed","ping_status":"closed","sticky":false,"template":"","format":"standard","meta":{"om_disable_all_campaigns":false,"_monsterinsights_skip_tracking":false,"_monsterinsights_sitenote_active":false,"_monsterinsights_sitenote_note":"","_monsterinsights_sitenote_category":0},"categories":[5],"tags":[],"aioseo_notices":[],"gutentor_comment":0,"rttpg_featured_image_url":{"full":["https:\/\/arantv.az\/wp-content\/uploads\/2022\/05\/cd1b928b-1c52-45ce-9089-d465835daefc.jpg",620,413,false],"landscape":["https:\/\/arantv.az\/wp-content\/uploads\/2022\/05\/cd1b928b-1c52-45ce-9089-d465835daefc.jpg",620,413,false],"portraits":["https:\/\/arantv.az\/wp-content\/uploads\/2022\/05\/cd1b928b-1c52-45ce-9089-d465835daefc.jpg",620,413,false],"thumbnail":["https:\/\/arantv.az\/wp-content\/uploads\/2022\/05\/cd1b928b-1c52-45ce-9089-d465835daefc-500x280.jpg",500,280,true],"medium":["https:\/\/arantv.az\/wp-content\/uploads\/2022\/05\/cd1b928b-1c52-45ce-9089-d465835daefc-548x365.jpg",548,365,true],"large":["https:\/\/arantv.az\/wp-content\/uploads\/2022\/05\/cd1b928b-1c52-45ce-9089-d465835daefc.jpg",620,413,false],"1536x1536":["https:\/\/arantv.az\/wp-content\/uploads\/2022\/05\/cd1b928b-1c52-45ce-9089-d465835daefc.jpg",620,413,false],"2048x2048":["https:\/\/arantv.az\/wp-content\/uploads\/2022\/05\/cd1b928b-1c52-45ce-9089-d465835daefc.jpg",620,413,false],"post-thumbnail":["https:\/\/arantv.az\/wp-content\/uploads\/2022\/05\/cd1b928b-1c52-45ce-9089-d465835daefc-240x172.jpg",240,172,true],"advps-thumb-one":["https:\/\/arantv.az\/wp-content\/uploads\/2022\/05\/cd1b928b-1c52-45ce-9089-d465835daefc.jpg",620,413,false]},"rttpg_author":{"display_name":"V\u00fcsal Rafiqo\u011flu","author_link":"https:\/\/arantv.az\/?author=2"},"rttpg_comment":0,"rttpg_category":"<a href=\"https:\/\/arantv.az\/?cat=5\" rel=\"category\">Hadis\u0259<\/a>","rttpg_excerpt":"Bak\u0131da q\u0259sd\u0259n adam \u00f6ld\u00fcrm\u0259y\u0259 c\u0259hdd\u0259 t\u0259qsirl\u0259ndiril\u0259n Tural Na\u011f\u0131yevin bar\u0259sind\u0259 olan h\u00f6kmd\u0259n veril\u0259n apellyasiya \u015fikay\u0259tin\u0259 bax\u0131l\u0131b v\u0259 onun c\u0259zas\u0131 azald\u0131l\u0131b. \u201cReport\u201dun \u0259ld\u0259 etdiyi m\u0259lumata g\u00f6r\u0259, bu bar\u0259d\u0259 Bak\u0131 Apellyasiya M\u0259hk\u0259m\u0259sinin hakimi Kamran \u018fkb\u0259rovun s\u0259drliyi il\u0259 ke\u00e7iril\u0259n prosesd\u0259 elan olunub. M\u0259hk\u0259m\u0259nin q\u0259rar\u0131na \u0259sas\u0259n, onun 13 il 6 ay m\u00fcdd\u0259tin\u0259 azadl\u0131qdan m\u0259hrumetm\u0259 c\u0259zas\u0131 6 ay\u00a0azald\u0131l\u0131b. Qeyd ed\u0259k ki,&hellip;","_links":{"self":[{"href":"https:\/\/arantv.az\/index.php?rest_route=\/wp\/v2\/posts\/479627"}],"collection":[{"href":"https:\/\/arantv.az\/index.php?rest_route=\/wp\/v2\/posts"}],"about":[{"href":"https:\/\/arantv.az\/index.php?rest_route=\/wp\/v2\/types\/post"}],"author":[{"embeddable":true,"href":"https:\/\/arantv.az\/index.php?rest_route=\/wp\/v2\/users\/2"}],"replies":[{"embeddable":true,"href":"https:\/\/arantv.az\/index.php?rest_route=%2Fwp%2Fv2%2Fcomments&post=479627"}],"version-history":[{"count":0,"href":"https:\/\/arantv.az\/index.php?rest_route=\/wp\/v2\/posts\/479627\/revisions"}],"wp:featuredmedia":[{"embeddable":true,"href":"https:\/\/arantv.az\/index.php?rest_route=\/wp\/v2\/media\/479628"}],"wp:attachment":[{"href":"https:\/\/arantv.az\/index.php?rest_route=%2Fwp%2Fv2%2Fmedia&parent=479627"}],"wp:term":[{"taxonomy":"category","embeddable":true,"href":"https:\/\/arantv.az\/index.php?rest_route=%2Fwp%2Fv2%2Fcategories&post=479627"},{"taxonomy":"post_tag","embeddable":true,"href":"https:\/\/arantv.az\/index.php?rest_route=%2Fwp%2Fv2%2Ftags&post=479627"}],"curies":[{"name":"wp","href":"https:\/\/api.w.org\/{rel}","templated":true}]}}