{"id":479630,"date":"2022-05-27T12:19:00","date_gmt":"2022-05-27T09:19:00","guid":{"rendered":"https:\/\/arantv.az\/?p=479630"},"modified":"2022-05-27T12:19:00","modified_gmt":"2022-05-27T09:19:00","slug":"polsa-prezidenti-az%c9%99rbaycan-c%c9%99nubi-qafqaz-regionunda-bizim-ucun-muhum-t%c9%99r%c9%99fdasdir","status":"publish","type":"post","link":"https:\/\/arantv.az\/?p=479630","title":{"rendered":"Pol\u015fa prezidenti: \u201cAz\u0259rbaycan C\u0259nubi Qafqaz regionunda bizim \u00fc\u00e7\u00fcn m\u00fch\u00fcm t\u0259r\u0259fda\u015fd\u0131r\u201d"},"content":{"rendered":"<p>Pol\u015fa Respublikas\u0131n\u0131n Prezidenti Andjey Duda Az\u0259rbaycan Respublikas\u0131n\u0131n Prezidenti\u00a0<strong>\u0130lham \u018fliyev<\/strong>\u0259 t\u0259brik m\u0259ktubu \u00fcnvanlay\u0131b.<\/p>\n<p>Prezident.az x\u0259b\u0259r verir ki, m\u0259ktubda deyilir:<\/p>\n<div class=\"AdviadNativeVideo\"><\/div>\n<p>\u201cAz\u0259rbaycan Respublikas\u0131n\u0131n milli bayram\u0131 \u2013 M\u00fcst\u0259qillik G\u00fcn\u00fc m\u00fcnasib\u0259til\u0259 Pol\u015fa xalq\u0131 ad\u0131ndan v\u0259 \u015f\u0259xs\u0259n \u00f6z ad\u0131mdan Siz\u0259, \u00f6lk\u0259nizin b\u00fct\u00fcn v\u0259t\u0259nda\u015flar\u0131na s\u0259mimi-q\u0259lbd\u0259n t\u0259brikl\u0259rimi v\u0259 xo\u015f arzular\u0131m\u0131 \u00e7atd\u0131rmaqdan \u015f\u0259r\u0259f duyuram.<\/p>\n<p>2022-ci ild\u0259 biz Pol\u015fa Respublikas\u0131 il\u0259 Az\u0259rbaycan Respublikas\u0131 aras\u0131nda diplomatik m\u00fcnasib\u0259tl\u0259rin qurulmas\u0131n\u0131n 30-cu ild\u00f6n\u00fcm\u00fcn\u00fc qeyd edirik. Bu m\u00fcdd\u0259t \u0259rzind\u0259 \u00e7ox yax\u015f\u0131 s\u0259viyy\u0259d\u0259 olan siyasi m\u00fcnasib\u0259tl\u0259ri inki\u015faf etdirm\u0259y\u0259, ticar\u0259t \u0259laq\u0259l\u0259rini, \u0259n\u0259n\u0259vi dostlu\u011fu v\u0259 \u0259m\u0259kda\u015fl\u0131\u011f\u0131 d\u0259rinl\u0259\u015fdirm\u0259y\u0259 nail olduq.<\/p>\n<p>Az\u0259rbaycan Respublikas\u0131 C\u0259nubi Qafqaz regionunda bizim \u00fc\u00e7\u00fcn m\u00fch\u00fcm t\u0259r\u0259fda\u015fd\u0131r. 2017-ci ild\u0259 Var\u015favaya s\u0259f\u0259riniz zaman\u0131 Pol\u015fa Respublikas\u0131 il\u0259 Az\u0259rbaycan Respublikas\u0131 aras\u0131nda imzalanm\u0131\u015f Strateji T\u0259r\u0259fda\u015fl\u0131q v\u0259 \u0130qtisadi \u018fm\u0259kda\u015fl\u0131\u011fa dair Yol X\u0259rit\u0259si haqq\u0131nda Birg\u0259 B\u0259yannam\u0259 m\u00fcnasib\u0259tl\u0259rimizin inki\u015faf istiqam\u0259tl\u0259rini m\u00fc\u0259yy\u0259n ed\u0259n s\u0259n\u0259d olaraq qal\u0131r. D\u00f6vl\u0259tl\u0259rimiz, xalqlar\u0131m\u0131z aras\u0131nda \u0259laq\u0259l\u0259rin v\u0259 \u0259m\u0259kda\u015fl\u0131\u011f\u0131n ist\u0259r ikit\u0259r\u0259fli formatda, ist\u0259rs\u0259 d\u0259 beyn\u0259lxalq t\u0259\u015fkilatlar, o c\u00fcml\u0259d\u0259n Avropa \u0130ttifaq\u0131 \u00e7\u0259r\u00e7iv\u0259sind\u0259 bundan sonra da u\u011furla inki\u015faf ed\u0259c\u0259yin\u0259 \u0259min\u0259m.<\/p>\n<p>C\u0259nab Prezident, icaz\u0259 verin, milli bayram\u0131n\u0131z m\u00fcnasib\u0259til\u0259 b\u00fct\u00fcn Az\u0259rbaycan v\u0259t\u0259nda\u015flar\u0131na bir daha t\u0259brikl\u0259rimi \u00e7atd\u0131r\u0131m\u201d.<\/p>\n","protected":false},"excerpt":{"rendered":"<p>Pol\u015fa Respublikas\u0131n\u0131n Prezidenti Andjey Duda Az\u0259rbaycan Respublikas\u0131n\u0131n Prezidenti\u00a0\u0130lham \u018fliyev\u0259 t\u0259brik m\u0259ktubu \u00fcnvanlay\u0131b. Prezident.az x\u0259b\u0259r verir ki, m\u0259ktubda deyilir: \u201cAz\u0259rbaycan Respublikas\u0131n\u0131n milli bayram\u0131 \u2013 M\u00fcst\u0259qillik G\u00fcn\u00fc m\u00fcnasib\u0259til\u0259 Pol\u015fa xalq\u0131 ad\u0131ndan v\u0259 \u015f\u0259xs\u0259n \u00f6z ad\u0131mdan Siz\u0259, \u00f6lk\u0259nizin b\u00fct\u00fcn v\u0259t\u0259nda\u015flar\u0131na s\u0259mimi-q\u0259lbd\u0259n t\u0259brikl\u0259rimi v\u0259 xo\u015f arzular\u0131m\u0131 \u00e7atd\u0131rmaqdan \u015f\u0259r\u0259f duyuram. 2022-ci ild\u0259 biz Pol\u015fa Respublikas\u0131 il\u0259 Az\u0259rbaycan Respublikas\u0131 aras\u0131nda diplomatik m\u00fcnasib\u0259tl\u0259rin qurulmas\u0131n\u0131n 30-cu ild\u00f6n\u00fcm\u00fcn\u00fc qeyd edirik. Bu m\u00fcdd\u0259t \u0259rzind\u0259 \u00e7ox yax\u015f\u0131 s\u0259viyy\u0259d\u0259 olan siyasi m\u00fcnasib\u0259tl\u0259ri inki\u015faf etdirm\u0259y\u0259, ticar\u0259t \u0259laq\u0259l\u0259rini, \u0259n\u0259n\u0259vi dostlu\u011fu v\u0259 \u0259m\u0259kda\u015fl\u0131\u011f\u0131 d\u0259rinl\u0259\u015fdirm\u0259y\u0259 nail olduq. Az\u0259rbaycan Respublikas\u0131 C\u0259nubi Qafqaz regionunda bizim \u00fc\u00e7\u00fcn m\u00fch\u00fcm t\u0259r\u0259fda\u015fd\u0131r.&hellip;<\/p>\n","protected":false},"author":2,"featured_media":479631,"comment_status":"closed","ping_status":"closed","sticky":false,"template":"","format":"standard","meta":{"om_disable_all_campaigns":false,"_monsterinsights_skip_tracking":false,"_monsterinsights_sitenote_active":false,"_monsterinsights_sitenote_note":"","_monsterinsights_sitenote_category":0},"categories":[4],"tags":[],"aioseo_notices":[],"gutentor_comment":0,"rttpg_featured_image_url":{"full":["https:\/\/arantv.az\/wp-content\/uploads\/2022\/05\/president_forum_310519_07.jpg",620,413,false],"landscape":["https:\/\/arantv.az\/wp-content\/uploads\/2022\/05\/president_forum_310519_07.jpg",620,413,false],"portraits":["https:\/\/arantv.az\/wp-content\/uploads\/2022\/05\/president_forum_310519_07.jpg",620,413,false],"thumbnail":["https:\/\/arantv.az\/wp-content\/uploads\/2022\/05\/president_forum_310519_07-500x280.jpg",500,280,true],"medium":["https:\/\/arantv.az\/wp-content\/uploads\/2022\/05\/president_forum_310519_07-548x365.jpg",548,365,true],"large":["https:\/\/arantv.az\/wp-content\/uploads\/2022\/05\/president_forum_310519_07.jpg",620,413,false],"1536x1536":["https:\/\/arantv.az\/wp-content\/uploads\/2022\/05\/president_forum_310519_07.jpg",620,413,false],"2048x2048":["https:\/\/arantv.az\/wp-content\/uploads\/2022\/05\/president_forum_310519_07.jpg",620,413,false],"post-thumbnail":["https:\/\/arantv.az\/wp-content\/uploads\/2022\/05\/president_forum_310519_07-240x172.jpg",240,172,true],"advps-thumb-one":["https:\/\/arantv.az\/wp-content\/uploads\/2022\/05\/president_forum_310519_07.jpg",620,413,false]},"rttpg_author":{"display_name":"V\u00fcsal Rafiqo\u011flu","author_link":"https:\/\/arantv.az\/?author=2"},"rttpg_comment":0,"rttpg_category":"<a href=\"https:\/\/arantv.az\/?cat=4\" rel=\"category\">Siyas\u0259t<\/a>","rttpg_excerpt":"Pol\u015fa Respublikas\u0131n\u0131n Prezidenti Andjey Duda Az\u0259rbaycan Respublikas\u0131n\u0131n Prezidenti\u00a0\u0130lham \u018fliyev\u0259 t\u0259brik m\u0259ktubu \u00fcnvanlay\u0131b. Prezident.az x\u0259b\u0259r verir ki, m\u0259ktubda deyilir: \u201cAz\u0259rbaycan Respublikas\u0131n\u0131n milli bayram\u0131 \u2013 M\u00fcst\u0259qillik G\u00fcn\u00fc m\u00fcnasib\u0259til\u0259 Pol\u015fa xalq\u0131 ad\u0131ndan v\u0259 \u015f\u0259xs\u0259n \u00f6z ad\u0131mdan Siz\u0259, \u00f6lk\u0259nizin b\u00fct\u00fcn v\u0259t\u0259nda\u015flar\u0131na s\u0259mimi-q\u0259lbd\u0259n t\u0259brikl\u0259rimi v\u0259 xo\u015f arzular\u0131m\u0131 \u00e7atd\u0131rmaqdan \u015f\u0259r\u0259f duyuram. 2022-ci ild\u0259 biz Pol\u015fa Respublikas\u0131 il\u0259 Az\u0259rbaycan Respublikas\u0131 aras\u0131nda diplomatik&hellip;","_links":{"self":[{"href":"https:\/\/arantv.az\/index.php?rest_route=\/wp\/v2\/posts\/479630"}],"collection":[{"href":"https:\/\/arantv.az\/index.php?rest_route=\/wp\/v2\/posts"}],"about":[{"href":"https:\/\/arantv.az\/index.php?rest_route=\/wp\/v2\/types\/post"}],"author":[{"embeddable":true,"href":"https:\/\/arantv.az\/index.php?rest_route=\/wp\/v2\/users\/2"}],"replies":[{"embeddable":true,"href":"https:\/\/arantv.az\/index.php?rest_route=%2Fwp%2Fv2%2Fcomments&post=479630"}],"version-history":[{"count":0,"href":"https:\/\/arantv.az\/index.php?rest_route=\/wp\/v2\/posts\/479630\/revisions"}],"wp:featuredmedia":[{"embeddable":true,"href":"https:\/\/arantv.az\/index.php?rest_route=\/wp\/v2\/media\/479631"}],"wp:attachment":[{"href":"https:\/\/arantv.az\/index.php?rest_route=%2Fwp%2Fv2%2Fmedia&parent=479630"}],"wp:term":[{"taxonomy":"category","embeddable":true,"href":"https:\/\/arantv.az\/index.php?rest_route=%2Fwp%2Fv2%2Fcategories&post=479630"},{"taxonomy":"post_tag","embeddable":true,"href":"https:\/\/arantv.az\/index.php?rest_route=%2Fwp%2Fv2%2Ftags&post=479630"}],"curies":[{"name":"wp","href":"https:\/\/api.w.org\/{rel}","templated":true}]}}