{"id":479633,"date":"2022-05-27T12:30:33","date_gmt":"2022-05-27T09:30:33","guid":{"rendered":"https:\/\/arantv.az\/?p=479633"},"modified":"2022-05-27T12:30:33","modified_gmt":"2022-05-27T09:30:33","slug":"fransadaki-az%c9%99rbaycan-diaspor-t%c9%99skilati-afrika-olk%c9%99sind%c9%99-susa-bulagi-acdi-foto","status":"publish","type":"post","link":"https:\/\/arantv.az\/?p=479633","title":{"rendered":"Fransadak\u0131 Az\u0259rbaycan diaspor t\u0259\u015fkilat\u0131 Afrika \u00f6lk\u0259sind\u0259 \u201c\u015eu\u015fa\u201d bula\u011f\u0131 a\u00e7d\u0131 &#8211; FOTO"},"content":{"rendered":"<p>Fransan\u0131n Tuluza \u015f\u0259h\u0259rind\u0259 f\u0259aliyy\u0259t g\u00f6st\u0259r\u0259n \u201cAz\u0259rbaycan \u0130cmas\u0131 Birliyi\u201dnin t\u0259\u015f\u0259bb\u00fcs\u00fc v\u0259 icma \u00fczvl\u0259rinin maliyy\u0259 v\u0259saiti il\u0259 \u201c\u015eu\u015fa \u0130li\u201d \u00e7\u0259r\u00e7iv\u0259sind\u0259 su v\u0259 \u0259rzaq \u00e7at\u0131\u015fmazl\u0131\u011f\u0131ndan \u0259ziyy\u0259t \u00e7\u0259k\u0259n Afrikan\u0131n Benin Respublikas\u0131n\u0131n Kotonu \u015f\u0259h\u0259rind\u0259 xeyriyy\u0259 aksiyas\u0131 t\u0259\u015fkil edilib.<\/p>\n<div class=\"AdviadNativeVideo\"><\/div>\n<p>Diasporla \u0130\u015f \u00fczr\u0259 D\u00f6vl\u0259t Komit\u0259si il\u0259 koordinasiyal\u0131 \u015f\u0259kild\u0259 Benin Respublikas\u0131n\u0131n \u0259n iri \u015f\u0259h\u0259ri olan Kotonuda h\u0259yata ke\u00e7iril\u0259n aksiya zaman\u0131 su quyusunun a\u00e7\u0131l\u0131\u015f\u0131 olub v\u0259 azt\u0259minatl\u0131 ail\u0259l\u0259r\u0259 \u0259rzaq paylan\u0131l\u0131b. M\u0259rasim zaman\u0131 \u201c\u015eu\u015fa q\u0259hr\u0259manlar\u0131n\u0131n \u0259ziz xatir\u0259sin\u0259 h\u0259sr olunur\u201d s\u00f6zl\u0259rinin, \u015eu\u015fa qalas\u0131n\u0131n v\u0259 xar\u0131b\u00fclb\u00fcl\u00a0r\u0259mzinin t\u0259svirinin \u0259ks olundu\u011fu poster n\u00fcmayi\u015f etdirilib.<\/p>\n<p>Qeyd ed\u0259k ki, Fransa Respublikas\u0131nda r\u0259smi qeydiyyatdan ke\u00e7\u0259n \u201cAz\u0259rbaycan \u0130cmas\u0131 Birliyi\u201d Tuluza \u015f\u0259h\u0259rind\u0259ki soyda\u015flar\u0131m\u0131z\u0131n bir araya g\u0259lm\u0259si, V\u0259t\u0259n\u0259 ba\u011fl\u0131l\u0131\u011f\u0131, milli-m\u0259d\u0259ni d\u0259y\u0259rl\u0259rimizin t\u0259bli\u011fi, Az\u0259rbaycan h\u0259qiq\u0259tl\u0259rinin, postm\u00fcharib\u0259 d\u00f6vr\u00fcnd\u0259 \u00f6lk\u0259mizl\u0259 ba\u011fl\u0131 yaranm\u0131\u015f yeni reall\u0131qlar\u0131n yerli ictimaiyy\u0259t\u0259 \u00e7atd\u0131r\u0131lmas\u0131 istiqam\u0259tind\u0259 t\u0259dbir v\u0259 layih\u0259l\u0259r ger\u00e7\u0259kl\u0259\u015fdirir.<\/p>\n<p>&nbsp;<\/p>\n<div class=\"gallery\">\n<div class=\"gallery-i\"><img src=\"https:\/\/cdn.oxu.az\/uploads\/W1siZiIsIjIwMjIvMDUvMjcvMTEvMzcvNTYvODkwMzQxODEtNzFiNC00MDU1LWEyODAtNjg0ZTEyODllMTlhLzI4NDM0MjQ4M183NTY4ODUwOTE5ODIyMThfNzQ1MzYyMDExNTYyODk1MTA2Ml9uLmpwZyJdLFsicCIsImVuY29kZSIsImpwZyIsIi1xdWFsaXR5IDgwIl0sWyJwIiwidGh1bWIiLCI1OTB4NTkwXHUwMDNlIl1d?sha=d56ebf5b047f9f40\" alt=\"\" \/><\/p>\n<div class=\"gallery-i-caption\"><\/div>\n<\/div>\n<div class=\"gallery-i\"><img src=\"https:\/\/cdn.oxu.az\/uploads\/W1siZiIsIjIwMjIvMDUvMjcvMTEvMzcvNTcvN2ZkYjQ2NDktM2Q2OS00N2UyLWJkNjgtMWE4YWRjM2FiZDM0LzI4Mzk4MDA0Ml8xMDM5NjMzNDEzNDI1MDUxXzY3Mzc3NjI3ODM4NjM4NDI2ODhfbi5qcGciXSxbInAiLCJlbmNvZGUiLCJqcGciLCItcXVhbGl0eSA4MCJdLFsicCIsInRodW1iIiwiNTkweDU5MFx1MDAzZSJdXQ?sha=45647797c7394b7b\" alt=\"\" \/><\/p>\n<div class=\"gallery-i-caption\"><\/div>\n<\/div>\n<div class=\"gallery-i\"><img src=\"https:\/\/cdn.oxu.az\/uploads\/W1siZiIsIjIwMjIvMDUvMjcvMTEvMzcvNTcvNWRjNjljODMtZDY0OC00OTYwLWFhZTctODhlMWJiZWZmN2ZkLzI4MjIwNDQwMF8zMTIxMzY2NzgxNDM5ODM0XzQ5MDg0NDY4NDM1MDYzMTcxOTRfbi5qcGciXSxbInAiLCJlbmNvZGUiLCJqcGciLCItcXVhbGl0eSA4MCJdLFsicCIsInRodW1iIiwiNTkweDU5MFx1MDAzZSJdXQ?sha=e8d07fabcb65d88c\" alt=\"\" \/><\/div>\n<\/div>\n","protected":false},"excerpt":{"rendered":"<p>Fransan\u0131n Tuluza \u015f\u0259h\u0259rind\u0259 f\u0259aliyy\u0259t g\u00f6st\u0259r\u0259n \u201cAz\u0259rbaycan \u0130cmas\u0131 Birliyi\u201dnin t\u0259\u015f\u0259bb\u00fcs\u00fc v\u0259 icma \u00fczvl\u0259rinin maliyy\u0259 v\u0259saiti il\u0259 \u201c\u015eu\u015fa \u0130li\u201d \u00e7\u0259r\u00e7iv\u0259sind\u0259 su v\u0259 \u0259rzaq \u00e7at\u0131\u015fmazl\u0131\u011f\u0131ndan \u0259ziyy\u0259t \u00e7\u0259k\u0259n Afrikan\u0131n Benin Respublikas\u0131n\u0131n Kotonu \u015f\u0259h\u0259rind\u0259 xeyriyy\u0259 aksiyas\u0131 t\u0259\u015fkil edilib. Diasporla \u0130\u015f \u00fczr\u0259 D\u00f6vl\u0259t Komit\u0259si il\u0259 koordinasiyal\u0131 \u015f\u0259kild\u0259 Benin Respublikas\u0131n\u0131n \u0259n iri \u015f\u0259h\u0259ri olan Kotonuda h\u0259yata ke\u00e7iril\u0259n aksiya zaman\u0131 su quyusunun a\u00e7\u0131l\u0131\u015f\u0131 olub v\u0259 azt\u0259minatl\u0131 ail\u0259l\u0259r\u0259 \u0259rzaq paylan\u0131l\u0131b. M\u0259rasim zaman\u0131 \u201c\u015eu\u015fa q\u0259hr\u0259manlar\u0131n\u0131n \u0259ziz xatir\u0259sin\u0259 h\u0259sr olunur\u201d s\u00f6zl\u0259rinin, \u015eu\u015fa qalas\u0131n\u0131n v\u0259 xar\u0131b\u00fclb\u00fcl\u00a0r\u0259mzinin t\u0259svirinin \u0259ks olundu\u011fu poster n\u00fcmayi\u015f etdirilib. Qeyd ed\u0259k ki, Fransa Respublikas\u0131nda r\u0259smi qeydiyyatdan ke\u00e7\u0259n \u201cAz\u0259rbaycan \u0130cmas\u0131&hellip;<\/p>\n","protected":false},"author":2,"featured_media":479634,"comment_status":"closed","ping_status":"closed","sticky":false,"template":"","format":"standard","meta":{"om_disable_all_campaigns":false,"_monsterinsights_skip_tracking":false,"_monsterinsights_sitenote_active":false,"_monsterinsights_sitenote_note":"","_monsterinsights_sitenote_category":0},"categories":[1],"tags":[],"aioseo_notices":[],"gutentor_comment":0,"rttpg_featured_image_url":{"full":["https:\/\/arantv.az\/wp-content\/uploads\/2022\/05\/FotoJet-4-8.jpg",620,413,false],"landscape":["https:\/\/arantv.az\/wp-content\/uploads\/2022\/05\/FotoJet-4-8.jpg",620,413,false],"portraits":["https:\/\/arantv.az\/wp-content\/uploads\/2022\/05\/FotoJet-4-8.jpg",620,413,false],"thumbnail":["https:\/\/arantv.az\/wp-content\/uploads\/2022\/05\/FotoJet-4-8-500x280.jpg",500,280,true],"medium":["https:\/\/arantv.az\/wp-content\/uploads\/2022\/05\/FotoJet-4-8-548x365.jpg",548,365,true],"large":["https:\/\/arantv.az\/wp-content\/uploads\/2022\/05\/FotoJet-4-8.jpg",620,413,false],"1536x1536":["https:\/\/arantv.az\/wp-content\/uploads\/2022\/05\/FotoJet-4-8.jpg",620,413,false],"2048x2048":["https:\/\/arantv.az\/wp-content\/uploads\/2022\/05\/FotoJet-4-8.jpg",620,413,false],"post-thumbnail":["https:\/\/arantv.az\/wp-content\/uploads\/2022\/05\/FotoJet-4-8-240x172.jpg",240,172,true],"advps-thumb-one":["https:\/\/arantv.az\/wp-content\/uploads\/2022\/05\/FotoJet-4-8.jpg",620,413,false]},"rttpg_author":{"display_name":"V\u00fcsal Rafiqo\u011flu","author_link":"https:\/\/arantv.az\/?author=2"},"rttpg_comment":0,"rttpg_category":"<a href=\"https:\/\/arantv.az\/?cat=1\" rel=\"category\">C\u0259miyy\u0259t<\/a>","rttpg_excerpt":"Fransan\u0131n Tuluza \u015f\u0259h\u0259rind\u0259 f\u0259aliyy\u0259t g\u00f6st\u0259r\u0259n \u201cAz\u0259rbaycan \u0130cmas\u0131 Birliyi\u201dnin t\u0259\u015f\u0259bb\u00fcs\u00fc v\u0259 icma \u00fczvl\u0259rinin maliyy\u0259 v\u0259saiti il\u0259 \u201c\u015eu\u015fa \u0130li\u201d \u00e7\u0259r\u00e7iv\u0259sind\u0259 su v\u0259 \u0259rzaq \u00e7at\u0131\u015fmazl\u0131\u011f\u0131ndan \u0259ziyy\u0259t \u00e7\u0259k\u0259n Afrikan\u0131n Benin Respublikas\u0131n\u0131n Kotonu \u015f\u0259h\u0259rind\u0259 xeyriyy\u0259 aksiyas\u0131 t\u0259\u015fkil edilib. Diasporla \u0130\u015f \u00fczr\u0259 D\u00f6vl\u0259t Komit\u0259si il\u0259 koordinasiyal\u0131 \u015f\u0259kild\u0259 Benin Respublikas\u0131n\u0131n \u0259n iri \u015f\u0259h\u0259ri olan Kotonuda h\u0259yata ke\u00e7iril\u0259n aksiya zaman\u0131 su quyusunun a\u00e7\u0131l\u0131\u015f\u0131&hellip;","_links":{"self":[{"href":"https:\/\/arantv.az\/index.php?rest_route=\/wp\/v2\/posts\/479633"}],"collection":[{"href":"https:\/\/arantv.az\/index.php?rest_route=\/wp\/v2\/posts"}],"about":[{"href":"https:\/\/arantv.az\/index.php?rest_route=\/wp\/v2\/types\/post"}],"author":[{"embeddable":true,"href":"https:\/\/arantv.az\/index.php?rest_route=\/wp\/v2\/users\/2"}],"replies":[{"embeddable":true,"href":"https:\/\/arantv.az\/index.php?rest_route=%2Fwp%2Fv2%2Fcomments&post=479633"}],"version-history":[{"count":0,"href":"https:\/\/arantv.az\/index.php?rest_route=\/wp\/v2\/posts\/479633\/revisions"}],"wp:featuredmedia":[{"embeddable":true,"href":"https:\/\/arantv.az\/index.php?rest_route=\/wp\/v2\/media\/479634"}],"wp:attachment":[{"href":"https:\/\/arantv.az\/index.php?rest_route=%2Fwp%2Fv2%2Fmedia&parent=479633"}],"wp:term":[{"taxonomy":"category","embeddable":true,"href":"https:\/\/arantv.az\/index.php?rest_route=%2Fwp%2Fv2%2Fcategories&post=479633"},{"taxonomy":"post_tag","embeddable":true,"href":"https:\/\/arantv.az\/index.php?rest_route=%2Fwp%2Fv2%2Ftags&post=479633"}],"curies":[{"name":"wp","href":"https:\/\/api.w.org\/{rel}","templated":true}]}}