{"id":479636,"date":"2022-05-27T12:31:28","date_gmt":"2022-05-27T09:31:28","guid":{"rendered":"https:\/\/arantv.az\/?p=479636"},"modified":"2022-05-27T12:31:28","modified_gmt":"2022-05-27T09:31:28","slug":"%c9%99l%c9%99t-iqtisadi-zonasina-veril%c9%99n-guz%c9%99stl%c9%99r-artirilir","status":"publish","type":"post","link":"https:\/\/arantv.az\/?p=479636","title":{"rendered":"\u018fl\u0259t \u0130qtisadi Zonas\u0131na veril\u0259n g\u00fcz\u0259\u015ftl\u0259r art\u0131r\u0131l\u0131r"},"content":{"rendered":"<p>\u018fl\u0259t \u0130qtisadi Zonas\u0131na veril\u0259n g\u00fcz\u0259\u015ftl\u0259r art\u0131r\u0131l\u0131r.<\/p>\n<p>Bununla ba\u011fl\u0131 \u201c\u018fl\u0259t azad iqtisadi zonas\u0131 haqq\u0131nda\u201d qanuna d\u0259yi\u015fiklik layih\u0259si parlamentin bu g\u00fcn ke\u00e7iril\u0259n iclas\u0131nda I oxunu\u015fda m\u00fczakir\u0259y\u0259 \u00e7\u0131xar\u0131l\u0131b.<\/p>\n<div class=\"AdviadNativeVideo\"><\/div>\n<p>Layih\u0259 bar\u0259d\u0259 m\u0259lumat ver\u0259n parlamentin \u0130qtisadi siyas\u0259t, s\u0259naye v\u0259 sahibkarl\u0131q komit\u0259sinin s\u0259dri Tahir Mirki\u015fili deyib ki, Az\u0259rbaycan Prezidenti \u0130lham \u018fliyev t\u0259r\u0259find\u0259n Milli M\u0259clis\u0259 daxil olan qanun layih\u0259sind\u0259 \u018fl\u0259t \u0130qtisadi Azad Zonan\u0131n f\u0259aliyy\u0259tinin t\u0259nziml\u0259nm\u0259si il\u0259 \u0259laq\u0259dar yeni madd\u0259l\u0259r \u00f6z \u0259ksini tap\u0131b.<\/p>\n<p>Komit\u0259 s\u0259dri diqq\u0259t\u0259 \u00e7atd\u0131r\u0131b ki, t\u0259qdim olunan qanun layih\u0259si \u018fl\u0259t Azad \u0130qtisadi Zonas\u0131n\u0131n f\u0259aliyy\u0259tinin v\u0259 bu sah\u0259d\u0259 qanunvericiliyin beyn\u0259lxalq t\u0259cr\u00fcb\u0259y\u0259 uy\u011fun t\u0259kmill\u0259\u015fdirilm\u0259si m\u0259qs\u0259dil\u0259 haz\u0131rlan\u0131b v\u0259 Zonan\u0131n s\u0259lahiyy\u0259tli qurumunun s\u0259lahiyy\u0259tl\u0259rind\u0259, onun h\u00fcquq v\u0259 v\u0259zif\u0259l\u0259rind\u0259, Azad zonada vergi v\u0259 g\u00f6mr\u00fck t\u0259nziml\u0259m\u0259sind\u0259, investorlar\u0131n h\u00fcquqlar\u0131n\u0131n qorunmas\u0131nda v\u0259 m\u00fcbahis\u0259l\u0259rin h\u0259lli mexanizml\u0259rind\u0259 m\u00fcvafiq t\u0259kmill\u0259\u015fdirm\u0259l\u0259ri n\u0259z\u0259rd\u0259 tutur.<\/p>\n<p>D\u0259yi\u015fiklikl\u0259rd\u0259 Azad Zonada vergi t\u0259nziml\u0259nm\u0259sinin d\u0259qiqliyini t\u0259min etm\u0259k, g\u00fcz\u0259\u015ft v\u0259 azadolmalar\u0131n h\u0259dl\u0259rini v\u0259 s\u0259m\u0259r\u0259liliyini art\u0131rmaq \u00fc\u00e7\u00fcn \u201c\u0259sas iqtisadiyyat\u0131n vergi \u00f6d\u0259yicisi\u201d anlay\u0131\u015f\u0131n\u0131n daxil edilm\u0259si, d\u00f6rd\u00fcnc\u00fc madd\u0259nin ad\u0131n\u0131n \u201cAzad Zonada t\u0259tbiq edil\u0259n \u0259sas iqtisadiyyat qanunvericiliyi\u201d olaraq d\u0259yi\u015fdirilm\u0259si v\u0259 Azad zonada t\u0259tbiq edil\u0259c\u0259k \u0259sas iqtisadiyyat qanunvericiliyi s\u0131ras\u0131na Az\u0259rbaycan Respublikas\u0131n\u0131n cinay\u0259t yolu \u0259ld\u0259 edilmi\u015f pul v\u0259saitl\u0259rinin v\u0259 ya dig\u0259r \u0259mlak\u0131n leqalla\u015fd\u0131r\u0131lmas\u0131 v\u0259 terror\u00e7ulu\u011fun maliyy\u0259l\u0259\u015fdirilm\u0259sin\u0259 qar\u015f\u0131 m\u00fcbariz\u0259 qanunvericiliyinin \u0259lav\u0259 edilm\u0259si t\u0259klif olunur.<\/p>\n<p>Layih\u0259d\u0259, h\u0259m\u00e7inin Azad zona s\u0259lahiyy\u0259tli qurumunun f\u0259aliyy\u0259tinin s\u0259m\u0259r\u0259liyinin t\u0259min edilm\u0259si \u00fc\u00e7\u00fcn h\u00fcquqlar\u0131n\u0131n geni\u015fl\u0259ndirilm\u0259si, vergitutma m\u0259s\u0259l\u0259l\u0259rinin d\u0259qiql\u0259\u015fdirilm\u0259si, maliyy\u0259 xidm\u0259tl\u0259ri g\u00f6st\u0259rildikd\u0259 \u0259sas iqtisadiyyat\u0131n qanunvericiliyinin t\u0259tbiq edilm\u0259si, g\u00f6mr\u00fck m\u00fcnasib\u0259tl\u0259rind\u0259 yarana bil\u0259c\u0259k ziddiyy\u0259tl\u0259rin aradan qald\u0131r\u0131lmas\u0131 il\u0259 ba\u011fl\u0131 m\u0259s\u0259l\u0259l\u0259r \u00f6z \u0259ksini tap\u0131b.<\/p>\n<p>Bununla yana\u015f\u0131, s\u0259n\u0259dd\u0259 Azad zonaya investisiya qoymaq v\u0259 zonadak\u0131 f\u0259aliyy\u0259tl\u0259rind\u0259n \u0259ld\u0259 etdikl\u0259ri pul v\u0259saitl\u0259rini xaric\u0259 k\u00f6\u00e7\u00fcrm\u0259k h\u00fcququ, habel\u0259 xarici valyuta il\u0259 i\u015fl\u0259m\u0259k v\u0259 \u0259m\u0259liyyatlar aparmaq h\u00fcququ olan \u015f\u0259xsl\u0259rin dair\u0259si d\u0259qiql\u0259\u015fdirilir, m\u00fcbahis\u0259l\u0259rin h\u0259lli il\u0259 ba\u011fl\u0131 m\u00fcdd\u0259alarda b\u0259zi d\u00fcz\u0259li\u015fl\u0259r apar\u0131l\u0131b.<\/p>\n<p>Qanuna edil\u0259n d\u00fcz\u0259li\u015fl\u0259rin \u0259sas mahiyy\u0259ti Azad zona il\u0259 Az\u0259rbaycan\u0131n \u0259sas iqtisadiyyat\u0131n\u0131n vergi \u00f6d\u0259yicil\u0259ri aras\u0131nda m\u00fcnasib\u0259tl\u0259rin t\u0259nziml\u0259nm\u0259si, vergiqoyma v\u0259 vergitutmada h\u0259min m\u00fc\u0259ssis\u0259l\u0259rin dig\u0259r \u00f6lk\u0259l\u0259rd\u0259n olan m\u00fc\u0259ssis\u0259l\u0259rl\u0259 r\u0259qab\u0259td\u0259 uduzmamas\u0131, g\u00f6mr\u00fck m\u0259s\u0259l\u0259l\u0259rind\u0259 r\u0259smil\u0259\u015fdirm\u0259nin daha rahat olmas\u0131 v\u0259 Azad zonan\u0131n d\u00fcnyan\u0131n ist\u0259nil\u0259n bir \u00f6lk\u0259si il\u0259 rahat formada ticar\u0259t \u0259laq\u0259l\u0259rinin qurmas\u0131 il\u0259 ba\u011fl\u0131 m\u0259s\u0259l\u0259l\u0259rin h\u0259lli il\u0259 \u0259laq\u0259dard\u0131r.<\/p>\n<p>D\u0259yi\u015fiklik layih\u0259si s\u0259sverm\u0259y\u0259 \u00e7\u0131xar\u0131laraq I oxunu\u015fda q\u0259bul edilib.<\/p>\n","protected":false},"excerpt":{"rendered":"<p>\u018fl\u0259t \u0130qtisadi Zonas\u0131na veril\u0259n g\u00fcz\u0259\u015ftl\u0259r art\u0131r\u0131l\u0131r. Bununla ba\u011fl\u0131 \u201c\u018fl\u0259t azad iqtisadi zonas\u0131 haqq\u0131nda\u201d qanuna d\u0259yi\u015fiklik layih\u0259si parlamentin bu g\u00fcn ke\u00e7iril\u0259n iclas\u0131nda I oxunu\u015fda m\u00fczakir\u0259y\u0259 \u00e7\u0131xar\u0131l\u0131b. Layih\u0259 bar\u0259d\u0259 m\u0259lumat ver\u0259n parlamentin \u0130qtisadi siyas\u0259t, s\u0259naye v\u0259 sahibkarl\u0131q komit\u0259sinin s\u0259dri Tahir Mirki\u015fili deyib ki, Az\u0259rbaycan Prezidenti \u0130lham \u018fliyev t\u0259r\u0259find\u0259n Milli M\u0259clis\u0259 daxil olan qanun layih\u0259sind\u0259 \u018fl\u0259t \u0130qtisadi Azad Zonan\u0131n f\u0259aliyy\u0259tinin t\u0259nziml\u0259nm\u0259si il\u0259 \u0259laq\u0259dar yeni madd\u0259l\u0259r \u00f6z \u0259ksini tap\u0131b. Komit\u0259 s\u0259dri diqq\u0259t\u0259 \u00e7atd\u0131r\u0131b ki, t\u0259qdim olunan qanun layih\u0259si \u018fl\u0259t Azad \u0130qtisadi Zonas\u0131n\u0131n f\u0259aliyy\u0259tinin v\u0259 bu sah\u0259d\u0259 qanunvericiliyin beyn\u0259lxalq t\u0259cr\u00fcb\u0259y\u0259 uy\u011fun t\u0259kmill\u0259\u015fdirilm\u0259si m\u0259qs\u0259dil\u0259 haz\u0131rlan\u0131b v\u0259&hellip;<\/p>\n","protected":false},"author":2,"featured_media":479637,"comment_status":"closed","ping_status":"closed","sticky":false,"template":"","format":"standard","meta":{"om_disable_all_campaigns":false,"_monsterinsights_skip_tracking":false,"_monsterinsights_sitenote_active":false,"_monsterinsights_sitenote_note":"","_monsterinsights_sitenote_category":0},"categories":[19],"tags":[],"aioseo_notices":[],"gutentor_comment":0,"rttpg_featured_image_url":{"full":["https:\/\/arantv.az\/wp-content\/uploads\/2022\/05\/FotoJet-7-6.jpg",620,413,false],"landscape":["https:\/\/arantv.az\/wp-content\/uploads\/2022\/05\/FotoJet-7-6.jpg",620,413,false],"portraits":["https:\/\/arantv.az\/wp-content\/uploads\/2022\/05\/FotoJet-7-6.jpg",620,413,false],"thumbnail":["https:\/\/arantv.az\/wp-content\/uploads\/2022\/05\/FotoJet-7-6-500x280.jpg",500,280,true],"medium":["https:\/\/arantv.az\/wp-content\/uploads\/2022\/05\/FotoJet-7-6-548x365.jpg",548,365,true],"large":["https:\/\/arantv.az\/wp-content\/uploads\/2022\/05\/FotoJet-7-6.jpg",620,413,false],"1536x1536":["https:\/\/arantv.az\/wp-content\/uploads\/2022\/05\/FotoJet-7-6.jpg",620,413,false],"2048x2048":["https:\/\/arantv.az\/wp-content\/uploads\/2022\/05\/FotoJet-7-6.jpg",620,413,false],"post-thumbnail":["https:\/\/arantv.az\/wp-content\/uploads\/2022\/05\/FotoJet-7-6-240x172.jpg",240,172,true],"advps-thumb-one":["https:\/\/arantv.az\/wp-content\/uploads\/2022\/05\/FotoJet-7-6.jpg",620,413,false]},"rttpg_author":{"display_name":"V\u00fcsal Rafiqo\u011flu","author_link":"https:\/\/arantv.az\/?author=2"},"rttpg_comment":0,"rttpg_category":"<a href=\"https:\/\/arantv.az\/?cat=19\" rel=\"category\">G\u00fcnd\u0259m<\/a>","rttpg_excerpt":"\u018fl\u0259t \u0130qtisadi Zonas\u0131na veril\u0259n g\u00fcz\u0259\u015ftl\u0259r art\u0131r\u0131l\u0131r. Bununla ba\u011fl\u0131 \u201c\u018fl\u0259t azad iqtisadi zonas\u0131 haqq\u0131nda\u201d qanuna d\u0259yi\u015fiklik layih\u0259si parlamentin bu g\u00fcn ke\u00e7iril\u0259n iclas\u0131nda I oxunu\u015fda m\u00fczakir\u0259y\u0259 \u00e7\u0131xar\u0131l\u0131b. Layih\u0259 bar\u0259d\u0259 m\u0259lumat ver\u0259n parlamentin \u0130qtisadi siyas\u0259t, s\u0259naye v\u0259 sahibkarl\u0131q komit\u0259sinin s\u0259dri Tahir Mirki\u015fili deyib ki, Az\u0259rbaycan Prezidenti \u0130lham \u018fliyev t\u0259r\u0259find\u0259n Milli M\u0259clis\u0259 daxil olan qanun layih\u0259sind\u0259 \u018fl\u0259t \u0130qtisadi Azad&hellip;","_links":{"self":[{"href":"https:\/\/arantv.az\/index.php?rest_route=\/wp\/v2\/posts\/479636"}],"collection":[{"href":"https:\/\/arantv.az\/index.php?rest_route=\/wp\/v2\/posts"}],"about":[{"href":"https:\/\/arantv.az\/index.php?rest_route=\/wp\/v2\/types\/post"}],"author":[{"embeddable":true,"href":"https:\/\/arantv.az\/index.php?rest_route=\/wp\/v2\/users\/2"}],"replies":[{"embeddable":true,"href":"https:\/\/arantv.az\/index.php?rest_route=%2Fwp%2Fv2%2Fcomments&post=479636"}],"version-history":[{"count":0,"href":"https:\/\/arantv.az\/index.php?rest_route=\/wp\/v2\/posts\/479636\/revisions"}],"wp:featuredmedia":[{"embeddable":true,"href":"https:\/\/arantv.az\/index.php?rest_route=\/wp\/v2\/media\/479637"}],"wp:attachment":[{"href":"https:\/\/arantv.az\/index.php?rest_route=%2Fwp%2Fv2%2Fmedia&parent=479636"}],"wp:term":[{"taxonomy":"category","embeddable":true,"href":"https:\/\/arantv.az\/index.php?rest_route=%2Fwp%2Fv2%2Fcategories&post=479636"},{"taxonomy":"post_tag","embeddable":true,"href":"https:\/\/arantv.az\/index.php?rest_route=%2Fwp%2Fv2%2Ftags&post=479636"}],"curies":[{"name":"wp","href":"https:\/\/api.w.org\/{rel}","templated":true}]}}