{"id":479653,"date":"2022-05-27T13:02:00","date_gmt":"2022-05-27T10:02:00","guid":{"rendered":"https:\/\/arantv.az\/?p=479653"},"modified":"2022-05-27T13:02:00","modified_gmt":"2022-05-27T10:02:00","slug":"asan-xidm%c9%99t-v%c9%99t%c9%99ndaslara-muraci%c9%99t-edib","status":"publish","type":"post","link":"https:\/\/arantv.az\/?p=479653","title":{"rendered":"\u201cASAN xidm\u0259t\u201d v\u0259t\u0259nda\u015flara m\u00fcraci\u0259t edib"},"content":{"rendered":"<p>\u201cASAN xidm\u0259t\u201d v\u0259t\u0259nda\u015flara m\u00fcraci\u0259t edib.<\/p>\n<p>Xidm\u0259td\u0259n bildirilib ki, 28 May &#8211; M\u00fcst\u0259qillik G\u00fcn\u00fc il\u0259 \u0259laq\u0259dar \u201cASAN Xidm\u0259t\u201d v\u0259 \u201cASAN Kommunal\u201d m\u0259rk\u0259zl\u0259rind\u0259 qeyri-i\u015f g\u00fcn\u00fcd\u00fcr.<\/p>\n<p>May\u0131n 29-dan etibar\u0259n v\u0259t\u0259nda\u015flar m\u0259rk\u0259zl\u0259r\u0259 m\u00fcraci\u0259t etm\u0259kl\u0259 m\u00fcvafiq xidm\u0259tl\u0259rd\u0259n yararlana bil\u0259rl\u0259r.<\/p>\n<p>Xat\u0131rladaq ki, \u201cASAN Kommunal\u201d m\u0259rk\u0259zl\u0259rind\u0259 bazar g\u00fcn\u00fc qeyri-i\u015f g\u00fcn\u00fcd\u00fcr.<\/p>\n","protected":false},"excerpt":{"rendered":"<p>\u201cASAN xidm\u0259t\u201d v\u0259t\u0259nda\u015flara m\u00fcraci\u0259t edib. Xidm\u0259td\u0259n bildirilib ki, 28 May &#8211; M\u00fcst\u0259qillik G\u00fcn\u00fc il\u0259 \u0259laq\u0259dar \u201cASAN Xidm\u0259t\u201d v\u0259 \u201cASAN Kommunal\u201d m\u0259rk\u0259zl\u0259rind\u0259 qeyri-i\u015f g\u00fcn\u00fcd\u00fcr. May\u0131n 29-dan etibar\u0259n v\u0259t\u0259nda\u015flar m\u0259rk\u0259zl\u0259r\u0259 m\u00fcraci\u0259t etm\u0259kl\u0259 m\u00fcvafiq xidm\u0259tl\u0259rd\u0259n yararlana bil\u0259rl\u0259r. Xat\u0131rladaq ki, \u201cASAN Kommunal\u201d m\u0259rk\u0259zl\u0259rind\u0259 bazar g\u00fcn\u00fc qeyri-i\u015f g\u00fcn\u00fcd\u00fcr.<\/p>\n","protected":false},"author":2,"featured_media":479654,"comment_status":"closed","ping_status":"closed","sticky":false,"template":"","format":"standard","meta":{"om_disable_all_campaigns":false,"_monsterinsights_skip_tracking":false,"_monsterinsights_sitenote_active":false,"_monsterinsights_sitenote_note":"","_monsterinsights_sitenote_category":0},"categories":[1],"tags":[],"aioseo_notices":[],"gutentor_comment":0,"rttpg_featured_image_url":{"full":["https:\/\/arantv.az\/wp-content\/uploads\/2022\/05\/FotoJet-8-7.jpg",620,413,false],"landscape":["https:\/\/arantv.az\/wp-content\/uploads\/2022\/05\/FotoJet-8-7.jpg",620,413,false],"portraits":["https:\/\/arantv.az\/wp-content\/uploads\/2022\/05\/FotoJet-8-7.jpg",620,413,false],"thumbnail":["https:\/\/arantv.az\/wp-content\/uploads\/2022\/05\/FotoJet-8-7-500x280.jpg",500,280,true],"medium":["https:\/\/arantv.az\/wp-content\/uploads\/2022\/05\/FotoJet-8-7-548x365.jpg",548,365,true],"large":["https:\/\/arantv.az\/wp-content\/uploads\/2022\/05\/FotoJet-8-7.jpg",620,413,false],"1536x1536":["https:\/\/arantv.az\/wp-content\/uploads\/2022\/05\/FotoJet-8-7.jpg",620,413,false],"2048x2048":["https:\/\/arantv.az\/wp-content\/uploads\/2022\/05\/FotoJet-8-7.jpg",620,413,false],"post-thumbnail":["https:\/\/arantv.az\/wp-content\/uploads\/2022\/05\/FotoJet-8-7-240x172.jpg",240,172,true],"advps-thumb-one":["https:\/\/arantv.az\/wp-content\/uploads\/2022\/05\/FotoJet-8-7.jpg",620,413,false]},"rttpg_author":{"display_name":"V\u00fcsal Rafiqo\u011flu","author_link":"https:\/\/arantv.az\/?author=2"},"rttpg_comment":0,"rttpg_category":"<a href=\"https:\/\/arantv.az\/?cat=1\" rel=\"category\">C\u0259miyy\u0259t<\/a>","rttpg_excerpt":"\u201cASAN xidm\u0259t\u201d v\u0259t\u0259nda\u015flara m\u00fcraci\u0259t edib. Xidm\u0259td\u0259n bildirilib ki, 28 May &#8211; M\u00fcst\u0259qillik G\u00fcn\u00fc il\u0259 \u0259laq\u0259dar \u201cASAN Xidm\u0259t\u201d v\u0259 \u201cASAN Kommunal\u201d m\u0259rk\u0259zl\u0259rind\u0259 qeyri-i\u015f g\u00fcn\u00fcd\u00fcr. May\u0131n 29-dan etibar\u0259n v\u0259t\u0259nda\u015flar m\u0259rk\u0259zl\u0259r\u0259 m\u00fcraci\u0259t etm\u0259kl\u0259 m\u00fcvafiq xidm\u0259tl\u0259rd\u0259n yararlana bil\u0259rl\u0259r. Xat\u0131rladaq ki, \u201cASAN Kommunal\u201d m\u0259rk\u0259zl\u0259rind\u0259 bazar g\u00fcn\u00fc qeyri-i\u015f g\u00fcn\u00fcd\u00fcr.","_links":{"self":[{"href":"https:\/\/arantv.az\/index.php?rest_route=\/wp\/v2\/posts\/479653"}],"collection":[{"href":"https:\/\/arantv.az\/index.php?rest_route=\/wp\/v2\/posts"}],"about":[{"href":"https:\/\/arantv.az\/index.php?rest_route=\/wp\/v2\/types\/post"}],"author":[{"embeddable":true,"href":"https:\/\/arantv.az\/index.php?rest_route=\/wp\/v2\/users\/2"}],"replies":[{"embeddable":true,"href":"https:\/\/arantv.az\/index.php?rest_route=%2Fwp%2Fv2%2Fcomments&post=479653"}],"version-history":[{"count":0,"href":"https:\/\/arantv.az\/index.php?rest_route=\/wp\/v2\/posts\/479653\/revisions"}],"wp:featuredmedia":[{"embeddable":true,"href":"https:\/\/arantv.az\/index.php?rest_route=\/wp\/v2\/media\/479654"}],"wp:attachment":[{"href":"https:\/\/arantv.az\/index.php?rest_route=%2Fwp%2Fv2%2Fmedia&parent=479653"}],"wp:term":[{"taxonomy":"category","embeddable":true,"href":"https:\/\/arantv.az\/index.php?rest_route=%2Fwp%2Fv2%2Fcategories&post=479653"},{"taxonomy":"post_tag","embeddable":true,"href":"https:\/\/arantv.az\/index.php?rest_route=%2Fwp%2Fv2%2Ftags&post=479653"}],"curies":[{"name":"wp","href":"https:\/\/api.w.org\/{rel}","templated":true}]}}