{"id":479657,"date":"2022-05-27T13:02:54","date_gmt":"2022-05-27T10:02:54","guid":{"rendered":"https:\/\/arantv.az\/?p=479657"},"modified":"2022-05-27T13:02:54","modified_gmt":"2022-05-27T10:02:54","slug":"az%c9%99rbaycanli-f%c9%99al-at%c9%99s-altinda-yasayan-ukraynalilara-yardim-catdirilmasina-baslayib-foto","status":"publish","type":"post","link":"https:\/\/arantv.az\/?p=479657","title":{"rendered":"Az\u0259rbaycanl\u0131 f\u0259al at\u0259\u015f alt\u0131nda ya\u015fayan ukraynal\u0131lara yard\u0131m \u00e7atd\u0131r\u0131lmas\u0131na ba\u015flay\u0131b &#8211; FOTO"},"content":{"rendered":"<p>Ukraynada ya\u015fayan az\u0259rbaycanl\u0131 k\u00f6n\u00fcll\u00fc \u015eamxal Quliyev yeni humanitar aksiyaya start verib.<\/p>\n<p>\u201cReport\u201dun \u015e\u0259rqi Avropa b\u00fcrosunun m\u0259lumat\u0131na g\u00f6r\u0259, o\u00a0bu d\u0259f\u0259 \u00f6lk\u0259nin \u015fimal-\u015f\u0259rq v\u0259 \u015f\u0259rqind\u0259, Belarus v\u0259 Rusiya il\u0259 s\u0259rh\u0259d zola\u011f\u0131nda yerl\u0259\u015f\u0259n, daim at\u0259\u015f alt\u0131nda olan v\u0259 bir \u00e7ox humanitar fondlar\u0131n daxil olmaqda \u00e7\u0259tinlik \u00e7\u0259kdiyi k\u0259ndl\u0259r\u0259 humanitar yard\u0131m \u00e7atd\u0131rma\u011fa ba\u015flay\u0131b.<\/p>\n<p>\u018fsas\u0259n qida, u\u015faqlar \u00fc\u00e7\u00fcn\u00a0m\u0259hsullar v\u0259 d\u0259rman avadanl\u0131qlar\u0131\u00a0olan yard\u0131m y\u00fckl\u0259rini h\u0259myerlimiz \u00c7erniqov vilay\u0259tind\u0259n \u00e7atd\u0131r\u0131r. Vilay\u0259tin Rusiya v\u0259 Belarus il\u0259 s\u0259rh\u0259dind\u0259 yerl\u0259\u015f\u0259n v\u0259 daim\u00a0at\u0131\u015fma alt\u0131nda olan k\u0259ndl\u0259r\u0259 yard\u0131m \u00e7atd\u0131ran \u015e.Quliyev Donetsk vilay\u0259ti v\u0259 Xarkov vilay\u0259ti \u00fczr\u0259 t\u0259mas x\u0259ttind\u0259 ya\u015fayan sakinl\u0259r \u00fc\u00e7\u00fcn aksiyan\u0131\u00a0davam etdirir.<\/p>\n<p>&nbsp;<\/p>\n<div class=\"gallery\">\n<div class=\"gallery-i\"><img src=\"https:\/\/cdn.oxu.az\/uploads\/W1siZiIsIjIwMjIvMDUvMjcvMTIvNTIvNTEvNGI2MjAyNzgtOTdmYS00YTU3LThhM2ItYzk0ZGE2YTg2YjgxL2Y2LmpwZyJdLFsicCIsImVuY29kZSIsImpwZyIsIi1xdWFsaXR5IDgwIl0sWyJwIiwidGh1bWIiLCI1OTB4NTkwXHUwMDNlIl1d?sha=a406a325f8610cb3\" alt=\"\" \/><\/p>\n<div class=\"gallery-i-caption\"><\/div>\n<\/div>\n<div class=\"gallery-i\"><img src=\"https:\/\/cdn.oxu.az\/uploads\/W1siZiIsIjIwMjIvMDUvMjcvMTIvNTIvNTEvNDI4Y2YzZGMtMzVkNy00M2JmLWJhMjYtNzE4MzEyYmZjMjFmL2Y1LmpwZyJdLFsicCIsImVuY29kZSIsImpwZyIsIi1xdWFsaXR5IDgwIl0sWyJwIiwidGh1bWIiLCI1OTB4NTkwXHUwMDNlIl1d?sha=980af08bd95bfa33\" alt=\"\" \/><\/p>\n<div class=\"gallery-i-caption\"><\/div>\n<\/div>\n<div class=\"gallery-i\"><img src=\"https:\/\/cdn.oxu.az\/uploads\/W1siZiIsIjIwMjIvMDUvMjcvMTIvNTIvNTEvODI5YmFjMTItZjFkOC00NWE5LWE3MmItOTlmMGRhNjY1NTVmL2Y0LmpwZyJdLFsicCIsImVuY29kZSIsImpwZyIsIi1xdWFsaXR5IDgwIl0sWyJwIiwidGh1bWIiLCI1OTB4NTkwXHUwMDNlIl1d?sha=d9a4047ffb413e1b\" alt=\"\" \/><\/p>\n<div class=\"gallery-i-caption\"><\/div>\n<\/div>\n<div class=\"gallery-i\"><img src=\"https:\/\/cdn.oxu.az\/uploads\/W1siZiIsIjIwMjIvMDUvMjcvMTIvNTIvNTIvMzQ3N2VkMWEtNzUwZS00ZmYwLTgwODItYjZhN2U3OWJjZjU3L2YzLmpwZyJdLFsicCIsImVuY29kZSIsImpwZyIsIi1xdWFsaXR5IDgwIl0sWyJwIiwidGh1bWIiLCI1OTB4NTkwXHUwMDNlIl1d?sha=c97af85c497b01c6\" alt=\"\" \/><\/p>\n<div class=\"gallery-i-caption\"><\/div>\n<\/div>\n<div class=\"gallery-i\"><img src=\"https:\/\/cdn.oxu.az\/uploads\/W1siZiIsIjIwMjIvMDUvMjcvMTIvNTIvNTIvNWViZmZjY2UtZWU1MC00Y2Y2LWFiODItNTc4ZTg5NWY0MWE4L2YyLmpwZyJdLFsicCIsImVuY29kZSIsImpwZyIsIi1xdWFsaXR5IDgwIl0sWyJwIiwidGh1bWIiLCI1OTB4NTkwXHUwMDNlIl1d?sha=b9dbc175aaab3a84\" alt=\"\" \/><\/p>\n<div class=\"gallery-i-caption\"><\/div>\n<\/div>\n<div class=\"gallery-i\"><img src=\"https:\/\/cdn.oxu.az\/uploads\/W1siZiIsIjIwMjIvMDUvMjcvMTIvNTIvNTIvMjRhNjYwMzEtMDk3OS00MGFhLWI4NWEtYzUxYTAzNmU3YmFjL2YxLmpwZyJdLFsicCIsImVuY29kZSIsImpwZyIsIi1xdWFsaXR5IDgwIl0sWyJwIiwidGh1bWIiLCI1OTB4NTkwXHUwMDNlIl1d?sha=8c06849f8539f207\" alt=\"\" \/><\/p>\n<div class=\"gallery-i-caption\"><\/div>\n<\/div>\n<div class=\"gallery-i\"><img src=\"https:\/\/cdn.oxu.az\/uploads\/W1siZiIsIjIwMjIvMDUvMjcvMTIvNTIvNTIvYjFiNjBlN2MtYTE1NC00MWM3LTk1ZTctY2ExOTYxMTUzM2U1L2YxMi5qcGciXSxbInAiLCJlbmNvZGUiLCJqcGciLCItcXVhbGl0eSA4MCJdLFsicCIsInRodW1iIiwiNTkweDU5MFx1MDAzZSJdXQ?sha=eb256bc95f8129db\" alt=\"\" \/><\/div>\n<\/div>\n","protected":false},"excerpt":{"rendered":"<p>Ukraynada ya\u015fayan az\u0259rbaycanl\u0131 k\u00f6n\u00fcll\u00fc \u015eamxal Quliyev yeni humanitar aksiyaya start verib. \u201cReport\u201dun \u015e\u0259rqi Avropa b\u00fcrosunun m\u0259lumat\u0131na g\u00f6r\u0259, o\u00a0bu d\u0259f\u0259 \u00f6lk\u0259nin \u015fimal-\u015f\u0259rq v\u0259 \u015f\u0259rqind\u0259, Belarus v\u0259 Rusiya il\u0259 s\u0259rh\u0259d zola\u011f\u0131nda yerl\u0259\u015f\u0259n, daim at\u0259\u015f alt\u0131nda olan v\u0259 bir \u00e7ox humanitar fondlar\u0131n daxil olmaqda \u00e7\u0259tinlik \u00e7\u0259kdiyi k\u0259ndl\u0259r\u0259 humanitar yard\u0131m \u00e7atd\u0131rma\u011fa ba\u015flay\u0131b. \u018fsas\u0259n qida, u\u015faqlar \u00fc\u00e7\u00fcn\u00a0m\u0259hsullar v\u0259 d\u0259rman avadanl\u0131qlar\u0131\u00a0olan yard\u0131m y\u00fckl\u0259rini h\u0259myerlimiz \u00c7erniqov vilay\u0259tind\u0259n \u00e7atd\u0131r\u0131r. Vilay\u0259tin Rusiya v\u0259 Belarus il\u0259 s\u0259rh\u0259dind\u0259 yerl\u0259\u015f\u0259n v\u0259 daim\u00a0at\u0131\u015fma alt\u0131nda olan k\u0259ndl\u0259r\u0259 yard\u0131m \u00e7atd\u0131ran \u015e.Quliyev Donetsk vilay\u0259ti v\u0259 Xarkov vilay\u0259ti \u00fczr\u0259 t\u0259mas x\u0259ttind\u0259 ya\u015fayan sakinl\u0259r \u00fc\u00e7\u00fcn aksiyan\u0131\u00a0davam etdirir. &nbsp;<\/p>\n","protected":false},"author":2,"featured_media":479658,"comment_status":"closed","ping_status":"closed","sticky":false,"template":"","format":"standard","meta":{"om_disable_all_campaigns":false,"_monsterinsights_skip_tracking":false,"_monsterinsights_sitenote_active":false,"_monsterinsights_sitenote_note":"","_monsterinsights_sitenote_category":0},"categories":[1],"tags":[],"aioseo_notices":[],"gutentor_comment":0,"rttpg_featured_image_url":{"full":["https:\/\/arantv.az\/wp-content\/uploads\/2022\/05\/fff.jpg",620,413,false],"landscape":["https:\/\/arantv.az\/wp-content\/uploads\/2022\/05\/fff.jpg",620,413,false],"portraits":["https:\/\/arantv.az\/wp-content\/uploads\/2022\/05\/fff.jpg",620,413,false],"thumbnail":["https:\/\/arantv.az\/wp-content\/uploads\/2022\/05\/fff-500x280.jpg",500,280,true],"medium":["https:\/\/arantv.az\/wp-content\/uploads\/2022\/05\/fff-548x365.jpg",548,365,true],"large":["https:\/\/arantv.az\/wp-content\/uploads\/2022\/05\/fff.jpg",620,413,false],"1536x1536":["https:\/\/arantv.az\/wp-content\/uploads\/2022\/05\/fff.jpg",620,413,false],"2048x2048":["https:\/\/arantv.az\/wp-content\/uploads\/2022\/05\/fff.jpg",620,413,false],"post-thumbnail":["https:\/\/arantv.az\/wp-content\/uploads\/2022\/05\/fff-240x172.jpg",240,172,true],"advps-thumb-one":["https:\/\/arantv.az\/wp-content\/uploads\/2022\/05\/fff.jpg",620,413,false]},"rttpg_author":{"display_name":"V\u00fcsal Rafiqo\u011flu","author_link":"https:\/\/arantv.az\/?author=2"},"rttpg_comment":0,"rttpg_category":"<a href=\"https:\/\/arantv.az\/?cat=1\" rel=\"category\">C\u0259miyy\u0259t<\/a>","rttpg_excerpt":"Ukraynada ya\u015fayan az\u0259rbaycanl\u0131 k\u00f6n\u00fcll\u00fc \u015eamxal Quliyev yeni humanitar aksiyaya start verib. \u201cReport\u201dun \u015e\u0259rqi Avropa b\u00fcrosunun m\u0259lumat\u0131na g\u00f6r\u0259, o\u00a0bu d\u0259f\u0259 \u00f6lk\u0259nin \u015fimal-\u015f\u0259rq v\u0259 \u015f\u0259rqind\u0259, Belarus v\u0259 Rusiya il\u0259 s\u0259rh\u0259d zola\u011f\u0131nda yerl\u0259\u015f\u0259n, daim at\u0259\u015f alt\u0131nda olan v\u0259 bir \u00e7ox humanitar fondlar\u0131n daxil olmaqda \u00e7\u0259tinlik \u00e7\u0259kdiyi k\u0259ndl\u0259r\u0259 humanitar yard\u0131m \u00e7atd\u0131rma\u011fa ba\u015flay\u0131b. \u018fsas\u0259n qida, u\u015faqlar \u00fc\u00e7\u00fcn\u00a0m\u0259hsullar v\u0259 d\u0259rman avadanl\u0131qlar\u0131\u00a0olan&hellip;","_links":{"self":[{"href":"https:\/\/arantv.az\/index.php?rest_route=\/wp\/v2\/posts\/479657"}],"collection":[{"href":"https:\/\/arantv.az\/index.php?rest_route=\/wp\/v2\/posts"}],"about":[{"href":"https:\/\/arantv.az\/index.php?rest_route=\/wp\/v2\/types\/post"}],"author":[{"embeddable":true,"href":"https:\/\/arantv.az\/index.php?rest_route=\/wp\/v2\/users\/2"}],"replies":[{"embeddable":true,"href":"https:\/\/arantv.az\/index.php?rest_route=%2Fwp%2Fv2%2Fcomments&post=479657"}],"version-history":[{"count":0,"href":"https:\/\/arantv.az\/index.php?rest_route=\/wp\/v2\/posts\/479657\/revisions"}],"wp:featuredmedia":[{"embeddable":true,"href":"https:\/\/arantv.az\/index.php?rest_route=\/wp\/v2\/media\/479658"}],"wp:attachment":[{"href":"https:\/\/arantv.az\/index.php?rest_route=%2Fwp%2Fv2%2Fmedia&parent=479657"}],"wp:term":[{"taxonomy":"category","embeddable":true,"href":"https:\/\/arantv.az\/index.php?rest_route=%2Fwp%2Fv2%2Fcategories&post=479657"},{"taxonomy":"post_tag","embeddable":true,"href":"https:\/\/arantv.az\/index.php?rest_route=%2Fwp%2Fv2%2Ftags&post=479657"}],"curies":[{"name":"wp","href":"https:\/\/api.w.org\/{rel}","templated":true}]}}