{"id":479666,"date":"2022-05-27T13:08:02","date_gmt":"2022-05-27T10:08:02","guid":{"rendered":"https:\/\/arantv.az\/?p=479666"},"modified":"2022-05-27T13:08:02","modified_gmt":"2022-05-27T10:08:02","slug":"azad-z%c9%99ngilanin-gerc%c9%99kl%c9%99s%c9%99n-arzulari","status":"publish","type":"post","link":"https:\/\/arantv.az\/?p=479666","title":{"rendered":"Azad Z\u0259ngilan\u0131n ger\u00e7\u0259kl\u0259\u015f\u0259n arzular\u0131"},"content":{"rendered":"<p>Sentyabr\u0131n 27-d\u0259 ba\u015flayan v\u0259 c\u0259mi 44 g\u00fcn davam ed\u0259n V\u0259t\u0259n M\u00fcharib\u0259si n\u0259tic\u0259sind\u0259 r\u0259\u015fad\u0259tli ordumuz d\u00fc\u015fm\u0259n i\u015f\u011fal\u0131 alt\u0131nda qalan Z\u0259ngilan rayonunu da azad etdi. \u00c7ox t\u0259\u0259ss\u00fcf ki, 27 illik i\u015f\u011fal m\u00fcdd\u0259tind\u0259 d\u00fc\u015fm\u0259n Z\u0259ngilan\u0131 da viran qoymu\u015f, rayon \u0259razisind\u0259 b\u00fct\u00fcn tikilil\u0259ri, tarixi abid\u0259l\u0259ri, m\u0259d\u0259ni irsi da\u011f\u0131tm\u0131\u015f, me\u015f\u0259l\u0259ri q\u0131r\u0131b talam\u0131\u015fd\u0131r.<\/p>\n<p>C\u0259nab Prezident Z\u0259ngilana x\u00fcsusi n\u00fcmay\u0259nd\u0259sini t\u0259yin ed\u0259rk\u0259n diqq\u0259t\u0259 \u00e7atd\u0131rd\u0131\u011f\u0131 kimi, h\u0259qiq\u0259t\u0259n d\u0259 Z\u0259ngilan rayonunun \u00e7ox g\u00f6z\u0259l, f\u00fcsunkar t\u0259bi\u0259ti var v\u0259 \u00f6lk\u0259mizin \u0259n g\u00f6z\u0259l rayonlar\u0131ndan biridir. \u00c7ox t\u0259\u0259ss\u00fcf ki, erm\u0259ni vandallar\u0131 Z\u0259ngilan rayonunu dem\u0259k olar ki, yerl\u0259-yeksan etmi\u015fl\u0259r.<br \/>\nM\u0259lumdur ki, 44 g\u00fcnl\u00fck tarixi Z\u0259f\u0259rd\u0259n d\u0259rhal sonra azad olunan \u0259razil\u0259rd\u0259 b\u0259rpa-t\u0259mir, abadl\u0131q v\u0259 quruculuq i\u015fl\u0259rin\u0259 start verilmi\u015fdir. Bu g\u00fcn b\u00fct\u00fcn Qaraba\u011f v\u0259 \u015e\u0259rqi Z\u0259ng\u0259zurda, o c\u00fcml\u0259d\u0259n Z\u0259ngilan rayonunda b\u00f6y\u00fck infrastruktur layih\u0259l\u0259ri icra edilir, rayon yenid\u0259n qurulur.<br \/>\nMay\u0131n 26-da c\u0259nab Prezidentin v\u0259 Mehriban xan\u0131m \u018fliyevan\u0131n Z\u0259ngilan rayonuna n\u00f6vb\u0259ti s\u0259f\u0259ri zaman\u0131 Z\u0259ngilan m\u0259scidind\u0259 apar\u0131lan tikinti i\u015fl\u0259rinin gedi\u015fat\u0131 il\u0259 tan\u0131\u015fl\u0131\u011f\u0131 g\u00f6st\u0259rdi ki, erm\u0259ni \u0259sar\u0259tind\u0259n qurtulmu\u015f v\u0259 bug\u00fcn t\u0259hqir olunan dini abid\u0259l\u0259rimizin, m\u0259scidl\u0259rimizin yenid\u0259n h\u0259yata qaytar\u0131lmas\u0131 i\u015fl\u0259ri s\u00fcr\u0259tl\u0259 davam etdirilir.<\/p>\n<p>H\u0259m\u00e7inin, Z\u0259ngilan Beyn\u0259lxalq Hava Liman\u0131nda apar\u0131lan tikinti i\u015fl\u0259ri onu dem\u0259y\u0259 \u0259sas verir ki, Z\u0259ngilan Beyn\u0259lxalq Hava Liman\u0131 Qaraba\u011f\u0131n m\u00fch\u00fcm n\u0259qliyyat qov\u015fa\u011f\u0131na \u00e7evrilm\u0259sini \u015f\u0259rtl\u0259ndir\u0259n \u0259sas amill\u0259rd\u0259ndir. Art\u0131q hava liman\u0131 il\u0259 ba\u011fl\u0131 perronda torpaq i\u015fl\u0259ri tamamlan\u0131b, u\u00e7u\u015f-enm\u0259 zola\u011f\u0131nda asfalt-beton i\u015fl\u0259ri davam edir. Zola\u011f\u0131n\u0131n uzunlu\u011fu 3000 metr, eni is\u0259 60 metr olacaq bu hava liman\u0131 b\u00fct\u00fcn n\u00f6v t\u0259yyar\u0259l\u0259ri, o c\u00fcml\u0259d\u0259n a\u011f\u0131r y\u00fck t\u0259yyar\u0259l\u0259rini q\u0259bul ed\u0259c\u0259kdir.<\/p>\n<p>Eyni zamanda da m\u0259lum s\u0259f\u0259r \u00e7\u0259r\u00e7iv\u0259sind\u0259 d\u00f6vl\u0259timizin ba\u015f\u00e7\u0131s\u0131 v\u0259 birinci xan\u0131m Z\u0259ngilan \u0130\u015f\u011fal v\u0259 Z\u0259f\u0259r muzeyl\u0259ri kompleksinin t\u0259m\u0259lqoyma m\u0259rasimind\u0259 i\u015ftirak etdil\u0259r ki, bu layih\u0259nin d\u0259 \u0259sas m\u0259qs\u0259di m\u00fcharib\u0259nin \u0259traf m\u00fchit\u0259 da\u011f\u0131d\u0131c\u0131 t\u0259sirl\u0259ri bar\u0259d\u0259 m\u0259lumatl\u0131l\u0131\u011f\u0131 art\u0131rmaqd\u0131r. Sevindirici hald\u0131r ki, bu layih\u0259 haz\u0131rlanark\u0259n dayan\u0131ql\u0131l\u0131\u011f\u0131n m\u00fcxt\u0259lif aspektl\u0259ri h\u0259m land\u015faft, h\u0259m d\u0259 bina dizayn\u0131 \u00fc\u00e7\u00fcn n\u0259z\u0259r\u0259 al\u0131n\u0131b v\u0259 BMT-nin Dayan\u0131ql\u0131 \u0130nki\u015faf M\u0259qs\u0259dl\u0259rin\u0259 nail olmaq h\u0259d\u0259fl\u0259nib. Z\u0259ngilan \u0130\u015f\u011fal v\u0259 Z\u0259f\u0259r muzeyl\u0259ri kompleksi da\u011f\u0131nt\u0131lar\u0131 \u0259ks etdir\u0259n Memorial Parkdan ibar\u0259t olacaqd\u0131r ki, muzeyin ekspozisiyas\u0131 m\u00fcxt\u0259lif audio v\u0259 vizual texnologiyalardan istifad\u0259 etm\u0259kl\u0259 t\u0259\u015fkil olunacaqd\u0131r. Muzey binas\u0131n\u0131n \u015f\u00fc\u015f\u0259d\u0259n haz\u0131rlanacaq fasad\u0131n\u0131n \u00fcz\u0259rind\u0259ki t\u0259svirl\u0259r v\u0259 nax\u0131\u015flar \u00e7inar yarpa\u011f\u0131na b\u0259nz\u0259y\u0259c\u0259k ki, bu da Z\u0259ngilan \u015f\u0259h\u0259rinin t\u0259bi\u0259tl\u0259 s\u0131x \u0259laq\u0259sini t\u0259r\u0259nn\u00fcm ed\u0259c\u0259kdir.<br \/>\nZ\u0259ngilan Z\u0259f\u0259r Muzeyi Az\u0259rbaycan xalq\u0131n\u0131n v\u0259 \u015fanl\u0131 Ordumuzun 44 g\u00fcnl\u00fck V\u0259t\u0259n m\u00fcharib\u0259si zaman\u0131 n\u00fcmayi\u015f etdirdiyi \u0259zmkarl\u0131q, r\u0259\u015fad\u0259t v\u0259 pe\u015f\u0259karl\u0131\u011f\u0131 \u0259b\u0259dil\u0259\u015fdir\u0259n kompleks, h\u0259m\u00e7inin qazan\u0131lm\u0131\u015f Q\u0259l\u0259b\u0259ni m\u00fcasir t\u0259qdimat metodlar\u0131 il\u0259 insanlara \u00e7atd\u0131ran m\u0259kan olacaqd\u0131r. Eyni zmanada bu muzeyin in\u015fas\u0131nda \u0259sas m\u0259qs\u0259dl\u0259rd\u0259n biri d\u0259 m\u0259hz g\u0259l\u0259c\u0259kd\u0259 burada \u201cZangilan Earth Film Festival\u201d\u0131n t\u0259\u015fkil olunmas\u0131 v\u0259 Z\u0259ngilanda t\u00f6r\u0259dilmi\u015f ekoloji terroru beyn\u0259lxalq ictimaiyy\u0259tin diqq\u0259tin\u0259 \u00e7atd\u0131rmaqd\u0131r.<br \/>\nAz\u0259rbaycan\u0131n \u0259razi b\u00fct\u00f6vl\u00fcy\u00fc u\u011frunda canlar\u0131ndan ke\u00e7mi\u015f \u015f\u0259hidl\u0259rimizin \u0259ziz xatir\u0259sini \u0259b\u0259dil\u0259\u015fdirm\u0259k m\u0259qs\u0259dil\u0259 Z\u0259f\u0259r Muzeyi binas\u0131n\u0131n yan\u0131nda q\u0259hr\u0259manlar\u0131m\u0131z\u0131n adlar\u0131n\u0131n qeyd olundu\u011fu beton hasar formas\u0131nda \u201cMemorial l\u00f6vh\u0259\u201d yarad\u0131lacaqd\u0131r ki, bu h\u0259r iki muzey Az\u0259rbaycan xalq\u0131n\u0131n iftixar v\u0259 q\u00fcrur m\u0259nb\u0259yin\u0259 \u00e7evril\u0259n \u015eanl\u0131 Ordumuzun 44 g\u00fcnl\u00fck V\u0259t\u0259n m\u00fcharib\u0259sind\u0259 qazand\u0131\u011f\u0131 m\u00f6ht\u0259\u015f\u0259m Q\u0259l\u0259b\u0259ni indiki v\u0259 g\u0259l\u0259c\u0259k n\u0259sill\u0259rin yadda\u015f\u0131na h\u0259kk ed\u0259n, beyn\u0259lxalq h\u00fcquqa uy\u011fun olaraq \u0259razi b\u00fct\u00f6vl\u00fcy\u00fcn\u00fc b\u0259rpa etm\u0259y\u0259 nail olan Az\u0259rbaycan\u0131n haqq s\u0259sini d\u00fcnyaya \u00e7atd\u0131ran t\u0259\u015fviqat v\u0259 informasiya m\u0259rk\u0259zi olacaqd\u0131r.<br \/>\nZ\u0259ngilan rayonunda h\u0259yata ke\u00e7iril\u0259n \u0259sas layih\u0259l\u0259rd\u0259n biri d\u0259 m\u0259hz Z\u0259ngilan \u015f\u0259h\u0259rinin Ba\u015f plan\u0131d\u0131r ki, art\u0131q bununla da ba\u011fl\u0131 b\u00f6y\u00fck t\u0259cr\u00fcb\u0259y\u0259 malik n\u00fcfuzlu beyn\u0259lxalq \u015f\u0259h\u0259rsalma qrupu &#8211; \u0130sve\u00e7r\u0259nin \u201csa_partners\u201d \u015firk\u0259ti t\u0259r\u0259find\u0259n yerli m\u00fct\u0259x\u0259ssisl\u0259rin i\u015ftirak\u0131 il\u0259 haz\u0131rlanm\u0131\u015f layih\u0259 q\u0131sa m\u00fcdd\u0259td\u0259 \u0259rzind\u0259 Z\u0259ngilan \u015f\u0259h\u0259rinin beyn\u0259lxalq \u0259h\u0259miyy\u0259tli Z\u0259ng\u0259zur n\u0259qliyyat d\u0259hlizi il\u0259 s\u0131x \u0259laq\u0259l\u0259ri olan strateji \u0259h\u0259miyy\u0259tli ya\u015fay\u0131\u015f m\u0259nt\u0259q\u0259si kimi logistika, turizm v\u0259 ticar\u0259t m\u0259rk\u0259zi, b\u0259rpaolunan enerji m\u0259kan\u0131na \u00e7evir\u0259c\u0259kdir.<br \/>\nBa\u015f plan\u0131n\u0131n konseptual \u0259sas\u0131n\u0131 \u201crahat ya\u015fay\u0131\u015f\u201d, \u201cya\u015f\u0131l v\u0259 t\u0259miz\u201d, \u201cm\u00fct\u0259r\u0259qqi innovasiyalar\u201d kimi \u015f\u0259h\u0259r yana\u015fmalar\u0131 t\u0259\u015fkil edir ki, bu da g\u0259l\u0259c\u0259yin \u015f\u0259h\u0259ri m\u0259nz\u0259r\u0259li land\u015faft\u0131, \u00e7ay\u0259traf\u0131 ictimai m\u0259kanlar\u0131, sa\u011flam \u0259traf m\u00fchiti say\u0259sind\u0259 sakinl\u0259ri v\u0259 qonaqlar\u0131 \u00fc\u00e7\u00fcn rahat h\u0259yat \u015f\u0259raiti il\u0259 se\u00e7il\u0259c\u0259kdir.<br \/>\n\u00dcmumilikd\u0259 bu layih\u0259d\u0259 n\u0259z\u0259rd\u0259 tutulmu\u015f \u201ca\u011f\u0131ll\u0131 \u015f\u0259h\u0259r\u201d yana\u015fmas\u0131n\u0131n t\u0259tbiqi, m\u00fcasir texnologiyalardan v\u0259 b\u0259rpaolunan enerji m\u0259nb\u0259l\u0259rind\u0259n geni\u015f istifad\u0259 edilm\u0259si i\u015f\u011faldan azad olunmu\u015f Z\u0259ngilan\u0131n ger\u00e7\u0259kl\u0259\u015f\u0259n arzular\u0131d\u0131r ki, bu da Z\u0259ngilan\u0131n ya\u015fay\u0131\u015f \u00fc\u00e7\u00fcn \u0259lveri\u015fliliyinin art\u0131r\u0131lmas\u0131, n\u0259qliyyat sisteminin ekoloji t\u0259miz, m\u00fcasir v\u0259 davaml\u0131 olmas\u0131 fonunda, h\u0259m d\u0259 iqtisadiyyat\u0131n inki\u015faf\u0131 bax\u0131m\u0131ndan Z\u0259ngilan\u0131 region s\u0259viyy\u0259sind\u0259 n\u00fcmun\u0259vi \u015f\u0259h\u0259r\u0259 \u00e7evir\u0259c\u0259kdir.<\/p>\n<p><img src=\"https:\/\/ikisahil.az\/upload\/\/2022\/05\/27\/\/-9acf7769165363879929399472510338994.jpg\" alt=\"\" \/><\/p>\n<p><strong>Natiq Quluzad\u0259<\/strong><br \/>\n<em>YAP Z\u0259ngilan rayon t\u0259\u015fkilat\u0131n\u0131n s\u0259dri<\/em><\/p>\n","protected":false},"excerpt":{"rendered":"<p>Sentyabr\u0131n 27-d\u0259 ba\u015flayan v\u0259 c\u0259mi 44 g\u00fcn davam ed\u0259n V\u0259t\u0259n M\u00fcharib\u0259si n\u0259tic\u0259sind\u0259 r\u0259\u015fad\u0259tli ordumuz d\u00fc\u015fm\u0259n i\u015f\u011fal\u0131 alt\u0131nda qalan Z\u0259ngilan rayonunu da azad etdi. \u00c7ox t\u0259\u0259ss\u00fcf ki, 27 illik i\u015f\u011fal m\u00fcdd\u0259tind\u0259 d\u00fc\u015fm\u0259n Z\u0259ngilan\u0131 da viran qoymu\u015f, rayon \u0259razisind\u0259 b\u00fct\u00fcn tikilil\u0259ri, tarixi abid\u0259l\u0259ri, m\u0259d\u0259ni irsi da\u011f\u0131tm\u0131\u015f, me\u015f\u0259l\u0259ri q\u0131r\u0131b talam\u0131\u015fd\u0131r. C\u0259nab Prezident Z\u0259ngilana x\u00fcsusi n\u00fcmay\u0259nd\u0259sini t\u0259yin ed\u0259rk\u0259n diqq\u0259t\u0259 \u00e7atd\u0131rd\u0131\u011f\u0131 kimi, h\u0259qiq\u0259t\u0259n d\u0259 Z\u0259ngilan rayonunun \u00e7ox g\u00f6z\u0259l, f\u00fcsunkar t\u0259bi\u0259ti var v\u0259 \u00f6lk\u0259mizin \u0259n g\u00f6z\u0259l rayonlar\u0131ndan biridir. \u00c7ox t\u0259\u0259ss\u00fcf ki, erm\u0259ni vandallar\u0131 Z\u0259ngilan rayonunu dem\u0259k olar ki, yerl\u0259-yeksan etmi\u015fl\u0259r. M\u0259lumdur ki, 44 g\u00fcnl\u00fck tarixi Z\u0259f\u0259rd\u0259n&hellip;<\/p>\n","protected":false},"author":2,"featured_media":479667,"comment_status":"closed","ping_status":"closed","sticky":false,"template":"","format":"standard","meta":{"om_disable_all_campaigns":false,"_monsterinsights_skip_tracking":false,"_monsterinsights_sitenote_active":false,"_monsterinsights_sitenote_note":"","_monsterinsights_sitenote_category":0},"categories":[8],"tags":[],"aioseo_notices":[],"gutentor_comment":0,"rttpg_featured_image_url":{"full":["https:\/\/arantv.az\/wp-content\/uploads\/2022\/05\/b4523228165363877813002877010642656.jpg",975,540,false],"landscape":["https:\/\/arantv.az\/wp-content\/uploads\/2022\/05\/b4523228165363877813002877010642656.jpg",975,540,false],"portraits":["https:\/\/arantv.az\/wp-content\/uploads\/2022\/05\/b4523228165363877813002877010642656.jpg",975,540,false],"thumbnail":["https:\/\/arantv.az\/wp-content\/uploads\/2022\/05\/b4523228165363877813002877010642656-500x280.jpg",500,280,true],"medium":["https:\/\/arantv.az\/wp-content\/uploads\/2022\/05\/b4523228165363877813002877010642656-660x365.jpg",660,365,true],"large":["https:\/\/arantv.az\/wp-content\/uploads\/2022\/05\/b4523228165363877813002877010642656-840x465.jpg",640,354,true],"1536x1536":["https:\/\/arantv.az\/wp-content\/uploads\/2022\/05\/b4523228165363877813002877010642656.jpg",975,540,false],"2048x2048":["https:\/\/arantv.az\/wp-content\/uploads\/2022\/05\/b4523228165363877813002877010642656.jpg",975,540,false],"post-thumbnail":["https:\/\/arantv.az\/wp-content\/uploads\/2022\/05\/b4523228165363877813002877010642656-240x172.jpg",240,172,true],"advps-thumb-one":["https:\/\/arantv.az\/wp-content\/uploads\/2022\/05\/b4523228165363877813002877010642656.jpg",975,540,false]},"rttpg_author":{"display_name":"V\u00fcsal Rafiqo\u011flu","author_link":"https:\/\/arantv.az\/?author=2"},"rttpg_comment":0,"rttpg_category":"<a href=\"https:\/\/arantv.az\/?cat=8\" rel=\"category\">\u018fsas s\u0259hif\u0259<\/a>","rttpg_excerpt":"Sentyabr\u0131n 27-d\u0259 ba\u015flayan v\u0259 c\u0259mi 44 g\u00fcn davam ed\u0259n V\u0259t\u0259n M\u00fcharib\u0259si n\u0259tic\u0259sind\u0259 r\u0259\u015fad\u0259tli ordumuz d\u00fc\u015fm\u0259n i\u015f\u011fal\u0131 alt\u0131nda qalan Z\u0259ngilan rayonunu da azad etdi. \u00c7ox t\u0259\u0259ss\u00fcf ki, 27 illik i\u015f\u011fal m\u00fcdd\u0259tind\u0259 d\u00fc\u015fm\u0259n Z\u0259ngilan\u0131 da viran qoymu\u015f, rayon \u0259razisind\u0259 b\u00fct\u00fcn tikilil\u0259ri, tarixi abid\u0259l\u0259ri, m\u0259d\u0259ni irsi da\u011f\u0131tm\u0131\u015f, me\u015f\u0259l\u0259ri q\u0131r\u0131b talam\u0131\u015fd\u0131r. C\u0259nab Prezident Z\u0259ngilana x\u00fcsusi n\u00fcmay\u0259nd\u0259sini t\u0259yin ed\u0259rk\u0259n diqq\u0259t\u0259&hellip;","_links":{"self":[{"href":"https:\/\/arantv.az\/index.php?rest_route=\/wp\/v2\/posts\/479666"}],"collection":[{"href":"https:\/\/arantv.az\/index.php?rest_route=\/wp\/v2\/posts"}],"about":[{"href":"https:\/\/arantv.az\/index.php?rest_route=\/wp\/v2\/types\/post"}],"author":[{"embeddable":true,"href":"https:\/\/arantv.az\/index.php?rest_route=\/wp\/v2\/users\/2"}],"replies":[{"embeddable":true,"href":"https:\/\/arantv.az\/index.php?rest_route=%2Fwp%2Fv2%2Fcomments&post=479666"}],"version-history":[{"count":0,"href":"https:\/\/arantv.az\/index.php?rest_route=\/wp\/v2\/posts\/479666\/revisions"}],"wp:featuredmedia":[{"embeddable":true,"href":"https:\/\/arantv.az\/index.php?rest_route=\/wp\/v2\/media\/479667"}],"wp:attachment":[{"href":"https:\/\/arantv.az\/index.php?rest_route=%2Fwp%2Fv2%2Fmedia&parent=479666"}],"wp:term":[{"taxonomy":"category","embeddable":true,"href":"https:\/\/arantv.az\/index.php?rest_route=%2Fwp%2Fv2%2Fcategories&post=479666"},{"taxonomy":"post_tag","embeddable":true,"href":"https:\/\/arantv.az\/index.php?rest_route=%2Fwp%2Fv2%2Ftags&post=479666"}],"curies":[{"name":"wp","href":"https:\/\/api.w.org\/{rel}","templated":true}]}}