{"id":479673,"date":"2022-05-27T13:28:05","date_gmt":"2022-05-27T10:28:05","guid":{"rendered":"https:\/\/arantv.az\/?p=479673"},"modified":"2022-05-27T13:28:05","modified_gmt":"2022-05-27T10:28:05","slug":"opera-v%c9%99-balet-teatrinin-binasinin-daminda-iki-yeni-gunb%c9%99z-qurasdirildi-foto","status":"publish","type":"post","link":"https:\/\/arantv.az\/?p=479673","title":{"rendered":"Opera v\u0259 Balet Teatr\u0131n\u0131n binas\u0131n\u0131n dam\u0131nda iki yeni g\u00fcnb\u0259z qura\u015fd\u0131r\u0131ld\u0131 &#8211; FOTO"},"content":{"rendered":"<p>Opera v\u0259 Balet Teatr\u0131n\u0131n\u00a0binas\u0131n\u0131n dam\u0131nda XIX \u0259srin sonlar\u0131na aid orijinal cizgil\u0259r \u00fczr\u0259 haz\u0131rlanm\u0131\u015f iki yeni g\u00fcnb\u0259z qura\u015fd\u0131r\u0131l\u0131b.<\/p>\n<div class=\"AdviadNativeVideo\"><\/div>\n<p>Bu bar\u0259d\u0259 memar El\u00e7in \u018fliyev m\u0259lumat payla\u015f\u0131b.<\/p>\n<p>O bildirib ki, g\u00fcnb\u0259zl\u0259r bir ne\u00e7\u0259 ild\u0259n sonra bak\u0131l\u0131lara tan\u0131\u015f olan t\u00fcnd-ya\u015f\u0131l r\u0259ng alacaq mis t\u0259b\u0259q\u0259l\u0259rl\u0259 \u00f6rt\u00fcl\u00fcb:<\/p>\n<p>\u201cTarixi binada b\u0259rpa i\u015fl\u0259ri davam edir: fasadlar b\u0259rpa olunur, dam \u00f6rt\u00fcy\u00fc tamamil\u0259 t\u0259mir olunub, taxta p\u0259nc\u0259r\u0259 v\u0259 qap\u0131lar d\u0259yi\u015fdirilir. Teatr m\u00f6vs\u00fcm\u00fc ba\u015fa \u00e7atd\u0131qdan sonra is\u0259 binan\u0131n interyerl\u0259rind\u0259 i\u015fl\u0259r\u0259 ba\u015flan\u0131lacaq. G\u0259l\u0259n il i\u015fl\u0259r tam yekunla\u015facaq\u201d.<\/p>\n<p>&nbsp;<\/p>\n<div class=\"gallery\">\n<div class=\"gallery-i\"><img src=\"https:\/\/cdn.oxu.az\/uploads\/W1siZiIsIjIwMjIvMDUvMjcvMTIvNTMvNDgvMzgxYWI5MTYtYjAxMy00ZTk2LWFhMTItMmIzMjYwMWJjMzFkLzI4NDM1ODg4Ml81NDMyMzE3NjgwMTIxMjAzXzQyNzUwNDA1MTM3NTUxNzc1NjZfbi5qcGciXSxbInAiLCJlbmNvZGUiLCJqcGciLCItcXVhbGl0eSA4MCJdLFsicCIsInRodW1iIiwiNTkweDU5MFx1MDAzZSJdXQ?sha=527aeaf4a3211d98\" alt=\"\" \/><\/p>\n<div class=\"gallery-i-caption\"><\/div>\n<\/div>\n<div class=\"gallery-i\"><img src=\"https:\/\/cdn.oxu.az\/uploads\/W1siZiIsIjIwMjIvMDUvMjcvMTIvNTMvNDgvM2Q5N2IxYmMtN2NlYi00OTk2LWI3ODEtMjE4MmNlMzU4ZDhkLzI4NDY0MzI2MF81NDMyMzE3NTYzNDU0NTQ4XzM4NzA1NDgxMTM3MDc2NTUyNTBfbi5qcGciXSxbInAiLCJlbmNvZGUiLCJqcGciLCItcXVhbGl0eSA4MCJdLFsicCIsInRodW1iIiwiNTkweDU5MFx1MDAzZSJdXQ?sha=bf088f5da5f64c02\" alt=\"\" \/><\/p>\n<div class=\"gallery-i-caption\"><\/div>\n<\/div>\n<div class=\"gallery-i\"><img src=\"https:\/\/cdn.oxu.az\/uploads\/W1siZiIsIjIwMjIvMDUvMjcvMTIvNTMvNDgvZGViZjJjODQtYTczZi00YzEwLThkZDUtYzg1ZGQwMzM2ZDJiLzI4NDYzNDE1OV81NDMyMzE3NTA2Nzg3ODg3XzM4NTkxNTYxNzU3MTM1NTg4NjNfbi5qcGciXSxbInAiLCJlbmNvZGUiLCJqcGciLCItcXVhbGl0eSA4MCJdLFsicCIsInRodW1iIiwiNTkweDU5MFx1MDAzZSJdXQ?sha=494fe590020c627b\" alt=\"\" \/><\/p>\n<div class=\"gallery-i-caption\"><\/div>\n<\/div>\n<div class=\"gallery-i\"><img src=\"https:\/\/cdn.oxu.az\/uploads\/W1siZiIsIjIwMjIvMDUvMjcvMTIvNTMvNDkvNTEzMzk4N2ItYWZhZi00ZjA3LWJkZWMtYzI3MzdkZDExNmQzLzI4NDQzNTE1MF81NDMyMzE3NTczNDU0NTQ3XzYzNjYzOTEzODA4NDI5MDUyMDdfbi5qcGciXSxbInAiLCJlbmNvZGUiLCJqcGciLCItcXVhbGl0eSA4MCJdLFsicCIsInRodW1iIiwiNTkweDU5MFx1MDAzZSJdXQ?sha=aecb28f2446c9a49\" alt=\"\" \/><\/div>\n<\/div>\n","protected":false},"excerpt":{"rendered":"<p>Opera v\u0259 Balet Teatr\u0131n\u0131n\u00a0binas\u0131n\u0131n dam\u0131nda XIX \u0259srin sonlar\u0131na aid orijinal cizgil\u0259r \u00fczr\u0259 haz\u0131rlanm\u0131\u015f iki yeni g\u00fcnb\u0259z qura\u015fd\u0131r\u0131l\u0131b. Bu bar\u0259d\u0259 memar El\u00e7in \u018fliyev m\u0259lumat payla\u015f\u0131b. O bildirib ki, g\u00fcnb\u0259zl\u0259r bir ne\u00e7\u0259 ild\u0259n sonra bak\u0131l\u0131lara tan\u0131\u015f olan t\u00fcnd-ya\u015f\u0131l r\u0259ng alacaq mis t\u0259b\u0259q\u0259l\u0259rl\u0259 \u00f6rt\u00fcl\u00fcb: \u201cTarixi binada b\u0259rpa i\u015fl\u0259ri davam edir: fasadlar b\u0259rpa olunur, dam \u00f6rt\u00fcy\u00fc tamamil\u0259 t\u0259mir olunub, taxta p\u0259nc\u0259r\u0259 v\u0259 qap\u0131lar d\u0259yi\u015fdirilir. Teatr m\u00f6vs\u00fcm\u00fc ba\u015fa \u00e7atd\u0131qdan sonra is\u0259 binan\u0131n interyerl\u0259rind\u0259 i\u015fl\u0259r\u0259 ba\u015flan\u0131lacaq. G\u0259l\u0259n il i\u015fl\u0259r tam yekunla\u015facaq\u201d. &nbsp;<\/p>\n","protected":false},"author":2,"featured_media":479674,"comment_status":"closed","ping_status":"closed","sticky":false,"template":"","format":"standard","meta":{"om_disable_all_campaigns":false,"_monsterinsights_skip_tracking":false,"_monsterinsights_sitenote_active":false,"_monsterinsights_sitenote_note":"","_monsterinsights_sitenote_category":0},"categories":[1],"tags":[],"aioseo_notices":[],"gutentor_comment":0,"rttpg_featured_image_url":{"full":["https:\/\/arantv.az\/wp-content\/uploads\/2022\/05\/FotoJet-79.jpg",620,413,false],"landscape":["https:\/\/arantv.az\/wp-content\/uploads\/2022\/05\/FotoJet-79.jpg",620,413,false],"portraits":["https:\/\/arantv.az\/wp-content\/uploads\/2022\/05\/FotoJet-79.jpg",620,413,false],"thumbnail":["https:\/\/arantv.az\/wp-content\/uploads\/2022\/05\/FotoJet-79-500x280.jpg",500,280,true],"medium":["https:\/\/arantv.az\/wp-content\/uploads\/2022\/05\/FotoJet-79-548x365.jpg",548,365,true],"large":["https:\/\/arantv.az\/wp-content\/uploads\/2022\/05\/FotoJet-79.jpg",620,413,false],"1536x1536":["https:\/\/arantv.az\/wp-content\/uploads\/2022\/05\/FotoJet-79.jpg",620,413,false],"2048x2048":["https:\/\/arantv.az\/wp-content\/uploads\/2022\/05\/FotoJet-79.jpg",620,413,false],"post-thumbnail":["https:\/\/arantv.az\/wp-content\/uploads\/2022\/05\/FotoJet-79-240x172.jpg",240,172,true],"advps-thumb-one":["https:\/\/arantv.az\/wp-content\/uploads\/2022\/05\/FotoJet-79.jpg",620,413,false]},"rttpg_author":{"display_name":"V\u00fcsal Rafiqo\u011flu","author_link":"https:\/\/arantv.az\/?author=2"},"rttpg_comment":0,"rttpg_category":"<a href=\"https:\/\/arantv.az\/?cat=1\" rel=\"category\">C\u0259miyy\u0259t<\/a>","rttpg_excerpt":"Opera v\u0259 Balet Teatr\u0131n\u0131n\u00a0binas\u0131n\u0131n dam\u0131nda XIX \u0259srin sonlar\u0131na aid orijinal cizgil\u0259r \u00fczr\u0259 haz\u0131rlanm\u0131\u015f iki yeni g\u00fcnb\u0259z qura\u015fd\u0131r\u0131l\u0131b. Bu bar\u0259d\u0259 memar El\u00e7in \u018fliyev m\u0259lumat payla\u015f\u0131b. O bildirib ki, g\u00fcnb\u0259zl\u0259r bir ne\u00e7\u0259 ild\u0259n sonra bak\u0131l\u0131lara tan\u0131\u015f olan t\u00fcnd-ya\u015f\u0131l r\u0259ng alacaq mis t\u0259b\u0259q\u0259l\u0259rl\u0259 \u00f6rt\u00fcl\u00fcb: \u201cTarixi binada b\u0259rpa i\u015fl\u0259ri davam edir: fasadlar b\u0259rpa olunur, dam \u00f6rt\u00fcy\u00fc tamamil\u0259 t\u0259mir olunub,&hellip;","_links":{"self":[{"href":"https:\/\/arantv.az\/index.php?rest_route=\/wp\/v2\/posts\/479673"}],"collection":[{"href":"https:\/\/arantv.az\/index.php?rest_route=\/wp\/v2\/posts"}],"about":[{"href":"https:\/\/arantv.az\/index.php?rest_route=\/wp\/v2\/types\/post"}],"author":[{"embeddable":true,"href":"https:\/\/arantv.az\/index.php?rest_route=\/wp\/v2\/users\/2"}],"replies":[{"embeddable":true,"href":"https:\/\/arantv.az\/index.php?rest_route=%2Fwp%2Fv2%2Fcomments&post=479673"}],"version-history":[{"count":0,"href":"https:\/\/arantv.az\/index.php?rest_route=\/wp\/v2\/posts\/479673\/revisions"}],"wp:featuredmedia":[{"embeddable":true,"href":"https:\/\/arantv.az\/index.php?rest_route=\/wp\/v2\/media\/479674"}],"wp:attachment":[{"href":"https:\/\/arantv.az\/index.php?rest_route=%2Fwp%2Fv2%2Fmedia&parent=479673"}],"wp:term":[{"taxonomy":"category","embeddable":true,"href":"https:\/\/arantv.az\/index.php?rest_route=%2Fwp%2Fv2%2Fcategories&post=479673"},{"taxonomy":"post_tag","embeddable":true,"href":"https:\/\/arantv.az\/index.php?rest_route=%2Fwp%2Fv2%2Ftags&post=479673"}],"curies":[{"name":"wp","href":"https:\/\/api.w.org\/{rel}","templated":true}]}}