{"id":479682,"date":"2022-05-27T13:38:29","date_gmt":"2022-05-27T10:38:29","guid":{"rendered":"https:\/\/arantv.az\/?p=479682"},"modified":"2022-05-27T13:38:29","modified_gmt":"2022-05-27T10:38:29","slug":"qurbanqulu-berdim%c9%99h%c9%99mm%c9%99dov-ilham-%c9%99liyevi-t%c9%99brik-etdi","status":"publish","type":"post","link":"https:\/\/arantv.az\/?p=479682","title":{"rendered":"Qurbanqulu Berdim\u0259h\u0259mm\u0259dov \u0130lham \u018fliyevi t\u0259brik etdi"},"content":{"rendered":"<p>T\u00fcrkm\u0259nistan Parlamenti Xalq M\u0259sl\u0259h\u0259tinin s\u0259dri Qurbanqulu Berdim\u0259h\u0259mm\u0259dov Az\u0259rbaycan Respublikas\u0131n\u0131n Prezidenti\u00a0<strong>\u0130lham \u018fliyev<\/strong>\u0259 t\u0259brik m\u0259ktubu \u00fcnvanlay\u0131b.<\/p>\n<div class=\"AdviadNativeVideo\"><\/div>\n<p><a href=\"https:\/\/president.az\/az\/articles\/view\/56214\" target=\"_blank\" rel=\"noopener\">Prezident.az<\/a>\u00a0x\u0259b\u0259r verir ki, m\u0259ktubda deyilir:<\/p>\n<p>\u201c\u00d6lk\u0259nizin milli bayram\u0131 &#8211; M\u00fcst\u0259qillik G\u00fcn\u00fc m\u00fcnasib\u0259til\u0259 Siz\u0259 v\u0259 qarda\u015f Az\u0259rbaycan\u0131n b\u00fct\u00fcn xalq\u0131na s\u0259mimi t\u0259brikl\u0259rimi v\u0259 \u0259n xo\u015f arzular\u0131m\u0131 bildirm\u0259yi \u00f6z\u00fcm\u0259 \u015f\u0259r\u0259f say\u0131ram.<\/p>\n<p>Biz Az\u0259rbaycan Respublikas\u0131n\u0131n bu ill\u0259r \u0259rzind\u0259 qazand\u0131\u011f\u0131 u\u011furlara g\u00f6r\u0259 sevinir v\u0259 ikit\u0259r\u0259fli m\u00fcnasib\u0259tl\u0259rimizi bundan sonra da d\u0259rinl\u0259\u015fdirm\u0259y\u0259 haz\u0131r oldu\u011fumuzu bildiririk. D\u00f6vl\u0259tl\u0259rimiz aras\u0131nda mehriban qon\u015fuluq m\u00fcnasib\u0259tl\u0259rinin ard\u0131c\u0131l olaraq yax\u015f\u0131la\u015fmas\u0131nda Sizin \u015f\u0259xsi xidm\u0259tl\u0259rinizi x\u00fcsusi qeyd etm\u0259k ist\u0259rdim.<\/p>\n<p>H\u00f6rm\u0259tli \u0130lham Heyd\u0259r o\u011flu, bu xo\u015f f\u00fcrs\u0259td\u0259n istifad\u0259 ed\u0259r\u0259k, Siz\u0259 s\u0259mimi-q\u0259lbd\u0259n m\u00f6hk\u0259m cansa\u011fl\u0131\u011f\u0131 v\u0259 xo\u015fb\u0259xtlik, qarda\u015f Az\u0259rbaycan xalq\u0131na s\u00fclh, \u0259min-amanl\u0131q v\u0259 firavanl\u0131q arzulay\u0131ram\u201d.<\/p>\n","protected":false},"excerpt":{"rendered":"<p>T\u00fcrkm\u0259nistan Parlamenti Xalq M\u0259sl\u0259h\u0259tinin s\u0259dri Qurbanqulu Berdim\u0259h\u0259mm\u0259dov Az\u0259rbaycan Respublikas\u0131n\u0131n Prezidenti\u00a0\u0130lham \u018fliyev\u0259 t\u0259brik m\u0259ktubu \u00fcnvanlay\u0131b. Prezident.az\u00a0x\u0259b\u0259r verir ki, m\u0259ktubda deyilir: \u201c\u00d6lk\u0259nizin milli bayram\u0131 &#8211; M\u00fcst\u0259qillik G\u00fcn\u00fc m\u00fcnasib\u0259til\u0259 Siz\u0259 v\u0259 qarda\u015f Az\u0259rbaycan\u0131n b\u00fct\u00fcn xalq\u0131na s\u0259mimi t\u0259brikl\u0259rimi v\u0259 \u0259n xo\u015f arzular\u0131m\u0131 bildirm\u0259yi \u00f6z\u00fcm\u0259 \u015f\u0259r\u0259f say\u0131ram. Biz Az\u0259rbaycan Respublikas\u0131n\u0131n bu ill\u0259r \u0259rzind\u0259 qazand\u0131\u011f\u0131 u\u011furlara g\u00f6r\u0259 sevinir v\u0259 ikit\u0259r\u0259fli m\u00fcnasib\u0259tl\u0259rimizi bundan sonra da d\u0259rinl\u0259\u015fdirm\u0259y\u0259 haz\u0131r oldu\u011fumuzu bildiririk. D\u00f6vl\u0259tl\u0259rimiz aras\u0131nda mehriban qon\u015fuluq m\u00fcnasib\u0259tl\u0259rinin ard\u0131c\u0131l olaraq yax\u015f\u0131la\u015fmas\u0131nda Sizin \u015f\u0259xsi xidm\u0259tl\u0259rinizi x\u00fcsusi qeyd etm\u0259k ist\u0259rdim. H\u00f6rm\u0259tli \u0130lham Heyd\u0259r o\u011flu, bu xo\u015f f\u00fcrs\u0259td\u0259n istifad\u0259 ed\u0259r\u0259k, Siz\u0259 s\u0259mimi-q\u0259lbd\u0259n m\u00f6hk\u0259m cansa\u011fl\u0131\u011f\u0131&hellip;<\/p>\n","protected":false},"author":2,"featured_media":479683,"comment_status":"closed","ping_status":"closed","sticky":false,"template":"","format":"standard","meta":{"om_disable_all_campaigns":false,"_monsterinsights_skip_tracking":false,"_monsterinsights_sitenote_active":false,"_monsterinsights_sitenote_note":"","_monsterinsights_sitenote_category":0},"categories":[4],"tags":[],"aioseo_notices":[],"gutentor_comment":0,"rttpg_featured_image_url":{"full":["https:\/\/arantv.az\/wp-content\/uploads\/2022\/05\/1594814467-6.jpg",620,413,false],"landscape":["https:\/\/arantv.az\/wp-content\/uploads\/2022\/05\/1594814467-6.jpg",620,413,false],"portraits":["https:\/\/arantv.az\/wp-content\/uploads\/2022\/05\/1594814467-6.jpg",620,413,false],"thumbnail":["https:\/\/arantv.az\/wp-content\/uploads\/2022\/05\/1594814467-6-500x280.jpg",500,280,true],"medium":["https:\/\/arantv.az\/wp-content\/uploads\/2022\/05\/1594814467-6-548x365.jpg",548,365,true],"large":["https:\/\/arantv.az\/wp-content\/uploads\/2022\/05\/1594814467-6.jpg",620,413,false],"1536x1536":["https:\/\/arantv.az\/wp-content\/uploads\/2022\/05\/1594814467-6.jpg",620,413,false],"2048x2048":["https:\/\/arantv.az\/wp-content\/uploads\/2022\/05\/1594814467-6.jpg",620,413,false],"post-thumbnail":["https:\/\/arantv.az\/wp-content\/uploads\/2022\/05\/1594814467-6-240x172.jpg",240,172,true],"advps-thumb-one":["https:\/\/arantv.az\/wp-content\/uploads\/2022\/05\/1594814467-6.jpg",620,413,false]},"rttpg_author":{"display_name":"V\u00fcsal Rafiqo\u011flu","author_link":"https:\/\/arantv.az\/?author=2"},"rttpg_comment":0,"rttpg_category":"<a href=\"https:\/\/arantv.az\/?cat=4\" rel=\"category\">Siyas\u0259t<\/a>","rttpg_excerpt":"T\u00fcrkm\u0259nistan Parlamenti Xalq M\u0259sl\u0259h\u0259tinin s\u0259dri Qurbanqulu Berdim\u0259h\u0259mm\u0259dov Az\u0259rbaycan Respublikas\u0131n\u0131n Prezidenti\u00a0\u0130lham \u018fliyev\u0259 t\u0259brik m\u0259ktubu \u00fcnvanlay\u0131b. Prezident.az\u00a0x\u0259b\u0259r verir ki, m\u0259ktubda deyilir: \u201c\u00d6lk\u0259nizin milli bayram\u0131 &#8211; M\u00fcst\u0259qillik G\u00fcn\u00fc m\u00fcnasib\u0259til\u0259 Siz\u0259 v\u0259 qarda\u015f Az\u0259rbaycan\u0131n b\u00fct\u00fcn xalq\u0131na s\u0259mimi t\u0259brikl\u0259rimi v\u0259 \u0259n xo\u015f arzular\u0131m\u0131 bildirm\u0259yi \u00f6z\u00fcm\u0259 \u015f\u0259r\u0259f say\u0131ram. Biz Az\u0259rbaycan Respublikas\u0131n\u0131n bu ill\u0259r \u0259rzind\u0259 qazand\u0131\u011f\u0131 u\u011furlara g\u00f6r\u0259 sevinir v\u0259 ikit\u0259r\u0259fli m\u00fcnasib\u0259tl\u0259rimizi&hellip;","_links":{"self":[{"href":"https:\/\/arantv.az\/index.php?rest_route=\/wp\/v2\/posts\/479682"}],"collection":[{"href":"https:\/\/arantv.az\/index.php?rest_route=\/wp\/v2\/posts"}],"about":[{"href":"https:\/\/arantv.az\/index.php?rest_route=\/wp\/v2\/types\/post"}],"author":[{"embeddable":true,"href":"https:\/\/arantv.az\/index.php?rest_route=\/wp\/v2\/users\/2"}],"replies":[{"embeddable":true,"href":"https:\/\/arantv.az\/index.php?rest_route=%2Fwp%2Fv2%2Fcomments&post=479682"}],"version-history":[{"count":0,"href":"https:\/\/arantv.az\/index.php?rest_route=\/wp\/v2\/posts\/479682\/revisions"}],"wp:featuredmedia":[{"embeddable":true,"href":"https:\/\/arantv.az\/index.php?rest_route=\/wp\/v2\/media\/479683"}],"wp:attachment":[{"href":"https:\/\/arantv.az\/index.php?rest_route=%2Fwp%2Fv2%2Fmedia&parent=479682"}],"wp:term":[{"taxonomy":"category","embeddable":true,"href":"https:\/\/arantv.az\/index.php?rest_route=%2Fwp%2Fv2%2Fcategories&post=479682"},{"taxonomy":"post_tag","embeddable":true,"href":"https:\/\/arantv.az\/index.php?rest_route=%2Fwp%2Fv2%2Ftags&post=479682"}],"curies":[{"name":"wp","href":"https:\/\/api.w.org\/{rel}","templated":true}]}}