{"id":479691,"date":"2022-05-27T14:00:38","date_gmt":"2022-05-27T11:00:38","guid":{"rendered":"https:\/\/arantv.az\/?p=479691"},"modified":"2022-05-27T14:00:38","modified_gmt":"2022-05-27T11:00:38","slug":"varank-turkiy%c9%99-il%c9%99-az%c9%99rbaycan-arasinda-uc-muqavil%c9%99-imzalanacaq","status":"publish","type":"post","link":"https:\/\/arantv.az\/?p=479691","title":{"rendered":"Varank: \u201cT\u00fcrkiy\u0259 il\u0259 Az\u0259rbaycan aras\u0131nda \u00fc\u00e7 m\u00fcqavil\u0259 imzalanacaq\u201d"},"content":{"rendered":"<p>T\u00fcrkiy\u0259nin s\u0259naye v\u0259 texnologiya naziri Mustafa Varank Az\u0259rbaycan v\u0259 T\u00fcrkiy\u0259nin d\u0259rin iqtisadi \u0259laq\u0259l\u0259ri v\u0259 qar\u015f\u0131l\u0131ql\u0131 s\u0259rmay\u0259l\u0259ri olan iki \u00f6lk\u0259 oldu\u011funu deyib.<\/p>\n<p>\u201cTEKNOFEST Az\u0259rbaycan\u201dda \u201cAnadolu\u201d agentliyin\u0259 m\u00fcsahib\u0259 ver\u0259n Varank Az\u0259rbaycanla T\u00fcrkiy\u0259 aras\u0131nda \u00fc\u00e7 m\u00fcqavil\u0259 imzalanaca\u011f\u0131n\u0131 qeyd edib:<\/p>\n<p>\u201cBu s\u0259f\u0259r \u00e7\u0259r\u00e7iv\u0259sind\u0259 m\u00fcxt\u0259lif m\u00fcqavil\u0259l\u0259r imzalayaca\u011f\u0131q. Bunlardan biri d\u0259 KOB\u0130A-lar\u0131n imkanlar\u0131n\u0131 qar\u015f\u0131l\u0131ql\u0131 \u015f\u0259kild\u0259 inki\u015faf etdir\u0259c\u0259yimiz raz\u0131la\u015fmad\u0131r. H\u0259m\u00e7inin T\u00fcrkiy\u0259 Kosmik Agentliyi il\u0259 Az\u0259rbaycan Kosmik Agentliyi aras\u0131nda x\u00fcsusil\u0259, peyk sah\u0259sind\u0259 birlikd\u0259 h\u0259r\u0259k\u0259t ed\u0259c\u0259yimiz m\u00fcqavil\u0259 imzalayaca\u011f\u0131q. Bundan \u0259lav\u0259, texnologiya v\u0259 s\u0259naye sah\u0259sind\u0259 birlikd\u0259 h\u0259r\u0259k\u0259t etm\u0259yimizi t\u0259min ed\u0259c\u0259k bir m\u00fcqavil\u0259 imzalayaca\u011f\u0131q. Bu m\u00fcqavil\u0259l\u0259rl\u0259 biz qar\u015f\u0131l\u0131ql\u0131 \u0259laq\u0259l\u0259rimizi daha da inki\u015faf etdir\u0259c\u0259yik. Biz iki \u00f6lk\u0259nin iqtisadi \u0259laq\u0259l\u0259rini daha da g\u00fccl\u0259ndir\u0259c\u0259yik. Bundan \u0259lav\u0259, biz qar\u015f\u0131l\u0131ql\u0131 olaraq texnopark yaratmaq ist\u0259yirik. Biz texnoparkda \u015firk\u0259tl\u0259rimiz\u0259 birlikd\u0259 d\u0259st\u0259k olmaq ist\u0259yirik\u201d.<\/p>\n","protected":false},"excerpt":{"rendered":"<p>T\u00fcrkiy\u0259nin s\u0259naye v\u0259 texnologiya naziri Mustafa Varank Az\u0259rbaycan v\u0259 T\u00fcrkiy\u0259nin d\u0259rin iqtisadi \u0259laq\u0259l\u0259ri v\u0259 qar\u015f\u0131l\u0131ql\u0131 s\u0259rmay\u0259l\u0259ri olan iki \u00f6lk\u0259 oldu\u011funu deyib. \u201cTEKNOFEST Az\u0259rbaycan\u201dda \u201cAnadolu\u201d agentliyin\u0259 m\u00fcsahib\u0259 ver\u0259n Varank Az\u0259rbaycanla T\u00fcrkiy\u0259 aras\u0131nda \u00fc\u00e7 m\u00fcqavil\u0259 imzalanaca\u011f\u0131n\u0131 qeyd edib: \u201cBu s\u0259f\u0259r \u00e7\u0259r\u00e7iv\u0259sind\u0259 m\u00fcxt\u0259lif m\u00fcqavil\u0259l\u0259r imzalayaca\u011f\u0131q. Bunlardan biri d\u0259 KOB\u0130A-lar\u0131n imkanlar\u0131n\u0131 qar\u015f\u0131l\u0131ql\u0131 \u015f\u0259kild\u0259 inki\u015faf etdir\u0259c\u0259yimiz raz\u0131la\u015fmad\u0131r. H\u0259m\u00e7inin T\u00fcrkiy\u0259 Kosmik Agentliyi il\u0259 Az\u0259rbaycan Kosmik Agentliyi aras\u0131nda x\u00fcsusil\u0259, peyk sah\u0259sind\u0259 birlikd\u0259 h\u0259r\u0259k\u0259t ed\u0259c\u0259yimiz m\u00fcqavil\u0259 imzalayaca\u011f\u0131q. Bundan \u0259lav\u0259, texnologiya v\u0259 s\u0259naye sah\u0259sind\u0259 birlikd\u0259 h\u0259r\u0259k\u0259t etm\u0259yimizi t\u0259min ed\u0259c\u0259k bir m\u00fcqavil\u0259 imzalayaca\u011f\u0131q. Bu m\u00fcqavil\u0259l\u0259rl\u0259 biz qar\u015f\u0131l\u0131ql\u0131 \u0259laq\u0259l\u0259rimizi daha da&hellip;<\/p>\n","protected":false},"author":2,"featured_media":479692,"comment_status":"closed","ping_status":"closed","sticky":false,"template":"","format":"standard","meta":{"om_disable_all_campaigns":false,"_monsterinsights_skip_tracking":false,"_monsterinsights_sitenote_active":false,"_monsterinsights_sitenote_note":"","_monsterinsights_sitenote_category":0},"categories":[4],"tags":[],"aioseo_notices":[],"gutentor_comment":0,"rttpg_featured_image_url":{"full":["https:\/\/arantv.az\/wp-content\/uploads\/2022\/05\/FotoJet-2022-05-27T140239.160.jpg",620,413,false],"landscape":["https:\/\/arantv.az\/wp-content\/uploads\/2022\/05\/FotoJet-2022-05-27T140239.160.jpg",620,413,false],"portraits":["https:\/\/arantv.az\/wp-content\/uploads\/2022\/05\/FotoJet-2022-05-27T140239.160.jpg",620,413,false],"thumbnail":["https:\/\/arantv.az\/wp-content\/uploads\/2022\/05\/FotoJet-2022-05-27T140239.160-500x280.jpg",500,280,true],"medium":["https:\/\/arantv.az\/wp-content\/uploads\/2022\/05\/FotoJet-2022-05-27T140239.160-548x365.jpg",548,365,true],"large":["https:\/\/arantv.az\/wp-content\/uploads\/2022\/05\/FotoJet-2022-05-27T140239.160.jpg",620,413,false],"1536x1536":["https:\/\/arantv.az\/wp-content\/uploads\/2022\/05\/FotoJet-2022-05-27T140239.160.jpg",620,413,false],"2048x2048":["https:\/\/arantv.az\/wp-content\/uploads\/2022\/05\/FotoJet-2022-05-27T140239.160.jpg",620,413,false],"post-thumbnail":["https:\/\/arantv.az\/wp-content\/uploads\/2022\/05\/FotoJet-2022-05-27T140239.160-240x172.jpg",240,172,true],"advps-thumb-one":["https:\/\/arantv.az\/wp-content\/uploads\/2022\/05\/FotoJet-2022-05-27T140239.160.jpg",620,413,false]},"rttpg_author":{"display_name":"V\u00fcsal Rafiqo\u011flu","author_link":"https:\/\/arantv.az\/?author=2"},"rttpg_comment":0,"rttpg_category":"<a href=\"https:\/\/arantv.az\/?cat=4\" rel=\"category\">Siyas\u0259t<\/a>","rttpg_excerpt":"T\u00fcrkiy\u0259nin s\u0259naye v\u0259 texnologiya naziri Mustafa Varank Az\u0259rbaycan v\u0259 T\u00fcrkiy\u0259nin d\u0259rin iqtisadi \u0259laq\u0259l\u0259ri v\u0259 qar\u015f\u0131l\u0131ql\u0131 s\u0259rmay\u0259l\u0259ri olan iki \u00f6lk\u0259 oldu\u011funu deyib. \u201cTEKNOFEST Az\u0259rbaycan\u201dda \u201cAnadolu\u201d agentliyin\u0259 m\u00fcsahib\u0259 ver\u0259n Varank Az\u0259rbaycanla T\u00fcrkiy\u0259 aras\u0131nda \u00fc\u00e7 m\u00fcqavil\u0259 imzalanaca\u011f\u0131n\u0131 qeyd edib: \u201cBu s\u0259f\u0259r \u00e7\u0259r\u00e7iv\u0259sind\u0259 m\u00fcxt\u0259lif m\u00fcqavil\u0259l\u0259r imzalayaca\u011f\u0131q. Bunlardan biri d\u0259 KOB\u0130A-lar\u0131n imkanlar\u0131n\u0131 qar\u015f\u0131l\u0131ql\u0131 \u015f\u0259kild\u0259 inki\u015faf etdir\u0259c\u0259yimiz raz\u0131la\u015fmad\u0131r. H\u0259m\u00e7inin T\u00fcrkiy\u0259 Kosmik&hellip;","_links":{"self":[{"href":"https:\/\/arantv.az\/index.php?rest_route=\/wp\/v2\/posts\/479691"}],"collection":[{"href":"https:\/\/arantv.az\/index.php?rest_route=\/wp\/v2\/posts"}],"about":[{"href":"https:\/\/arantv.az\/index.php?rest_route=\/wp\/v2\/types\/post"}],"author":[{"embeddable":true,"href":"https:\/\/arantv.az\/index.php?rest_route=\/wp\/v2\/users\/2"}],"replies":[{"embeddable":true,"href":"https:\/\/arantv.az\/index.php?rest_route=%2Fwp%2Fv2%2Fcomments&post=479691"}],"version-history":[{"count":0,"href":"https:\/\/arantv.az\/index.php?rest_route=\/wp\/v2\/posts\/479691\/revisions"}],"wp:featuredmedia":[{"embeddable":true,"href":"https:\/\/arantv.az\/index.php?rest_route=\/wp\/v2\/media\/479692"}],"wp:attachment":[{"href":"https:\/\/arantv.az\/index.php?rest_route=%2Fwp%2Fv2%2Fmedia&parent=479691"}],"wp:term":[{"taxonomy":"category","embeddable":true,"href":"https:\/\/arantv.az\/index.php?rest_route=%2Fwp%2Fv2%2Fcategories&post=479691"},{"taxonomy":"post_tag","embeddable":true,"href":"https:\/\/arantv.az\/index.php?rest_route=%2Fwp%2Fv2%2Ftags&post=479691"}],"curies":[{"name":"wp","href":"https:\/\/api.w.org\/{rel}","templated":true}]}}