{"id":479694,"date":"2022-05-27T14:07:59","date_gmt":"2022-05-27T11:07:59","guid":{"rendered":"https:\/\/arantv.az\/?p=479694"},"modified":"2022-05-27T14:07:59","modified_gmt":"2022-05-27T11:07:59","slug":"must%c9%99qil-az%c9%99rbaycanin-bayragi-azad-olunmus-%c9%99razil%c9%99rd%c9%99-d%c9%99-h%c9%99r-zaman-dalgalanacaq-r%c9%99y","status":"publish","type":"post","link":"https:\/\/arantv.az\/?p=479694","title":{"rendered":"\u201cM\u00fcst\u0259qil Az\u0259rbaycan\u0131n bayra\u011f\u0131 azad olunmu\u015f \u0259razil\u0259rd\u0259 d\u0259 h\u0259r zaman dal\u011falanacaq\u201d &#8211; R\u018fY"},"content":{"rendered":"<p>\u201cBug\u00fcnk\u00fc g\u00fccl\u00fc v\u0259 q\u00fcdr\u0259tli Az\u0259rbaycan 1918-ci ilin may ay\u0131n\u0131n 28-d\u0259 m\u00fcst\u0259qilliyini elan etmi\u015f Az\u0259rbaycan\u0131n h\u00fcquqi varisidir. O zaman Az\u0259rbaycan m\u00fcst\u0259qilliyini elan ets\u0259 d\u0259, c\u0259mi iki il\u0259 yax\u0131n m\u00fcst\u0259qil \u00f6lk\u0259 kimi f\u0259aliyy\u0259t g\u00f6st\u0259rm\u0259yi bacard\u0131\u201d.<\/p>\n<p>Bunu \u201cReport\u201da a\u00e7\u0131qlamas\u0131nda Milli M\u0259clisin deputat\u0131 Cavid Osmanov deyib.<\/p>\n<p>O xat\u0131rlad\u0131b ki, m\u0259hz 1993-c\u00fc ild\u0259 \u00fcmummilli lider Heyd\u0259r \u018fliyev xalq\u0131n t\u0259kidli t\u0259l\u0259bi il\u0259 hakimiyy\u0259t\u0259 qay\u0131td\u0131qdan sonra m\u00fcst\u0259qilliyimiz qorunma\u011fa ba\u015flad\u0131:<\/p>\n<p>\u201c\u00d6lk\u0259d\u0259 ictimai-siyasi sabitlik h\u00f6km s\u00fcrm\u0259y\u0259 ba\u015flad\u0131, iqtisadi inki\u015faf\u0131m\u0131z\u0131n t\u0259m\u0259li qoyuldu. \u00dcmummilli lider Heyd\u0259r \u018fliyev c\u0259sar\u0259tli bir add\u0131m atd\u0131 v\u0259 Az\u0259rbaycan\u0131n \u00fc\u00e7r\u0259ngli bayra\u011f\u0131n\u0131 Nax\u00e7\u0131vanda elan etdi. Bayra\u011f\u0131m\u0131z Heyd\u0259r \u018fliyevin t\u0259\u015f\u0259bb\u00fcs\u00fc il\u0259 h\u0259r yerd\u0259 dal\u011falanma\u011fa ba\u015flad\u0131.<\/p>\n<p>\u00dcmummilli lider Heyd\u0259r \u018fliyev eyni zamanda hakimiyy\u0259t\u0259 g\u0259ldikd\u0259n sonra m\u0259hz 28 may 1918-ci ild\u0259 Az\u0259rbaycan\u0131n m\u00fcst\u0259qilliyini elan etmi\u015f az\u0259rbaycanl\u0131lar\u0131n adlar\u0131n\u0131n \u0259b\u0259dil\u0259\u015fdirilm\u0259si, o tarixi anlara abid\u0259nin ucald\u0131lmas\u0131, \u0130lham \u018fliyevin \u0130stiqlaliyy\u0259t k\u00fc\u00e7\u0259sind\u0259 abid\u0259nin a\u00e7\u0131l\u0131\u015f m\u0259rasimind\u0259 i\u015ftirak etm\u0259si &#8211; b\u00fct\u00fcn bunlar Az\u0259rbaycan Prezidenti \u0130lham \u018fliyevin m\u0259hz tarixi k\u00f6kl\u0259rimiz\u0259 n\u0259 q\u0259d\u0259r b\u00f6y\u00fck \u00f6n\u0259m verdiyini bir daha g\u00f6st\u0259rir\u201d.<\/p>\n<p>Deputat vur\u011fulay\u0131b ki, bu g\u00fcn m\u00fcasir Az\u0259rbaycan d\u00fcnyan\u0131n \u0259n g\u00fccl\u00fc, \u0259n q\u00fcdr\u0259tli \u00f6lk\u0259l\u0259rind\u0259n birin\u0259 \u00e7evrilib:<\/p>\n<p>\u201cBu da Prezidentin y\u00fcr\u00fctd\u00fcy\u00fc d\u00fc\u015f\u00fcn\u00fclm\u00fc\u015f, q\u0259tiyy\u0259tli, prinsipial, d\u00fczg\u00fcn siyas\u0259tin m\u0259ntiqi n\u0259tic\u0259sidir. Bu g\u00fcn Az\u0259rbaycan \u00f6z \u0259razi b\u00fct\u00f6vl\u00fcy\u00fcn\u00fc b\u0259rpa edib. Az\u0259rbaycan dahi s\u0259rk\u0259rd\u0259miz, m\u00fcz\u0259ff\u0259r Ali Ba\u015f Komandan\u0131m\u0131z, Prezident \u0130lham \u018fliyevin r\u0259hb\u0259rliyi il\u0259 tarixi q\u0259l\u0259b\u0259 qazand\u0131, torpaqlar\u0131m\u0131z i\u015f\u011faldan azad olundu. Bu g\u00fcn Az\u0259rbaycan bayra\u011f\u0131 i\u015f\u011faldan azad olunmu\u015f \u0259razil\u0259rd\u0259 d\u0259 dal\u011falan\u0131r, h\u0259r zaman da dal\u011falanacaq\u201d.<\/p>\n","protected":false},"excerpt":{"rendered":"<p>\u201cBug\u00fcnk\u00fc g\u00fccl\u00fc v\u0259 q\u00fcdr\u0259tli Az\u0259rbaycan 1918-ci ilin may ay\u0131n\u0131n 28-d\u0259 m\u00fcst\u0259qilliyini elan etmi\u015f Az\u0259rbaycan\u0131n h\u00fcquqi varisidir. O zaman Az\u0259rbaycan m\u00fcst\u0259qilliyini elan ets\u0259 d\u0259, c\u0259mi iki il\u0259 yax\u0131n m\u00fcst\u0259qil \u00f6lk\u0259 kimi f\u0259aliyy\u0259t g\u00f6st\u0259rm\u0259yi bacard\u0131\u201d. Bunu \u201cReport\u201da a\u00e7\u0131qlamas\u0131nda Milli M\u0259clisin deputat\u0131 Cavid Osmanov deyib. O xat\u0131rlad\u0131b ki, m\u0259hz 1993-c\u00fc ild\u0259 \u00fcmummilli lider Heyd\u0259r \u018fliyev xalq\u0131n t\u0259kidli t\u0259l\u0259bi il\u0259 hakimiyy\u0259t\u0259 qay\u0131td\u0131qdan sonra m\u00fcst\u0259qilliyimiz qorunma\u011fa ba\u015flad\u0131: \u201c\u00d6lk\u0259d\u0259 ictimai-siyasi sabitlik h\u00f6km s\u00fcrm\u0259y\u0259 ba\u015flad\u0131, iqtisadi inki\u015faf\u0131m\u0131z\u0131n t\u0259m\u0259li qoyuldu. \u00dcmummilli lider Heyd\u0259r \u018fliyev c\u0259sar\u0259tli bir add\u0131m atd\u0131 v\u0259 Az\u0259rbaycan\u0131n \u00fc\u00e7r\u0259ngli bayra\u011f\u0131n\u0131 Nax\u00e7\u0131vanda elan etdi. Bayra\u011f\u0131m\u0131z Heyd\u0259r \u018fliyevin&hellip;<\/p>\n","protected":false},"author":2,"featured_media":479695,"comment_status":"closed","ping_status":"closed","sticky":false,"template":"","format":"standard","meta":{"om_disable_all_campaigns":false,"_monsterinsights_skip_tracking":false,"_monsterinsights_sitenote_active":false,"_monsterinsights_sitenote_note":"","_monsterinsights_sitenote_category":0},"categories":[4],"tags":[],"aioseo_notices":[],"gutentor_comment":0,"rttpg_featured_image_url":{"full":["https:\/\/arantv.az\/wp-content\/uploads\/2022\/05\/01.jpg",620,413,false],"landscape":["https:\/\/arantv.az\/wp-content\/uploads\/2022\/05\/01.jpg",620,413,false],"portraits":["https:\/\/arantv.az\/wp-content\/uploads\/2022\/05\/01.jpg",620,413,false],"thumbnail":["https:\/\/arantv.az\/wp-content\/uploads\/2022\/05\/01-500x280.jpg",500,280,true],"medium":["https:\/\/arantv.az\/wp-content\/uploads\/2022\/05\/01-548x365.jpg",548,365,true],"large":["https:\/\/arantv.az\/wp-content\/uploads\/2022\/05\/01.jpg",620,413,false],"1536x1536":["https:\/\/arantv.az\/wp-content\/uploads\/2022\/05\/01.jpg",620,413,false],"2048x2048":["https:\/\/arantv.az\/wp-content\/uploads\/2022\/05\/01.jpg",620,413,false],"post-thumbnail":["https:\/\/arantv.az\/wp-content\/uploads\/2022\/05\/01-240x172.jpg",240,172,true],"advps-thumb-one":["https:\/\/arantv.az\/wp-content\/uploads\/2022\/05\/01.jpg",620,413,false]},"rttpg_author":{"display_name":"V\u00fcsal Rafiqo\u011flu","author_link":"https:\/\/arantv.az\/?author=2"},"rttpg_comment":0,"rttpg_category":"<a href=\"https:\/\/arantv.az\/?cat=4\" rel=\"category\">Siyas\u0259t<\/a>","rttpg_excerpt":"\u201cBug\u00fcnk\u00fc g\u00fccl\u00fc v\u0259 q\u00fcdr\u0259tli Az\u0259rbaycan 1918-ci ilin may ay\u0131n\u0131n 28-d\u0259 m\u00fcst\u0259qilliyini elan etmi\u015f Az\u0259rbaycan\u0131n h\u00fcquqi varisidir. O zaman Az\u0259rbaycan m\u00fcst\u0259qilliyini elan ets\u0259 d\u0259, c\u0259mi iki il\u0259 yax\u0131n m\u00fcst\u0259qil \u00f6lk\u0259 kimi f\u0259aliyy\u0259t g\u00f6st\u0259rm\u0259yi bacard\u0131\u201d. Bunu \u201cReport\u201da a\u00e7\u0131qlamas\u0131nda Milli M\u0259clisin deputat\u0131 Cavid Osmanov deyib. O xat\u0131rlad\u0131b ki, m\u0259hz 1993-c\u00fc ild\u0259 \u00fcmummilli lider Heyd\u0259r \u018fliyev xalq\u0131n t\u0259kidli t\u0259l\u0259bi&hellip;","_links":{"self":[{"href":"https:\/\/arantv.az\/index.php?rest_route=\/wp\/v2\/posts\/479694"}],"collection":[{"href":"https:\/\/arantv.az\/index.php?rest_route=\/wp\/v2\/posts"}],"about":[{"href":"https:\/\/arantv.az\/index.php?rest_route=\/wp\/v2\/types\/post"}],"author":[{"embeddable":true,"href":"https:\/\/arantv.az\/index.php?rest_route=\/wp\/v2\/users\/2"}],"replies":[{"embeddable":true,"href":"https:\/\/arantv.az\/index.php?rest_route=%2Fwp%2Fv2%2Fcomments&post=479694"}],"version-history":[{"count":0,"href":"https:\/\/arantv.az\/index.php?rest_route=\/wp\/v2\/posts\/479694\/revisions"}],"wp:featuredmedia":[{"embeddable":true,"href":"https:\/\/arantv.az\/index.php?rest_route=\/wp\/v2\/media\/479695"}],"wp:attachment":[{"href":"https:\/\/arantv.az\/index.php?rest_route=%2Fwp%2Fv2%2Fmedia&parent=479694"}],"wp:term":[{"taxonomy":"category","embeddable":true,"href":"https:\/\/arantv.az\/index.php?rest_route=%2Fwp%2Fv2%2Fcategories&post=479694"},{"taxonomy":"post_tag","embeddable":true,"href":"https:\/\/arantv.az\/index.php?rest_route=%2Fwp%2Fv2%2Ftags&post=479694"}],"curies":[{"name":"wp","href":"https:\/\/api.w.org\/{rel}","templated":true}]}}