{"id":479710,"date":"2022-05-27T14:25:45","date_gmt":"2022-05-27T11:25:45","guid":{"rendered":"https:\/\/arantv.az\/?p=479710"},"modified":"2022-05-27T14:25:45","modified_gmt":"2022-05-27T11:25:45","slug":"ilham-%c9%99liyev-h%c9%99r-k%c9%99s-bilir-ki-az%c9%99rbaycanla-hesablasmaq-lazimdir","status":"publish","type":"post","link":"https:\/\/arantv.az\/?p=479710","title":{"rendered":"\u0130lham \u018fliyev: \u201cH\u0259r k\u0259s bilir ki, Az\u0259rbaycanla hesabla\u015fmaq laz\u0131md\u0131r\u201d"},"content":{"rendered":"<p>\u201cBiz m\u00fcst\u0259qilliyimizin m\u00f6hk\u0259ml\u0259nm\u0259si istiqam\u0259tind\u0259 \u00e7ox b\u00f6y\u00fck i\u015fl\u0259r g\u00f6rm\u00fc\u015f\u00fck. Siyasi c\u0259h\u0259td\u0259n tam m\u00fcst\u0259qilik. He\u00e7 bir \u00f6lk\u0259 bizim irad\u0259miz\u0259 t\u0259sir ed\u0259 bilm\u0259z v\u0259 bunu art\u0131q h\u0259r k\u0259s bilir ki, Az\u0259rbaycanla hesabla\u015fmaq laz\u0131md\u0131r, Az\u0259rbaycan\u0131n m\u00f6vqeyini n\u0259z\u0259r\u0259 almaq laz\u0131md\u0131r. Az\u0259rbaycan \u00f6z\u00fcn\u0259 h\u00f6rm\u0259t ed\u0259n d\u00f6vl\u0259tdir v\u0259 h\u0259r k\u0259sd\u0259n bu h\u00f6rm\u0259ti t\u0259l\u0259b edir v\u0259 bunu \u0259ld\u0259 edir\u201d.<\/p>\n<div class=\"AdviadNativeVideo\"><\/div>\n<p><a href=\"https:\/\/azertag.az\/xeber\/Prezident_Ilham_Aliyev_Her_kes_bilir_ki_Azerbaycanla_hesablasmaq_lazimdir-2153453\" target=\"_blank\" rel=\"noopener\">AZ\u018fRTAC<\/a>\u00a0x\u0259b\u0259r verir ki, bu fikirl\u0259ri Prezident\u00a0<strong>\u0130lham \u018fliyev<\/strong>\u00a0may\u0131n 27-d\u0259 Z\u0259ngilan rayonunun A\u011fal\u0131 k\u0259ndind\u0259 ictimaiyy\u0259tin n\u00fcmay\u0259nd\u0259l\u0259ri il\u0259 g\u00f6r\u00fc\u015fd\u0259 \u00e7\u0131x\u0131\u015f ed\u0259rk\u0259n deyib.<\/p>\n<p>Az\u0259rbaycan\u0131n iqtisadi c\u0259h\u0259td\u0259n m\u00fcst\u0259qil \u00f6lk\u0259 oldu\u011funu vur\u011fulayan d\u00f6vl\u0259timizin ba\u015f\u00e7\u0131s\u0131 bildirib:<\/p>\n<p>\u201cBu g\u00fcn iqtisadi c\u0259h\u0259td\u0259n m\u00fcst\u0259qil \u00f6lk\u0259l\u0259rin say\u0131 o q\u0259d\u0259r d\u0259 \u00e7ox deyil. Bunu yax\u0131n tarix g\u00f6st\u0259rir. Ancaq biz tam m\u00fcst\u0259qilik, he\u00e7 kimd\u0259n as\u0131l\u0131 deyilik, \u00f6z h\u0259yat\u0131m\u0131z\u0131 \u00f6z\u00fcm\u00fcz qururuq v\u0259 he\u00e7 bir yard\u0131ma, kredit\u0259 ehtiyac\u0131m\u0131z yoxdur. \u018fksin\u0259, biz \u00f6z\u00fcm\u00fcz indi b\u0259zi \u00f6lk\u0259l\u0259r\u0259 kreditl\u0259r veririk. M\u0259hz iqtisadi m\u00fcst\u0259qillik n\u0259tic\u0259sind\u0259 bu g\u00fcn, bax, bu A\u011fal\u0131 k\u0259ndi dey\u0259 bil\u0259r\u0259m ki, d\u00fcnyan\u0131n \u0259n m\u00fct\u0259r\u0259qqi k\u0259ndl\u0259rinin birin\u0259 \u00e7evrilib. Bunu biz etmi\u015fik, \u00f6z g\u00fcc\u00fcm\u00fczl\u0259 v\u0259 azad edilmi\u015f b\u00fct\u00fcn dig\u0259r torpaqlarda \u00f6z g\u00fcc\u00fcm\u00fczl\u0259 b\u0259rpa i\u015fl\u0259rini apar\u0131r\u0131q v\u0259 indi n\u0259h\u0259ng layih\u0259l\u0259r icra edilir. Bu haqda Az\u0259rbaycan xalq\u0131 m\u00fcnt\u0259z\u0259m olaraq m\u0259lumatland\u0131r\u0131l\u0131r\u201d.<\/p>\n","protected":false},"excerpt":{"rendered":"<p>\u201cBiz m\u00fcst\u0259qilliyimizin m\u00f6hk\u0259ml\u0259nm\u0259si istiqam\u0259tind\u0259 \u00e7ox b\u00f6y\u00fck i\u015fl\u0259r g\u00f6rm\u00fc\u015f\u00fck. Siyasi c\u0259h\u0259td\u0259n tam m\u00fcst\u0259qilik. He\u00e7 bir \u00f6lk\u0259 bizim irad\u0259miz\u0259 t\u0259sir ed\u0259 bilm\u0259z v\u0259 bunu art\u0131q h\u0259r k\u0259s bilir ki, Az\u0259rbaycanla hesabla\u015fmaq laz\u0131md\u0131r, Az\u0259rbaycan\u0131n m\u00f6vqeyini n\u0259z\u0259r\u0259 almaq laz\u0131md\u0131r. Az\u0259rbaycan \u00f6z\u00fcn\u0259 h\u00f6rm\u0259t ed\u0259n d\u00f6vl\u0259tdir v\u0259 h\u0259r k\u0259sd\u0259n bu h\u00f6rm\u0259ti t\u0259l\u0259b edir v\u0259 bunu \u0259ld\u0259 edir\u201d. AZ\u018fRTAC\u00a0x\u0259b\u0259r verir ki, bu fikirl\u0259ri Prezident\u00a0\u0130lham \u018fliyev\u00a0may\u0131n 27-d\u0259 Z\u0259ngilan rayonunun A\u011fal\u0131 k\u0259ndind\u0259 ictimaiyy\u0259tin n\u00fcmay\u0259nd\u0259l\u0259ri il\u0259 g\u00f6r\u00fc\u015fd\u0259 \u00e7\u0131x\u0131\u015f ed\u0259rk\u0259n deyib. Az\u0259rbaycan\u0131n iqtisadi c\u0259h\u0259td\u0259n m\u00fcst\u0259qil \u00f6lk\u0259 oldu\u011funu vur\u011fulayan d\u00f6vl\u0259timizin ba\u015f\u00e7\u0131s\u0131 bildirib: \u201cBu g\u00fcn iqtisadi c\u0259h\u0259td\u0259n m\u00fcst\u0259qil \u00f6lk\u0259l\u0259rin say\u0131 o q\u0259d\u0259r d\u0259&hellip;<\/p>\n","protected":false},"author":2,"featured_media":479711,"comment_status":"closed","ping_status":"closed","sticky":false,"template":"","format":"standard","meta":{"om_disable_all_campaigns":false,"_monsterinsights_skip_tracking":false,"_monsterinsights_sitenote_active":false,"_monsterinsights_sitenote_note":"","_monsterinsights_sitenote_category":0},"categories":[4],"tags":[],"aioseo_notices":[],"gutentor_comment":0,"rttpg_featured_image_url":{"full":["https:\/\/arantv.az\/wp-content\/uploads\/2022\/05\/president_iclas_150720_19.jpg",620,413,false],"landscape":["https:\/\/arantv.az\/wp-content\/uploads\/2022\/05\/president_iclas_150720_19.jpg",620,413,false],"portraits":["https:\/\/arantv.az\/wp-content\/uploads\/2022\/05\/president_iclas_150720_19.jpg",620,413,false],"thumbnail":["https:\/\/arantv.az\/wp-content\/uploads\/2022\/05\/president_iclas_150720_19-500x280.jpg",500,280,true],"medium":["https:\/\/arantv.az\/wp-content\/uploads\/2022\/05\/president_iclas_150720_19-548x365.jpg",548,365,true],"large":["https:\/\/arantv.az\/wp-content\/uploads\/2022\/05\/president_iclas_150720_19.jpg",620,413,false],"1536x1536":["https:\/\/arantv.az\/wp-content\/uploads\/2022\/05\/president_iclas_150720_19.jpg",620,413,false],"2048x2048":["https:\/\/arantv.az\/wp-content\/uploads\/2022\/05\/president_iclas_150720_19.jpg",620,413,false],"post-thumbnail":["https:\/\/arantv.az\/wp-content\/uploads\/2022\/05\/president_iclas_150720_19-240x172.jpg",240,172,true],"advps-thumb-one":["https:\/\/arantv.az\/wp-content\/uploads\/2022\/05\/president_iclas_150720_19.jpg",620,413,false]},"rttpg_author":{"display_name":"V\u00fcsal Rafiqo\u011flu","author_link":"https:\/\/arantv.az\/?author=2"},"rttpg_comment":0,"rttpg_category":"<a href=\"https:\/\/arantv.az\/?cat=4\" rel=\"category\">Siyas\u0259t<\/a>","rttpg_excerpt":"\u201cBiz m\u00fcst\u0259qilliyimizin m\u00f6hk\u0259ml\u0259nm\u0259si istiqam\u0259tind\u0259 \u00e7ox b\u00f6y\u00fck i\u015fl\u0259r g\u00f6rm\u00fc\u015f\u00fck. Siyasi c\u0259h\u0259td\u0259n tam m\u00fcst\u0259qilik. He\u00e7 bir \u00f6lk\u0259 bizim irad\u0259miz\u0259 t\u0259sir ed\u0259 bilm\u0259z v\u0259 bunu art\u0131q h\u0259r k\u0259s bilir ki, Az\u0259rbaycanla hesabla\u015fmaq laz\u0131md\u0131r, Az\u0259rbaycan\u0131n m\u00f6vqeyini n\u0259z\u0259r\u0259 almaq laz\u0131md\u0131r. Az\u0259rbaycan \u00f6z\u00fcn\u0259 h\u00f6rm\u0259t ed\u0259n d\u00f6vl\u0259tdir v\u0259 h\u0259r k\u0259sd\u0259n bu h\u00f6rm\u0259ti t\u0259l\u0259b edir v\u0259 bunu \u0259ld\u0259 edir\u201d. AZ\u018fRTAC\u00a0x\u0259b\u0259r verir ki, bu&hellip;","_links":{"self":[{"href":"https:\/\/arantv.az\/index.php?rest_route=\/wp\/v2\/posts\/479710"}],"collection":[{"href":"https:\/\/arantv.az\/index.php?rest_route=\/wp\/v2\/posts"}],"about":[{"href":"https:\/\/arantv.az\/index.php?rest_route=\/wp\/v2\/types\/post"}],"author":[{"embeddable":true,"href":"https:\/\/arantv.az\/index.php?rest_route=\/wp\/v2\/users\/2"}],"replies":[{"embeddable":true,"href":"https:\/\/arantv.az\/index.php?rest_route=%2Fwp%2Fv2%2Fcomments&post=479710"}],"version-history":[{"count":0,"href":"https:\/\/arantv.az\/index.php?rest_route=\/wp\/v2\/posts\/479710\/revisions"}],"wp:featuredmedia":[{"embeddable":true,"href":"https:\/\/arantv.az\/index.php?rest_route=\/wp\/v2\/media\/479711"}],"wp:attachment":[{"href":"https:\/\/arantv.az\/index.php?rest_route=%2Fwp%2Fv2%2Fmedia&parent=479710"}],"wp:term":[{"taxonomy":"category","embeddable":true,"href":"https:\/\/arantv.az\/index.php?rest_route=%2Fwp%2Fv2%2Fcategories&post=479710"},{"taxonomy":"post_tag","embeddable":true,"href":"https:\/\/arantv.az\/index.php?rest_route=%2Fwp%2Fv2%2Ftags&post=479710"}],"curies":[{"name":"wp","href":"https:\/\/api.w.org\/{rel}","templated":true}]}}