{"id":479713,"date":"2022-05-27T14:26:39","date_gmt":"2022-05-27T11:26:39","guid":{"rendered":"https:\/\/arantv.az\/?p=479713"},"modified":"2022-05-27T14:26:39","modified_gmt":"2022-05-27T11:26:39","slug":"prezidentin-azad-edil%c9%99n-%c9%99razil%c9%99r%c9%99-novb%c9%99ti-s%c9%99f%c9%99ri-strateji-maraqlarimiza-%c9%99saslanan-quruculuq-t%c9%99hlil","status":"publish","type":"post","link":"https:\/\/arantv.az\/?p=479713","title":{"rendered":"Prezidentin azad edil\u0259n \u0259razil\u0259r\u0259 n\u00f6vb\u0259ti s\u0259f\u0259ri: Strateji maraqlar\u0131m\u0131za \u0259saslanan quruculuq &#8211; T\u018fHL\u0130L"},"content":{"rendered":"<p>Az\u0259rbaycan d\u00f6vl\u0259tinin 44 g\u00fcnl\u00fck m\u00fcharib\u0259d\u0259n sonra qar\u015f\u0131s\u0131na qoydu\u011fu prioritet m\u0259s\u0259l\u0259l\u0259r s\u0131ras\u0131nda i\u015f\u011faldan azad edilmi\u015f \u0259razil\u0259rimizin s\u00fcr\u0259tli b\u0259rpas\u0131, h\u0259min \u0259razil\u0259r\u0259 tarixi kimliyinin qaytar\u0131lmas\u0131, \u0259n \u0259sas\u0131 is\u0259 uzun ill\u0259r do\u011fma yurdlar\u0131ndan zorla did\u0259rgin sal\u0131nm\u0131\u015f insanlar\u0131n \u00f6z evl\u0259rin\u0259 qay\u0131daraq burada rifah i\u00e7ind\u0259 ya\u015famas\u0131n\u0131 t\u0259min etm\u0259k dayan\u0131r.<\/p>\n<p>S\u00f6z\u00fcged\u0259n m\u0259s\u0259l\u0259l\u0259r d\u00f6vl\u0259t ba\u015f\u00e7\u0131s\u0131 Prezident\u00a0<strong>\u0130lham \u018fliyev<\/strong>\u00a0t\u0259r\u0259find\u0259n daim diqq\u0259t m\u0259rk\u0259zind\u0259 saxlan\u0131l\u0131r. Az\u0259rbaycan Prezidenti \u0130lham \u018fliyev v\u0259 Birinci vitse-prezident Mehriban \u018fliyevan\u0131n s\u00f6z\u00fcged\u0259n \u0259razil\u0259rd\u0259 apar\u0131lan i\u015fl\u0259ri n\u0259zar\u0259td\u0259 saxlamalar\u0131, h\u0259r zaman \u015f\u0259xs\u0259n yerind\u0259c\u0259 i\u015fl\u0259rin gedi\u015fat\u0131 il\u0259 tan\u0131\u015f olmalar\u0131 d\u00f6vl\u0259tin bu m\u0259s\u0259l\u0259d\u0259 h\u0259ssasl\u0131\u011f\u0131n\u0131 ortaya qoyur.<\/p>\n<div class=\"AdviadNativeVideo\"><\/div>\n<p>El\u0259 \u00f6t\u0259n g\u00fcn d\u00f6vl\u0259t ba\u015f\u00e7\u0131s\u0131 \u0130lham \u018fliyev v\u0259 Birinci vitse-prezident Mehriban \u018fliyevan\u0131n n\u00f6vb\u0259ti d\u0259f\u0259 F\u00fczuli, C\u0259bray\u0131l v\u0259 Z\u0259ngilan rayonlar\u0131na s\u0259f\u0259ri d\u0259 m\u0259hz bu q\u0259bild\u0259ndir. \u00d6lk\u0259 r\u0259hb\u0259rliyi n\u00f6vb\u0259ti d\u0259f\u0259 i\u015f\u011faldan azad olunmu\u015f \u0259razil\u0259rd\u0259 b\u0259rpa v\u0259 yenid\u0259nqurma i\u015fl\u0259ri il\u0259 tan\u0131\u015f olub, t\u0259m\u0259lqoyma m\u0259rasiml\u0259rind\u0259 i\u015ftirak edib v\u0259 m\u00fcvafiq tap\u015f\u0131r\u0131qlar verib.<\/p>\n<p>\u00dcst\u0259lik, Prezident \u0130lham \u018fliyev t\u0259r\u0259find\u0259n g\u00f6st\u0259ril\u0259n bu x\u00fcsusi diqq\u0259t v\u0259 qay\u011f\u0131 sad\u0259c\u0259 i\u015f\u011faldan azad edilmi\u015f \u0259razil\u0259rl\u0259 d\u0259 kifay\u0259tl\u0259nmir. Bel\u0259 ki, d\u00f6vl\u0259t ba\u015f\u00e7\u0131s\u0131 Az\u0259rbaycan\u0131n b\u00fct\u00fcn regionlar\u0131n\u0131n s\u00fcr\u0259tli v\u0259 h\u0259rt\u0259r\u0259fli inki\u015faf\u0131n\u0131, regionlarda apar\u0131lan quruculuq i\u015fl\u0259rinin gedi\u015fat\u0131na diqq\u0259t ay\u0131r\u0131r.<\/p>\n<p>B\u00fct\u00fcn bunlarla yana\u015f\u0131 Prezident \u0130lham \u018fliyev t\u0259r\u0259find\u0259n Z\u0259ng\u0259zur d\u0259hlizinin avtomobil, d\u0259mir, hava yollar\u0131 seqmentl\u0259rinin v\u0259 beyn\u0259lxalq enerji d\u0259hlizinin yarad\u0131lmas\u0131 m\u0259s\u0259l\u0259si d\u0259 x\u00fcsusi diqq\u0259td\u0259 saxlan\u0131l\u0131r. Bu istiqam\u0259td\u0259 apar\u0131lan i\u015fl\u0259r s\u00fcr\u0259tl\u0259 icra olunur. S\u00f6z\u00fcged\u0259n n\u00fcmun\u0259d\u0259 Az\u0259rbaycan d\u00f6vl\u0259ti u\u011furla icra etdiyi quruculuq prosesi il\u0259 \u00f6z\u00fcn\u00fcn strateji maraqlar\u0131n\u0131 paralel \u015f\u0259kild\u0259 inki\u015faf etdirir.<\/p>\n<p>M\u0259s\u0259l\u0259n, Z\u0259ng\u0259zur d\u0259hlizinin, h\u0259m\u00e7inin Hac\u0131qabul-Horadiz-A\u011fb\u0259nd-Z\u0259ng\u0259zur d\u0259hlizi magistral avtomobil yolunun bir hiss\u0259si olan Horadiz-C\u0259bray\u0131l-Z\u0259ngilan-A\u011fb\u0259nd avtomobil yolu Z\u0259ngilan\u0131 Az\u0259rbaycan\u0131n dig\u0259r rayonlar\u0131 v\u0259 Nax\u00e7\u0131van Muxtar Respublikas\u0131 il\u0259 birl\u0259\u015fdirm\u0259k bax\u0131m\u0131ndan m\u00fch\u00fcm \u0259h\u0259miyy\u0259t da\u015f\u0131y\u0131r. Bel\u0259likl\u0259, Az\u0259rbaycan d\u00f6vl\u0259ti Prezident \u0130lham \u018fliyevin liderliyind\u0259 h\u0259m infrastruktur layih\u0259l\u0259rini icra edir, h\u0259m d\u0259 bu i\u015fl\u0259ri strateji c\u0259h\u0259td\u0259n b\u00f6y\u00fck \u0259h\u0259miyy\u0259t\u0259 malik planlar \u00e7\u0259r\u00e7iv\u0259sin\u0259 salmaqla \u00f6z maraqlar\u0131n\u0131 v\u0259 bax\u0131\u015flar\u0131n\u0131 a\u00e7\u0131q \u015f\u0259kild\u0259 ortaya qoyur.<\/p>\n<p>May\u0131n 26-da Az\u0259rbaycan Prezidenti \u0130lham \u018fliyev v\u0259 Birinci vitse-prezident Mehriban \u018fliyeva C\u0259bray\u0131l rayonuna s\u0259f\u0259r \u00e7\u0259r\u00e7iv\u0259sind\u0259 Horadiz-A\u011fb\u0259nd d\u0259mir yolu x\u0259ttinin C\u0259bray\u0131l rayonu \u0259razisind\u0259ki Soltanl\u0131 stansiyas\u0131n\u0131n t\u0259m\u0259lqoyma m\u0259rasimind\u0259 i\u015ftirak edibl\u0259r.<\/p>\n<p>Bununla yana\u015f\u0131, d\u00f6vl\u0259t ba\u015f\u00e7\u0131s\u0131n\u0131n i\u015ftirak\u0131 il\u0259 \u201cAz\u0259renerji\u201d ASC-nin 330\/110 kilovoltluq \u201cC\u0259bray\u0131l\u201d enerji qov\u015fa\u011f\u0131n\u0131n t\u0259m\u0259lqoyma m\u0259rasimi d\u0259 ba\u015f tutub.<\/p>\n<p>M\u00fcvafiq add\u0131mlar h\u0259m i\u015f\u011faldan azad edilmi\u015f C\u0259bray\u0131l rayonunun yenid\u0259n qurulmas\u0131nda, h\u0259m d\u0259 regionun inteqrasiya prosesl\u0259rind\u0259 m\u00fch\u00fcm yer tutur. Bel\u0259 ki, \u0259razid\u0259 n\u0259qliyyat-kommunikasiya x\u0259tl\u0259rinin inki\u015faf\u0131 s\u00f6zs\u00fcz ki, g\u0259l\u0259c\u0259kd\u0259 burada iqtisadi inki\u015fafa t\u0259kan ver\u0259c\u0259k ba\u015fl\u0131ca m\u0259qamlardand\u0131r. Qeyd olunan yar\u0131mstansiya is\u0259 beyn\u0259lxalq enerji d\u0259hlizinin yarad\u0131lmas\u0131nda m\u00fch\u00fcm \u0259h\u0259miyy\u0259t da\u015f\u0131y\u0131r.<\/p>\n<p>N\u0259qliyyat-kommunikasiya sah\u0259sind\u0259n b\u0259hs ed\u0259rk\u0259n, s\u00f6zs\u00fcz ki, Prezident \u0130lham \u018fliyev v\u0259 Birinci vitse-prezident Mehriban \u018fliyevan\u0131n Z\u0259ngilan rayonuna s\u0259f\u0259rini x\u00fcsusi vur\u011fulamaq laz\u0131md\u0131r.<\/p>\n<p>Z\u0259ngilan Beyn\u0259lxalq Hava Liman\u0131nda apar\u0131lan i\u015fl\u0259r, eyni zamanda bu layih\u0259nin \u00f6n\u0259mini bir daha vur\u011fulamaq z\u0259rur\u0259ti yarad\u0131b. Bel\u0259 ki, Z\u0259ngilan Beyn\u0259lxalq Hava Liman\u0131 Qaraba\u011f\u0131n m\u00fch\u00fcm n\u0259qliyyat qov\u015fa\u011f\u0131na \u00e7evrilm\u0259sini \u015f\u0259rtl\u0259ndir\u0259n \u0259sas amill\u0259rd\u0259n biri kimi xarakteriz\u0259 olunur, h\u0259m\u00e7inin bu aeroport Z\u0259ng\u0259zur d\u0259hlizinin hava n\u0259qliyyat\u0131 infrastrukturu il\u0259 g\u00fccl\u0259ndirilm\u0259si bax\u0131m\u0131ndan strateji \u0259h\u0259miyy\u0259t\u0259 malikdir.<\/p>\n<p>Eyni zamanda 2021-ci ilin oktyabr\u0131n 26-da Az\u0259rbaycan v\u0259 T\u00fcrkiy\u0259 liderl\u0259rinin i\u015ftirak\u0131 il\u0259 a\u00e7\u0131l\u0131\u015f m\u0259rasimi ke\u00e7irilmi\u015f F\u00fczuli Beyn\u0259lxalq Hava Liman\u0131 kimi olduqca m\u00fch\u00fcm obyektdir. Buradan h\u0259yata ke\u00e7iril\u0259c\u0259k u\u00e7u\u015flar g\u0259l\u0259c\u0259kd\u0259 yaln\u0131z Z\u0259ngilan\u0131n deyil, \u00fcmumilikd\u0259 regionun iqtisadi inki\u015faf\u0131na t\u00f6hf\u0259 ver\u0259c\u0259k.<\/p>\n<p>S\u00f6zs\u00fcz ki, d\u00f6vl\u0259timiz t\u0259r\u0259find\u0259n b\u00f6lg\u0259y\u0259 tarixi kimliyinin qaytar\u0131lmas\u0131 m\u0259s\u0259l\u0259sin\u0259 d\u0259 h\u0259ssas yana\u015fma n\u00fcmayi\u015f etdirilir. Bel\u0259 ki, 30 il\u0259 yax\u0131n i\u015f\u011fal d\u00f6vr\u00fcnd\u0259 erm\u0259ni vandalizmi regiondan Az\u0259rbaycan izl\u0259rini silm\u0259y\u0259, m\u0259d\u0259ni, tarixi v\u0259 dini abid\u0259l\u0259rimizi m\u0259hv etm\u0259y\u0259 \u00e7al\u0131\u015f\u0131b.<\/p>\n<p>Odur ki, i\u015f\u011fala son qoyduqdan sonra b\u00fct\u00fcn bu m\u0259qamlar\u0131n aradan qald\u0131r\u0131lmas\u0131 da Prezidentin diqq\u0259tind\u0259 duran m\u0259s\u0259l\u0259l\u0259rd\u0259ndir. El\u0259 Z\u0259ngilan\u0131n tarixi kimliyinin qaytar\u0131lmas\u0131 bax\u0131m\u0131ndan b\u0259rpas\u0131n\u0131n t\u0259m\u0259l da\u015f\u0131 Prezident \u0130lham \u018fliyevin i\u015ftirak\u0131 il\u0259 \u00f6t\u0259n il aprelin 26-da qoyulan Z\u0259ngilan m\u0259scidind\u0259 g\u00f6r\u00fcl\u0259n i\u015fl\u0259r d\u0259 \u0259h\u0259miyy\u0259tlidir. Prezident \u0130lham \u018fliyev \u00f6t\u0259n g\u00fcn Z\u0259ngilan s\u0259f\u0259rind\u0259 bu i\u015fl\u0259ri d\u0259 diqq\u0259tind\u0259n k\u0259nar qoymayaraq g\u00f6r\u00fcl\u0259n i\u015fl\u0259rl\u0259 tan\u0131\u015f olub.<\/p>\n<p>Onu da vur\u011fulayaq ki, i\u015f\u011faldan azad olunmu\u015f \u0259razil\u0259rd\u0259 milli-m\u0259d\u0259ni v\u0259 tarixi irsimizin b\u0259rpas\u0131 il\u0259 ba\u011fl\u0131 g\u00f6r\u00fcl\u0259n i\u015fl\u0259r, h\u0259m h\u0259min \u0259razil\u0259rd\u0259, h\u0259m d\u0259 \u00fcmumilikd\u0259 \u00f6lk\u0259d\u0259 tarixi abid\u0259l\u0259rin, dini m\u0259b\u0259dl\u0259rin v\u0259 s. b\u0259rpas\u0131nda Heyd\u0259r \u018fliyev Fondunun rolu dan\u0131lmazd\u0131r. Heyd\u0259r \u018fliyev Fondu m\u0259hz Az\u0259rbaycan xalq\u0131 \u00fc\u00e7\u00fcn b\u00f6y\u00fck \u0259h\u0259miyy\u0259ti olan bu missiyan\u0131 uzun ill\u0259rdir u\u011furla icra edir.<\/p>\n<p>Prezidentin Z\u0259ngilan s\u0259f\u0259ri il\u0259 ba\u011fl\u0131 qeyd olunmal\u0131 x\u00fcsusi bir m\u0259qam da var ki, o da Z\u0259ngilan rayonunda \u0130\u015f\u011fal v\u0259 Z\u0259f\u0259r muzeyl\u0259ri kompleksinin t\u0259m\u0259lqoyma m\u0259rasimidir. Bununla Az\u0259rbaycan d\u00f6vl\u0259ti \u00f6z tarixi Z\u0259f\u0259rini \u0259b\u0259dil\u0259\u015fdirm\u0259kl\u0259 yana\u015f\u0131, h\u0259m d\u0259 44 g\u00fcnl\u00fck m\u00fcharib\u0259d\u0259 son qoydu\u011fu i\u015f\u011fal\u0131n d\u0259h\u015f\u0259tl\u0259rini d\u0259 unutdurmayaca\u011f\u0131n\u0131, erm\u0259ni vandalizminin if\u015fas\u0131n\u0131n h\u0259r zaman g\u00fcnd\u0259md\u0259 qalaca\u011f\u0131n\u0131 g\u00f6st\u0259rir.<\/p>\n<p>Az\u0259rbaycan lideri \u0130lham \u018fliyev v\u0259 Birinci vitse-prezident Mehriban \u018fliyeva s\u0259f\u0259r \u00e7\u0259r\u00e7iv\u0259sind\u0259 h\u0259m\u00e7inin \u015f\u0259h\u0259rin Ba\u015f plan\u0131 il\u0259 d\u0259 tan\u0131\u015f olublar. T\u0259qdim olunan plan onu g\u00f6st\u0259rir ki, Z\u0259ngilan \u015f\u0259h\u0259ri beyn\u0259lxalq \u0259h\u0259miyy\u0259tli Z\u0259ng\u0259zur n\u0259qliyyat d\u0259hlizi il\u0259 s\u0131x \u0259laq\u0259l\u0259ri olan strateji \u0259h\u0259miyy\u0259tli ya\u015fay\u0131\u015f m\u0259nt\u0259q\u0259si kimi s\u00fcr\u0259tl\u0259 inki\u015faf ed\u0259c\u0259k. Burada sal\u0131nacaq \u0259n m\u00fcasir ya\u015fay\u0131\u015f m\u0259nt\u0259q\u0259l\u0259ri, icra olunacaq infrastruktur layih\u0259l\u0259ri b\u00f6lg\u0259y\u0259 dinc h\u0259yat\u0131 qaytarmaqla yana\u015f\u0131, h\u0259m d\u0259 iqtisadi inki\u015fafa da t\u0259kan ver\u0259c\u0259k.<\/p>\n","protected":false},"excerpt":{"rendered":"<p>Az\u0259rbaycan d\u00f6vl\u0259tinin 44 g\u00fcnl\u00fck m\u00fcharib\u0259d\u0259n sonra qar\u015f\u0131s\u0131na qoydu\u011fu prioritet m\u0259s\u0259l\u0259l\u0259r s\u0131ras\u0131nda i\u015f\u011faldan azad edilmi\u015f \u0259razil\u0259rimizin s\u00fcr\u0259tli b\u0259rpas\u0131, h\u0259min \u0259razil\u0259r\u0259 tarixi kimliyinin qaytar\u0131lmas\u0131, \u0259n \u0259sas\u0131 is\u0259 uzun ill\u0259r do\u011fma yurdlar\u0131ndan zorla did\u0259rgin sal\u0131nm\u0131\u015f insanlar\u0131n \u00f6z evl\u0259rin\u0259 qay\u0131daraq burada rifah i\u00e7ind\u0259 ya\u015famas\u0131n\u0131 t\u0259min etm\u0259k dayan\u0131r. S\u00f6z\u00fcged\u0259n m\u0259s\u0259l\u0259l\u0259r d\u00f6vl\u0259t ba\u015f\u00e7\u0131s\u0131 Prezident\u00a0\u0130lham \u018fliyev\u00a0t\u0259r\u0259find\u0259n daim diqq\u0259t m\u0259rk\u0259zind\u0259 saxlan\u0131l\u0131r. Az\u0259rbaycan Prezidenti \u0130lham \u018fliyev v\u0259 Birinci vitse-prezident Mehriban \u018fliyevan\u0131n s\u00f6z\u00fcged\u0259n \u0259razil\u0259rd\u0259 apar\u0131lan i\u015fl\u0259ri n\u0259zar\u0259td\u0259 saxlamalar\u0131, h\u0259r zaman \u015f\u0259xs\u0259n yerind\u0259c\u0259 i\u015fl\u0259rin gedi\u015fat\u0131 il\u0259 tan\u0131\u015f olmalar\u0131 d\u00f6vl\u0259tin bu m\u0259s\u0259l\u0259d\u0259 h\u0259ssasl\u0131\u011f\u0131n\u0131 ortaya qoyur. El\u0259 \u00f6t\u0259n g\u00fcn d\u00f6vl\u0259t ba\u015f\u00e7\u0131s\u0131 \u0130lham \u018fliyev&hellip;<\/p>\n","protected":false},"author":2,"featured_media":479714,"comment_status":"closed","ping_status":"closed","sticky":false,"template":"","format":"standard","meta":{"om_disable_all_campaigns":false,"_monsterinsights_skip_tracking":false,"_monsterinsights_sitenote_active":false,"_monsterinsights_sitenote_note":"","_monsterinsights_sitenote_category":0},"categories":[4],"tags":[],"aioseo_notices":[],"gutentor_comment":0,"rttpg_featured_image_url":{"full":["https:\/\/arantv.az\/wp-content\/uploads\/2022\/05\/FotoJet-2022-05-27T145702.366.jpg",620,413,false],"landscape":["https:\/\/arantv.az\/wp-content\/uploads\/2022\/05\/FotoJet-2022-05-27T145702.366.jpg",620,413,false],"portraits":["https:\/\/arantv.az\/wp-content\/uploads\/2022\/05\/FotoJet-2022-05-27T145702.366.jpg",620,413,false],"thumbnail":["https:\/\/arantv.az\/wp-content\/uploads\/2022\/05\/FotoJet-2022-05-27T145702.366-500x280.jpg",500,280,true],"medium":["https:\/\/arantv.az\/wp-content\/uploads\/2022\/05\/FotoJet-2022-05-27T145702.366-548x365.jpg",548,365,true],"large":["https:\/\/arantv.az\/wp-content\/uploads\/2022\/05\/FotoJet-2022-05-27T145702.366.jpg",620,413,false],"1536x1536":["https:\/\/arantv.az\/wp-content\/uploads\/2022\/05\/FotoJet-2022-05-27T145702.366.jpg",620,413,false],"2048x2048":["https:\/\/arantv.az\/wp-content\/uploads\/2022\/05\/FotoJet-2022-05-27T145702.366.jpg",620,413,false],"post-thumbnail":["https:\/\/arantv.az\/wp-content\/uploads\/2022\/05\/FotoJet-2022-05-27T145702.366-240x172.jpg",240,172,true],"advps-thumb-one":["https:\/\/arantv.az\/wp-content\/uploads\/2022\/05\/FotoJet-2022-05-27T145702.366.jpg",620,413,false]},"rttpg_author":{"display_name":"V\u00fcsal Rafiqo\u011flu","author_link":"https:\/\/arantv.az\/?author=2"},"rttpg_comment":0,"rttpg_category":"<a href=\"https:\/\/arantv.az\/?cat=4\" rel=\"category\">Siyas\u0259t<\/a>","rttpg_excerpt":"Az\u0259rbaycan d\u00f6vl\u0259tinin 44 g\u00fcnl\u00fck m\u00fcharib\u0259d\u0259n sonra qar\u015f\u0131s\u0131na qoydu\u011fu prioritet m\u0259s\u0259l\u0259l\u0259r s\u0131ras\u0131nda i\u015f\u011faldan azad edilmi\u015f \u0259razil\u0259rimizin s\u00fcr\u0259tli b\u0259rpas\u0131, h\u0259min \u0259razil\u0259r\u0259 tarixi kimliyinin qaytar\u0131lmas\u0131, \u0259n \u0259sas\u0131 is\u0259 uzun ill\u0259r do\u011fma yurdlar\u0131ndan zorla did\u0259rgin sal\u0131nm\u0131\u015f insanlar\u0131n \u00f6z evl\u0259rin\u0259 qay\u0131daraq burada rifah i\u00e7ind\u0259 ya\u015famas\u0131n\u0131 t\u0259min etm\u0259k dayan\u0131r. S\u00f6z\u00fcged\u0259n m\u0259s\u0259l\u0259l\u0259r d\u00f6vl\u0259t ba\u015f\u00e7\u0131s\u0131 Prezident\u00a0\u0130lham \u018fliyev\u00a0t\u0259r\u0259find\u0259n daim diqq\u0259t m\u0259rk\u0259zind\u0259 saxlan\u0131l\u0131r. Az\u0259rbaycan Prezidenti&hellip;","_links":{"self":[{"href":"https:\/\/arantv.az\/index.php?rest_route=\/wp\/v2\/posts\/479713"}],"collection":[{"href":"https:\/\/arantv.az\/index.php?rest_route=\/wp\/v2\/posts"}],"about":[{"href":"https:\/\/arantv.az\/index.php?rest_route=\/wp\/v2\/types\/post"}],"author":[{"embeddable":true,"href":"https:\/\/arantv.az\/index.php?rest_route=\/wp\/v2\/users\/2"}],"replies":[{"embeddable":true,"href":"https:\/\/arantv.az\/index.php?rest_route=%2Fwp%2Fv2%2Fcomments&post=479713"}],"version-history":[{"count":0,"href":"https:\/\/arantv.az\/index.php?rest_route=\/wp\/v2\/posts\/479713\/revisions"}],"wp:featuredmedia":[{"embeddable":true,"href":"https:\/\/arantv.az\/index.php?rest_route=\/wp\/v2\/media\/479714"}],"wp:attachment":[{"href":"https:\/\/arantv.az\/index.php?rest_route=%2Fwp%2Fv2%2Fmedia&parent=479713"}],"wp:term":[{"taxonomy":"category","embeddable":true,"href":"https:\/\/arantv.az\/index.php?rest_route=%2Fwp%2Fv2%2Fcategories&post=479713"},{"taxonomy":"post_tag","embeddable":true,"href":"https:\/\/arantv.az\/index.php?rest_route=%2Fwp%2Fv2%2Ftags&post=479713"}],"curies":[{"name":"wp","href":"https:\/\/api.w.org\/{rel}","templated":true}]}}