{"id":480321,"date":"2022-05-28T20:10:36","date_gmt":"2022-05-28T17:10:36","guid":{"rendered":"https:\/\/arantv.az\/?p=480321"},"modified":"2022-05-28T20:10:36","modified_gmt":"2022-05-28T17:10:36","slug":"fuzulid%c9%99-t%c9%99s%c9%99rrufat-f%c9%99aliyy%c9%99ti-il%c9%99-m%c9%99sgul-olan-s%c9%99xs-minaya-dusub","status":"publish","type":"post","link":"https:\/\/arantv.az\/?p=480321","title":{"rendered":"F\u00fczulid\u0259 t\u0259s\u0259rr\u00fcfat f\u0259aliyy\u0259ti il\u0259 m\u0259\u015f\u011ful olan \u015f\u0259xs minaya d\u00fc\u015f\u00fcb"},"content":{"rendered":"<p>May\u0131n 28-si saat 18 rad\u0259l\u0259rind\u0259 F\u00fczuli rayonunun i\u015f\u011faldan azad olunmu\u015f \u0259razisind\u0259 1999-cu il t\u0259v\u0259ll\u00fcdl\u00fc X\u0259yal Abdullayevin \u00e7oxsayl\u0131 q\u0259lp\u0259 yaras\u0131 almas\u0131 bar\u0259d\u0259 rayon prokurorlu\u011funa m\u0259lumat daxil olub.<\/p>\n<p><strong>ARANTV.AZ<\/strong> x\u0259b\u0259r verir ki, bu bar\u0259d\u0259 F\u00fczuli rayon prokurorlu\u011fu m\u0259lumat yay\u0131b.<\/p>\n<p>Apar\u0131lm\u0131\u015f ara\u015fd\u0131rmalarla k\u0259nd t\u0259s\u0259rr\u00fcfat\u0131 f\u0259aliyy\u0259ti il\u0259 m\u0259\u015f\u011ful olan X\u0259yal Abdullayevin rayonun Goraz\u0131ll\u0131 k\u0259ndi \u0259razisind\u0259 minaya d\u00fc\u015fm\u0259si n\u0259tic\u0259sind\u0259 x\u0259sar\u0259tl\u0259r almas\u0131 m\u00fc\u0259yy\u0259n edilib.<\/p>\n<p>Haz\u0131rda faktla ba\u011fl\u0131 F\u00fczuli rayon prokurorlu\u011funda ara\u015fd\u0131rma apar\u0131l\u0131r.<\/p>\n","protected":false},"excerpt":{"rendered":"<p>May\u0131n 28-si saat 18 rad\u0259l\u0259rind\u0259 F\u00fczuli rayonunun i\u015f\u011faldan azad olunmu\u015f \u0259razisind\u0259 1999-cu il t\u0259v\u0259ll\u00fcdl\u00fc X\u0259yal Abdullayevin \u00e7oxsayl\u0131 q\u0259lp\u0259 yaras\u0131 almas\u0131 bar\u0259d\u0259 rayon prokurorlu\u011funa m\u0259lumat daxil olub. ARANTV.AZ x\u0259b\u0259r verir ki, bu bar\u0259d\u0259 F\u00fczuli rayon prokurorlu\u011fu m\u0259lumat yay\u0131b. Apar\u0131lm\u0131\u015f ara\u015fd\u0131rmalarla k\u0259nd t\u0259s\u0259rr\u00fcfat\u0131 f\u0259aliyy\u0259ti il\u0259 m\u0259\u015f\u011ful olan X\u0259yal Abdullayevin rayonun Goraz\u0131ll\u0131 k\u0259ndi \u0259razisind\u0259 minaya d\u00fc\u015fm\u0259si n\u0259tic\u0259sind\u0259 x\u0259sar\u0259tl\u0259r almas\u0131 m\u00fc\u0259yy\u0259n edilib. Haz\u0131rda faktla ba\u011fl\u0131 F\u00fczuli rayon prokurorlu\u011funda ara\u015fd\u0131rma apar\u0131l\u0131r.<\/p>\n","protected":false},"author":2,"featured_media":480323,"comment_status":"closed","ping_status":"closed","sticky":false,"template":"","format":"standard","meta":{"om_disable_all_campaigns":false,"_monsterinsights_skip_tracking":false,"_monsterinsights_sitenote_active":false,"_monsterinsights_sitenote_note":"","_monsterinsights_sitenote_category":0},"categories":[5],"tags":[],"aioseo_notices":[],"gutentor_comment":0,"rttpg_featured_image_url":{"full":["https:\/\/arantv.az\/wp-content\/uploads\/2022\/05\/fbaafc6e162634587523504985410798889.jpg",975,540,false],"landscape":["https:\/\/arantv.az\/wp-content\/uploads\/2022\/05\/fbaafc6e162634587523504985410798889.jpg",975,540,false],"portraits":["https:\/\/arantv.az\/wp-content\/uploads\/2022\/05\/fbaafc6e162634587523504985410798889.jpg",975,540,false],"thumbnail":["https:\/\/arantv.az\/wp-content\/uploads\/2022\/05\/fbaafc6e162634587523504985410798889-500x280.jpg",500,280,true],"medium":["https:\/\/arantv.az\/wp-content\/uploads\/2022\/05\/fbaafc6e162634587523504985410798889-660x365.jpg",660,365,true],"large":["https:\/\/arantv.az\/wp-content\/uploads\/2022\/05\/fbaafc6e162634587523504985410798889-840x465.jpg",640,354,true],"1536x1536":["https:\/\/arantv.az\/wp-content\/uploads\/2022\/05\/fbaafc6e162634587523504985410798889.jpg",975,540,false],"2048x2048":["https:\/\/arantv.az\/wp-content\/uploads\/2022\/05\/fbaafc6e162634587523504985410798889.jpg",975,540,false],"post-thumbnail":["https:\/\/arantv.az\/wp-content\/uploads\/2022\/05\/fbaafc6e162634587523504985410798889-240x172.jpg",240,172,true],"advps-thumb-one":["https:\/\/arantv.az\/wp-content\/uploads\/2022\/05\/fbaafc6e162634587523504985410798889.jpg",975,540,false]},"rttpg_author":{"display_name":"V\u00fcsal Rafiqo\u011flu","author_link":"https:\/\/arantv.az\/?author=2"},"rttpg_comment":0,"rttpg_category":"<a href=\"https:\/\/arantv.az\/?cat=5\" rel=\"category\">Hadis\u0259<\/a>","rttpg_excerpt":"May\u0131n 28-si saat 18 rad\u0259l\u0259rind\u0259 F\u00fczuli rayonunun i\u015f\u011faldan azad olunmu\u015f \u0259razisind\u0259 1999-cu il t\u0259v\u0259ll\u00fcdl\u00fc X\u0259yal Abdullayevin \u00e7oxsayl\u0131 q\u0259lp\u0259 yaras\u0131 almas\u0131 bar\u0259d\u0259 rayon prokurorlu\u011funa m\u0259lumat daxil olub. ARANTV.AZ x\u0259b\u0259r verir ki, bu bar\u0259d\u0259 F\u00fczuli rayon prokurorlu\u011fu m\u0259lumat yay\u0131b. Apar\u0131lm\u0131\u015f ara\u015fd\u0131rmalarla k\u0259nd t\u0259s\u0259rr\u00fcfat\u0131 f\u0259aliyy\u0259ti il\u0259 m\u0259\u015f\u011ful olan X\u0259yal Abdullayevin rayonun Goraz\u0131ll\u0131 k\u0259ndi \u0259razisind\u0259 minaya d\u00fc\u015fm\u0259si n\u0259tic\u0259sind\u0259 x\u0259sar\u0259tl\u0259r&hellip;","_links":{"self":[{"href":"https:\/\/arantv.az\/index.php?rest_route=\/wp\/v2\/posts\/480321"}],"collection":[{"href":"https:\/\/arantv.az\/index.php?rest_route=\/wp\/v2\/posts"}],"about":[{"href":"https:\/\/arantv.az\/index.php?rest_route=\/wp\/v2\/types\/post"}],"author":[{"embeddable":true,"href":"https:\/\/arantv.az\/index.php?rest_route=\/wp\/v2\/users\/2"}],"replies":[{"embeddable":true,"href":"https:\/\/arantv.az\/index.php?rest_route=%2Fwp%2Fv2%2Fcomments&post=480321"}],"version-history":[{"count":0,"href":"https:\/\/arantv.az\/index.php?rest_route=\/wp\/v2\/posts\/480321\/revisions"}],"wp:featuredmedia":[{"embeddable":true,"href":"https:\/\/arantv.az\/index.php?rest_route=\/wp\/v2\/media\/480323"}],"wp:attachment":[{"href":"https:\/\/arantv.az\/index.php?rest_route=%2Fwp%2Fv2%2Fmedia&parent=480321"}],"wp:term":[{"taxonomy":"category","embeddable":true,"href":"https:\/\/arantv.az\/index.php?rest_route=%2Fwp%2Fv2%2Fcategories&post=480321"},{"taxonomy":"post_tag","embeddable":true,"href":"https:\/\/arantv.az\/index.php?rest_route=%2Fwp%2Fv2%2Ftags&post=480321"}],"curies":[{"name":"wp","href":"https:\/\/api.w.org\/{rel}","templated":true}]}}