{"id":480340,"date":"2022-05-28T20:18:16","date_gmt":"2022-05-28T17:18:16","guid":{"rendered":"https:\/\/arantv.az\/?p=480340"},"modified":"2022-05-28T20:18:16","modified_gmt":"2022-05-28T17:18:16","slug":"iranin-bitib-tuk%c9%99nm%c9%99y%c9%99n-musib%c9%99tl%c9%99ri-cok%c9%99n-bina-v%c9%99-cokm%c9%99kd%c9%99-olan-rejim-video","status":"publish","type":"post","link":"https:\/\/arantv.az\/?p=480340","title":{"rendered":"\u0130ran\u0131n bitib-t\u00fck\u0259nm\u0259y\u0259n M\u00dcS\u0130B\u018fTL\u018fR\u0130: \u00c7\u00f6k\u0259n bina v\u0259 \u00e7\u00f6km\u0259kd\u0259 olan rejim &#8211; V\u0130DEO"},"content":{"rendered":"<article class=\"news\">\n<div class=\"news-inner\">\n<p>\u0130ran \u0259halisinin m\u00fcsib\u0259tl\u0259ri bitib-t\u00fck\u0259nm\u0259k bilmir.<\/p>\n<p>Bu bar\u0259d\u0259 \u201cAzad \u0130ran\u201d \u201cYouTube\u201d kanal\u0131 m\u0259lumat verib.<\/p>\n<div class=\"AdviadNativeVideo\"><\/div>\n<p>\u00d6lk\u0259d\u0259 bahal\u0131\u011f\u0131n, \u0259rzaq q\u0131tl\u0131\u011f\u0131n\u0131n, i\u015fsizlik v\u0259 yoxsullu\u011fun t\u00fc\u011fyan etdiyi v\u0259 v\u0259t\u0259nda\u015flar\u0131n haql\u0131 etirazlar\u0131n\u0131n hakimiyy\u0259t t\u0259r\u0259find\u0259n top-t\u00fcf\u0259ngl\u0259 qar\u015f\u0131land\u0131\u011f\u0131 bir \u015f\u0259raitd\u0259 daha bir d\u0259h\u015f\u0259tli hadis\u0259 insanlar\u0131n \u0259s\u0259bl\u0259rini tar\u0131ma \u00e7\u0259kdi.<\/p>\n<p>Bel\u0259 ki, may\u0131n 23-d\u0259 saat 12.30 rad\u0259l\u0259rind\u0259 \u0130ran\u0131n c\u0259nubunda \u0259sas\u0259n etnik \u0259r\u0259bl\u0259rin ya\u015fad\u0131\u011f\u0131 Xuzistan \u0259yal\u0259tind\u0259ki Abadan \u015f\u0259h\u0259rind\u0259 yeni tikilmi\u015f on m\u0259rt\u0259b\u0259li \u201cMetropol\u201d adl\u0131 bina, nec\u0259 dey\u0259rl\u0259r, durdu\u011fu yerd\u0259 \u00e7\u00f6kd\u00fc v\u0259 onlarla insan\u0131n \u00f6l\u00fcm\u00fcn\u0259 v\u0259 yaralanmas\u0131na s\u0259b\u0259b oldu.<\/p>\n<p>Daha \u0259trafl\u0131 sujetd\u0259:<\/p>\n<p><iframe loading=\"lazy\" title=\"YouTube video player\" src=\"https:\/\/www.youtube.com\/embed\/qM5pym34yFk\" width=\"560\" height=\"315\" frameborder=\"0\" allowfullscreen=\"allowfullscreen\" data-mce-fragment=\"1\"><\/iframe><\/p>\n<\/div>\n<\/article>\n","protected":false},"excerpt":{"rendered":"<p>\u0130ran \u0259halisinin m\u00fcsib\u0259tl\u0259ri bitib-t\u00fck\u0259nm\u0259k bilmir. Bu bar\u0259d\u0259 \u201cAzad \u0130ran\u201d \u201cYouTube\u201d kanal\u0131 m\u0259lumat verib. \u00d6lk\u0259d\u0259 bahal\u0131\u011f\u0131n, \u0259rzaq q\u0131tl\u0131\u011f\u0131n\u0131n, i\u015fsizlik v\u0259 yoxsullu\u011fun t\u00fc\u011fyan etdiyi v\u0259 v\u0259t\u0259nda\u015flar\u0131n haql\u0131 etirazlar\u0131n\u0131n hakimiyy\u0259t t\u0259r\u0259find\u0259n top-t\u00fcf\u0259ngl\u0259 qar\u015f\u0131land\u0131\u011f\u0131 bir \u015f\u0259raitd\u0259 daha bir d\u0259h\u015f\u0259tli hadis\u0259 insanlar\u0131n \u0259s\u0259bl\u0259rini tar\u0131ma \u00e7\u0259kdi. Bel\u0259 ki, may\u0131n 23-d\u0259 saat 12.30 rad\u0259l\u0259rind\u0259 \u0130ran\u0131n c\u0259nubunda \u0259sas\u0259n etnik \u0259r\u0259bl\u0259rin ya\u015fad\u0131\u011f\u0131 Xuzistan \u0259yal\u0259tind\u0259ki Abadan \u015f\u0259h\u0259rind\u0259 yeni tikilmi\u015f on m\u0259rt\u0259b\u0259li \u201cMetropol\u201d adl\u0131 bina, nec\u0259 dey\u0259rl\u0259r, durdu\u011fu yerd\u0259 \u00e7\u00f6kd\u00fc v\u0259 onlarla insan\u0131n \u00f6l\u00fcm\u00fcn\u0259 v\u0259 yaralanmas\u0131na s\u0259b\u0259b oldu. Daha \u0259trafl\u0131 sujetd\u0259:<\/p>\n","protected":false},"author":2,"featured_media":480341,"comment_status":"closed","ping_status":"closed","sticky":false,"template":"","format":"standard","meta":{"om_disable_all_campaigns":false,"_monsterinsights_skip_tracking":false,"_monsterinsights_sitenote_active":false,"_monsterinsights_sitenote_note":"","_monsterinsights_sitenote_category":0},"categories":[7],"tags":[],"aioseo_notices":[],"gutentor_comment":0,"rttpg_featured_image_url":{"full":["https:\/\/arantv.az\/wp-content\/uploads\/2022\/05\/foro-3.jpg",620,413,false],"landscape":["https:\/\/arantv.az\/wp-content\/uploads\/2022\/05\/foro-3.jpg",620,413,false],"portraits":["https:\/\/arantv.az\/wp-content\/uploads\/2022\/05\/foro-3.jpg",620,413,false],"thumbnail":["https:\/\/arantv.az\/wp-content\/uploads\/2022\/05\/foro-3-500x280.jpg",500,280,true],"medium":["https:\/\/arantv.az\/wp-content\/uploads\/2022\/05\/foro-3-548x365.jpg",548,365,true],"large":["https:\/\/arantv.az\/wp-content\/uploads\/2022\/05\/foro-3.jpg",620,413,false],"1536x1536":["https:\/\/arantv.az\/wp-content\/uploads\/2022\/05\/foro-3.jpg",620,413,false],"2048x2048":["https:\/\/arantv.az\/wp-content\/uploads\/2022\/05\/foro-3.jpg",620,413,false],"post-thumbnail":["https:\/\/arantv.az\/wp-content\/uploads\/2022\/05\/foro-3-240x172.jpg",240,172,true],"advps-thumb-one":["https:\/\/arantv.az\/wp-content\/uploads\/2022\/05\/foro-3.jpg",620,413,false]},"rttpg_author":{"display_name":"V\u00fcsal Rafiqo\u011flu","author_link":"https:\/\/arantv.az\/?author=2"},"rttpg_comment":0,"rttpg_category":"<a href=\"https:\/\/arantv.az\/?cat=7\" rel=\"category\">D\u00fcnya<\/a>","rttpg_excerpt":"\u0130ran \u0259halisinin m\u00fcsib\u0259tl\u0259ri bitib-t\u00fck\u0259nm\u0259k bilmir. Bu bar\u0259d\u0259 \u201cAzad \u0130ran\u201d \u201cYouTube\u201d kanal\u0131 m\u0259lumat verib. \u00d6lk\u0259d\u0259 bahal\u0131\u011f\u0131n, \u0259rzaq q\u0131tl\u0131\u011f\u0131n\u0131n, i\u015fsizlik v\u0259 yoxsullu\u011fun t\u00fc\u011fyan etdiyi v\u0259 v\u0259t\u0259nda\u015flar\u0131n haql\u0131 etirazlar\u0131n\u0131n hakimiyy\u0259t t\u0259r\u0259find\u0259n top-t\u00fcf\u0259ngl\u0259 qar\u015f\u0131land\u0131\u011f\u0131 bir \u015f\u0259raitd\u0259 daha bir d\u0259h\u015f\u0259tli hadis\u0259 insanlar\u0131n \u0259s\u0259bl\u0259rini tar\u0131ma \u00e7\u0259kdi. Bel\u0259 ki, may\u0131n 23-d\u0259 saat 12.30 rad\u0259l\u0259rind\u0259 \u0130ran\u0131n c\u0259nubunda \u0259sas\u0259n etnik \u0259r\u0259bl\u0259rin ya\u015fad\u0131\u011f\u0131 Xuzistan \u0259yal\u0259tind\u0259ki&hellip;","_links":{"self":[{"href":"https:\/\/arantv.az\/index.php?rest_route=\/wp\/v2\/posts\/480340"}],"collection":[{"href":"https:\/\/arantv.az\/index.php?rest_route=\/wp\/v2\/posts"}],"about":[{"href":"https:\/\/arantv.az\/index.php?rest_route=\/wp\/v2\/types\/post"}],"author":[{"embeddable":true,"href":"https:\/\/arantv.az\/index.php?rest_route=\/wp\/v2\/users\/2"}],"replies":[{"embeddable":true,"href":"https:\/\/arantv.az\/index.php?rest_route=%2Fwp%2Fv2%2Fcomments&post=480340"}],"version-history":[{"count":0,"href":"https:\/\/arantv.az\/index.php?rest_route=\/wp\/v2\/posts\/480340\/revisions"}],"wp:featuredmedia":[{"embeddable":true,"href":"https:\/\/arantv.az\/index.php?rest_route=\/wp\/v2\/media\/480341"}],"wp:attachment":[{"href":"https:\/\/arantv.az\/index.php?rest_route=%2Fwp%2Fv2%2Fmedia&parent=480340"}],"wp:term":[{"taxonomy":"category","embeddable":true,"href":"https:\/\/arantv.az\/index.php?rest_route=%2Fwp%2Fv2%2Fcategories&post=480340"},{"taxonomy":"post_tag","embeddable":true,"href":"https:\/\/arantv.az\/index.php?rest_route=%2Fwp%2Fv2%2Ftags&post=480340"}],"curies":[{"name":"wp","href":"https:\/\/api.w.org\/{rel}","templated":true}]}}