{"id":480343,"date":"2022-05-28T20:19:10","date_gmt":"2022-05-28T17:19:10","guid":{"rendered":"https:\/\/arantv.az\/?p=480343"},"modified":"2022-05-28T20:19:10","modified_gmt":"2022-05-28T17:19:10","slug":"az%c9%99rbaycan-v%c9%99-turkiy%c9%99-prezidentl%c9%99rinin-gorusu-olub","status":"publish","type":"post","link":"https:\/\/arantv.az\/?p=480343","title":{"rendered":"Az\u0259rbaycan v\u0259 T\u00fcrkiy\u0259 prezidentl\u0259rinin g\u00f6r\u00fc\u015f\u00fc olub"},"content":{"rendered":"<p>May\u0131n 28-d\u0259 Az\u0259rbaycan Respublikas\u0131n\u0131n Prezidenti \u0130lham \u018fliyevin v\u0259 T\u00fcrkiy\u0259 Respublikas\u0131n\u0131n Prezidenti R\u0259c\u0259b Tayyib \u018frdo\u011fan\u0131n g\u00f6r\u00fc\u015f\u00fc olub.<\/p>\n<p>AZ\u018fRTAC\u00a0x\u0259b\u0259r verir ki, g\u00f6r\u00fc\u015fd\u0259 Az\u0259rbaycan-T\u00fcrkiy\u0259 ikit\u0259r\u0259fli dostluq v\u0259 qarda\u015fl\u0131q m\u00fcnasib\u0259tl\u0259rinin b\u00fct\u00fcn sah\u0259l\u0259rd\u0259 u\u011furla inki\u015faf etdiyi vur\u011fulan\u0131b. T\u00fcrkiy\u0259 Prezidenti R\u0259c\u0259b Tayyib \u018frdo\u011fan\u0131n Az\u0259rbaycana s\u0259f\u0259rinin \u0259laq\u0259l\u0259rimizin daha da m\u00f6hk\u0259ml\u0259nm\u0259si i\u015fin\u0259 t\u00f6hf\u0259 ver\u0259c\u0259yin\u0259 \u0259minlik ifad\u0259 olunub.<\/p>\n<div class=\"AdviadNativeVideo\"><\/div>\n<p>S\u00f6hb\u0259t zaman\u0131 28 May \u2013 M\u00fcst\u0259qillik G\u00fcn\u00fcnd\u0259 Az\u0259rbaycan v\u0259 T\u00fcrkiy\u0259 d\u00f6vl\u0259t ba\u015f\u00e7\u0131lar\u0131n\u0131n bir yerd\u0259 olmas\u0131 qarda\u015fl\u0131\u011f\u0131m\u0131z\u0131n r\u0259mzi kimi qiym\u0259tl\u0259ndirilib.<\/p>\n<p>D\u00f6vl\u0259t ba\u015f\u00e7\u0131lar\u0131 Bak\u0131da ke\u00e7iril\u0259n \u201cTEKNOFEST Az\u0259rbaycan\u201d festival\u0131n\u0131n \u00f6n\u0259mini qeyd etdil\u0259r v\u0259 bu t\u0259dbiri y\u00fcks\u0259k s\u0259viyy\u0259d\u0259 olan \u0259laq\u0259l\u0259rimizin yax\u015f\u0131 g\u00f6st\u0259ricisi kimi d\u0259y\u0259rl\u0259ndiribl\u0259r.<\/p>\n<p>G\u00f6r\u00fc\u015fd\u0259 \u0259m\u0259kda\u015fl\u0131\u011f\u0131m\u0131z\u0131n bundan sonra da geni\u015fl\u0259n\u0259c\u0259yi qeyd olundu, ikit\u0259r\u0259fli m\u00fcnasib\u0259tl\u0259rin perspektivl\u0259ri il\u0259 ba\u011fl\u0131 m\u0259s\u0259l\u0259l\u0259r m\u00fczakir\u0259 edilib.<\/p>\n<p>Sonra Az\u0259rbaycan Respublikas\u0131n\u0131n Prezidenti \u0130lham \u018fliyev v\u0259 birinci xan\u0131m Mehriban \u018fliyevan\u0131n T\u00fcrkiy\u0259 Respublikas\u0131n\u0131n Prezidenti R\u0259c\u0259b Tayyib \u018frdo\u011fan v\u0259 xan\u0131m\u0131 \u018fmin\u0259 \u018frdo\u011fan il\u0259 nahar yem\u0259yi olub.<\/p>\n","protected":false},"excerpt":{"rendered":"<p>May\u0131n 28-d\u0259 Az\u0259rbaycan Respublikas\u0131n\u0131n Prezidenti \u0130lham \u018fliyevin v\u0259 T\u00fcrkiy\u0259 Respublikas\u0131n\u0131n Prezidenti R\u0259c\u0259b Tayyib \u018frdo\u011fan\u0131n g\u00f6r\u00fc\u015f\u00fc olub. AZ\u018fRTAC\u00a0x\u0259b\u0259r verir ki, g\u00f6r\u00fc\u015fd\u0259 Az\u0259rbaycan-T\u00fcrkiy\u0259 ikit\u0259r\u0259fli dostluq v\u0259 qarda\u015fl\u0131q m\u00fcnasib\u0259tl\u0259rinin b\u00fct\u00fcn sah\u0259l\u0259rd\u0259 u\u011furla inki\u015faf etdiyi vur\u011fulan\u0131b. T\u00fcrkiy\u0259 Prezidenti R\u0259c\u0259b Tayyib \u018frdo\u011fan\u0131n Az\u0259rbaycana s\u0259f\u0259rinin \u0259laq\u0259l\u0259rimizin daha da m\u00f6hk\u0259ml\u0259nm\u0259si i\u015fin\u0259 t\u00f6hf\u0259 ver\u0259c\u0259yin\u0259 \u0259minlik ifad\u0259 olunub. S\u00f6hb\u0259t zaman\u0131 28 May \u2013 M\u00fcst\u0259qillik G\u00fcn\u00fcnd\u0259 Az\u0259rbaycan v\u0259 T\u00fcrkiy\u0259 d\u00f6vl\u0259t ba\u015f\u00e7\u0131lar\u0131n\u0131n bir yerd\u0259 olmas\u0131 qarda\u015fl\u0131\u011f\u0131m\u0131z\u0131n r\u0259mzi kimi qiym\u0259tl\u0259ndirilib. D\u00f6vl\u0259t ba\u015f\u00e7\u0131lar\u0131 Bak\u0131da ke\u00e7iril\u0259n \u201cTEKNOFEST Az\u0259rbaycan\u201d festival\u0131n\u0131n \u00f6n\u0259mini qeyd etdil\u0259r v\u0259 bu t\u0259dbiri y\u00fcks\u0259k s\u0259viyy\u0259d\u0259 olan \u0259laq\u0259l\u0259rimizin yax\u015f\u0131 g\u00f6st\u0259ricisi kimi d\u0259y\u0259rl\u0259ndiribl\u0259r. G\u00f6r\u00fc\u015fd\u0259&hellip;<\/p>\n","protected":false},"author":2,"featured_media":480344,"comment_status":"closed","ping_status":"closed","sticky":false,"template":"","format":"standard","meta":{"om_disable_all_campaigns":false,"_monsterinsights_skip_tracking":false,"_monsterinsights_sitenote_active":false,"_monsterinsights_sitenote_note":"","_monsterinsights_sitenote_category":0},"categories":[8],"tags":[],"aioseo_notices":[],"gutentor_comment":0,"rttpg_featured_image_url":{"full":["https:\/\/arantv.az\/wp-content\/uploads\/2022\/05\/16537556063764246149_1000x669.jpg",620,413,false],"landscape":["https:\/\/arantv.az\/wp-content\/uploads\/2022\/05\/16537556063764246149_1000x669.jpg",620,413,false],"portraits":["https:\/\/arantv.az\/wp-content\/uploads\/2022\/05\/16537556063764246149_1000x669.jpg",620,413,false],"thumbnail":["https:\/\/arantv.az\/wp-content\/uploads\/2022\/05\/16537556063764246149_1000x669-500x280.jpg",500,280,true],"medium":["https:\/\/arantv.az\/wp-content\/uploads\/2022\/05\/16537556063764246149_1000x669-548x365.jpg",548,365,true],"large":["https:\/\/arantv.az\/wp-content\/uploads\/2022\/05\/16537556063764246149_1000x669.jpg",620,413,false],"1536x1536":["https:\/\/arantv.az\/wp-content\/uploads\/2022\/05\/16537556063764246149_1000x669.jpg",620,413,false],"2048x2048":["https:\/\/arantv.az\/wp-content\/uploads\/2022\/05\/16537556063764246149_1000x669.jpg",620,413,false],"post-thumbnail":["https:\/\/arantv.az\/wp-content\/uploads\/2022\/05\/16537556063764246149_1000x669-240x172.jpg",240,172,true],"advps-thumb-one":["https:\/\/arantv.az\/wp-content\/uploads\/2022\/05\/16537556063764246149_1000x669.jpg",620,413,false]},"rttpg_author":{"display_name":"V\u00fcsal Rafiqo\u011flu","author_link":"https:\/\/arantv.az\/?author=2"},"rttpg_comment":0,"rttpg_category":"<a href=\"https:\/\/arantv.az\/?cat=8\" rel=\"category\">\u018fsas s\u0259hif\u0259<\/a>","rttpg_excerpt":"May\u0131n 28-d\u0259 Az\u0259rbaycan Respublikas\u0131n\u0131n Prezidenti \u0130lham \u018fliyevin v\u0259 T\u00fcrkiy\u0259 Respublikas\u0131n\u0131n Prezidenti R\u0259c\u0259b Tayyib \u018frdo\u011fan\u0131n g\u00f6r\u00fc\u015f\u00fc olub. AZ\u018fRTAC\u00a0x\u0259b\u0259r verir ki, g\u00f6r\u00fc\u015fd\u0259 Az\u0259rbaycan-T\u00fcrkiy\u0259 ikit\u0259r\u0259fli dostluq v\u0259 qarda\u015fl\u0131q m\u00fcnasib\u0259tl\u0259rinin b\u00fct\u00fcn sah\u0259l\u0259rd\u0259 u\u011furla inki\u015faf etdiyi vur\u011fulan\u0131b. T\u00fcrkiy\u0259 Prezidenti R\u0259c\u0259b Tayyib \u018frdo\u011fan\u0131n Az\u0259rbaycana s\u0259f\u0259rinin \u0259laq\u0259l\u0259rimizin daha da m\u00f6hk\u0259ml\u0259nm\u0259si i\u015fin\u0259 t\u00f6hf\u0259 ver\u0259c\u0259yin\u0259 \u0259minlik ifad\u0259 olunub. S\u00f6hb\u0259t zaman\u0131 28 May \u2013 M\u00fcst\u0259qillik&hellip;","_links":{"self":[{"href":"https:\/\/arantv.az\/index.php?rest_route=\/wp\/v2\/posts\/480343"}],"collection":[{"href":"https:\/\/arantv.az\/index.php?rest_route=\/wp\/v2\/posts"}],"about":[{"href":"https:\/\/arantv.az\/index.php?rest_route=\/wp\/v2\/types\/post"}],"author":[{"embeddable":true,"href":"https:\/\/arantv.az\/index.php?rest_route=\/wp\/v2\/users\/2"}],"replies":[{"embeddable":true,"href":"https:\/\/arantv.az\/index.php?rest_route=%2Fwp%2Fv2%2Fcomments&post=480343"}],"version-history":[{"count":0,"href":"https:\/\/arantv.az\/index.php?rest_route=\/wp\/v2\/posts\/480343\/revisions"}],"wp:featuredmedia":[{"embeddable":true,"href":"https:\/\/arantv.az\/index.php?rest_route=\/wp\/v2\/media\/480344"}],"wp:attachment":[{"href":"https:\/\/arantv.az\/index.php?rest_route=%2Fwp%2Fv2%2Fmedia&parent=480343"}],"wp:term":[{"taxonomy":"category","embeddable":true,"href":"https:\/\/arantv.az\/index.php?rest_route=%2Fwp%2Fv2%2Fcategories&post=480343"},{"taxonomy":"post_tag","embeddable":true,"href":"https:\/\/arantv.az\/index.php?rest_route=%2Fwp%2Fv2%2Ftags&post=480343"}],"curies":[{"name":"wp","href":"https:\/\/api.w.org\/{rel}","templated":true}]}}