{"id":480346,"date":"2022-05-28T20:20:20","date_gmt":"2022-05-28T17:20:20","guid":{"rendered":"https:\/\/arantv.az\/?p=480346"},"modified":"2022-05-28T20:20:20","modified_gmt":"2022-05-28T17:20:20","slug":"albaniyanin-eks-prezidenti-v%c9%99fat-edib","status":"publish","type":"post","link":"https:\/\/arantv.az\/?p=480346","title":{"rendered":"Albaniyan\u0131n eks-prezidenti v\u0259fat edib"},"content":{"rendered":"<p>Albaniyan\u0131n sabiq prezidenti Buyar Ni\u015fani 56 ya\u015f\u0131nda v\u0259fat edib.<\/p>\n<div class=\"AdviadNativeVideo\"><\/div>\n<p>A\u011f\u0131r x\u0259st\u0259 olan siyas\u0259t\u00e7i bir ne\u00e7\u0259 h\u0259ft\u0259 \u0259vv\u0259l x\u0259st\u0259xanada yerl\u0259\u015fdirilib.<\/p>\n<p>H\u0259kiml\u0259rin s\u0259yl\u0259rin\u0259 baxmayaraq onu m\u00fcalic\u0259si n\u0259tic\u0259 verm\u0259yib.<\/p>\n<p>Buyar Ni\u015fani 2012-2017-ci ill\u0259rd\u0259 Albaniyan\u0131n prezidenti olub.<\/p>\n<p>M\u0259nb\u0259: 21.TV<\/p>\n","protected":false},"excerpt":{"rendered":"<p>Albaniyan\u0131n sabiq prezidenti Buyar Ni\u015fani 56 ya\u015f\u0131nda v\u0259fat edib. A\u011f\u0131r x\u0259st\u0259 olan siyas\u0259t\u00e7i bir ne\u00e7\u0259 h\u0259ft\u0259 \u0259vv\u0259l x\u0259st\u0259xanada yerl\u0259\u015fdirilib. H\u0259kiml\u0259rin s\u0259yl\u0259rin\u0259 baxmayaraq onu m\u00fcalic\u0259si n\u0259tic\u0259 verm\u0259yib. Buyar Ni\u015fani 2012-2017-ci ill\u0259rd\u0259 Albaniyan\u0131n prezidenti olub. M\u0259nb\u0259: 21.TV<\/p>\n","protected":false},"author":2,"featured_media":480347,"comment_status":"closed","ping_status":"closed","sticky":false,"template":"","format":"standard","meta":{"om_disable_all_campaigns":false,"_monsterinsights_skip_tracking":false,"_monsterinsights_sitenote_active":false,"_monsterinsights_sitenote_note":"","_monsterinsights_sitenote_category":0},"categories":[7],"tags":[],"aioseo_notices":[],"gutentor_comment":0,"rttpg_featured_image_url":{"full":["https:\/\/arantv.az\/wp-content\/uploads\/2022\/05\/FotoJet-44-1.jpg",620,413,false],"landscape":["https:\/\/arantv.az\/wp-content\/uploads\/2022\/05\/FotoJet-44-1.jpg",620,413,false],"portraits":["https:\/\/arantv.az\/wp-content\/uploads\/2022\/05\/FotoJet-44-1.jpg",620,413,false],"thumbnail":["https:\/\/arantv.az\/wp-content\/uploads\/2022\/05\/FotoJet-44-1-500x280.jpg",500,280,true],"medium":["https:\/\/arantv.az\/wp-content\/uploads\/2022\/05\/FotoJet-44-1-548x365.jpg",548,365,true],"large":["https:\/\/arantv.az\/wp-content\/uploads\/2022\/05\/FotoJet-44-1.jpg",620,413,false],"1536x1536":["https:\/\/arantv.az\/wp-content\/uploads\/2022\/05\/FotoJet-44-1.jpg",620,413,false],"2048x2048":["https:\/\/arantv.az\/wp-content\/uploads\/2022\/05\/FotoJet-44-1.jpg",620,413,false],"post-thumbnail":["https:\/\/arantv.az\/wp-content\/uploads\/2022\/05\/FotoJet-44-1-240x172.jpg",240,172,true],"advps-thumb-one":["https:\/\/arantv.az\/wp-content\/uploads\/2022\/05\/FotoJet-44-1.jpg",620,413,false]},"rttpg_author":{"display_name":"V\u00fcsal Rafiqo\u011flu","author_link":"https:\/\/arantv.az\/?author=2"},"rttpg_comment":0,"rttpg_category":"<a href=\"https:\/\/arantv.az\/?cat=7\" rel=\"category\">D\u00fcnya<\/a>","rttpg_excerpt":"Albaniyan\u0131n sabiq prezidenti Buyar Ni\u015fani 56 ya\u015f\u0131nda v\u0259fat edib. A\u011f\u0131r x\u0259st\u0259 olan siyas\u0259t\u00e7i bir ne\u00e7\u0259 h\u0259ft\u0259 \u0259vv\u0259l x\u0259st\u0259xanada yerl\u0259\u015fdirilib. H\u0259kiml\u0259rin s\u0259yl\u0259rin\u0259 baxmayaraq onu m\u00fcalic\u0259si n\u0259tic\u0259 verm\u0259yib. Buyar Ni\u015fani 2012-2017-ci ill\u0259rd\u0259 Albaniyan\u0131n prezidenti olub. M\u0259nb\u0259: 21.TV","_links":{"self":[{"href":"https:\/\/arantv.az\/index.php?rest_route=\/wp\/v2\/posts\/480346"}],"collection":[{"href":"https:\/\/arantv.az\/index.php?rest_route=\/wp\/v2\/posts"}],"about":[{"href":"https:\/\/arantv.az\/index.php?rest_route=\/wp\/v2\/types\/post"}],"author":[{"embeddable":true,"href":"https:\/\/arantv.az\/index.php?rest_route=\/wp\/v2\/users\/2"}],"replies":[{"embeddable":true,"href":"https:\/\/arantv.az\/index.php?rest_route=%2Fwp%2Fv2%2Fcomments&post=480346"}],"version-history":[{"count":0,"href":"https:\/\/arantv.az\/index.php?rest_route=\/wp\/v2\/posts\/480346\/revisions"}],"wp:featuredmedia":[{"embeddable":true,"href":"https:\/\/arantv.az\/index.php?rest_route=\/wp\/v2\/media\/480347"}],"wp:attachment":[{"href":"https:\/\/arantv.az\/index.php?rest_route=%2Fwp%2Fv2%2Fmedia&parent=480346"}],"wp:term":[{"taxonomy":"category","embeddable":true,"href":"https:\/\/arantv.az\/index.php?rest_route=%2Fwp%2Fv2%2Fcategories&post=480346"},{"taxonomy":"post_tag","embeddable":true,"href":"https:\/\/arantv.az\/index.php?rest_route=%2Fwp%2Fv2%2Ftags&post=480346"}],"curies":[{"name":"wp","href":"https:\/\/api.w.org\/{rel}","templated":true}]}}