{"id":480349,"date":"2022-05-28T20:20:51","date_gmt":"2022-05-28T17:20:51","guid":{"rendered":"https:\/\/arantv.az\/?p=480349"},"modified":"2022-05-28T20:20:51","modified_gmt":"2022-05-28T17:20:51","slug":"pakistan-prezidenti-ilham-%c9%99liyevi-t%c9%99brik-edib","status":"publish","type":"post","link":"https:\/\/arantv.az\/?p=480349","title":{"rendered":"Pakistan Prezidenti \u0130lham \u018fliyevi t\u0259brik edib"},"content":{"rendered":"<p>Pakistan \u0130slam Respublikas\u0131n\u0131n Prezidenti Arif Alvi Az\u0259rbaycan Respublikas\u0131n\u0131n Prezidenti \u0130lham \u018fliyev\u0259 t\u0259brik m\u0259ktubu \u00fcnvanlay\u0131b.<\/p>\n<p>T\u0259brikd\u0259 deyilir:<\/p>\n<div class=\"AdviadNativeVideo\"><\/div>\n<p>&#8220;Zati-alil\u0259ri.<\/p>\n<p>\u00d6lk\u0259nizin milli bayram\u0131 &#8211; M\u00fcst\u0259qillik G\u00fcn\u00fc m\u00fcnasib\u0259til\u0259 Siz\u0259, Az\u0259rbaycan h\u00f6kum\u0259tin\u0259 v\u0259 xalq\u0131na \u0259n s\u0259mimi t\u0259brikl\u0259rimi \u00e7atd\u0131rmaqdan b\u00f6y\u00fck m\u0259mnunluq duyuram.<\/p>\n<p>Bu il biz h\u0259m d\u0259 \u00f6lk\u0259l\u0259rimiz aras\u0131nda diplomatik m\u00fcnasib\u0259tl\u0259rin qurulmas\u0131n\u0131n 30 illiyini qeyd edirik. Son \u00fc\u00e7 onillikd\u0259 Pakistan il\u0259 Az\u0259rbaycan aras\u0131nda qarda\u015fl\u0131q \u0259laq\u0259l\u0259ri daha da m\u00f6hk\u0259ml\u0259nib.<\/p>\n<p>\u018fmin\u0259m ki, siyasi, iqtisadi v\u0259 m\u0259d\u0259ni sah\u0259l\u0259rd\u0259 ikit\u0259r\u0259fli \u0259m\u0259kda\u015fl\u0131\u011f\u0131m\u0131z Sizin m\u00fcdrik r\u0259hb\u0259rliyinizl\u0259 bundan sonra da d\u0259rinl\u0259\u015f\u0259c\u0259k v\u0259 geni\u015fl\u0259n\u0259c\u0259kdir.<\/p>\n<p>Siz\u0259 m\u00f6hk\u0259m cansa\u011fl\u0131\u011f\u0131 v\u0259 xo\u015fb\u0259xtlik arzulay\u0131r, Az\u0259rbaycan xalq\u0131na is\u0259 davaml\u0131 s\u00fclh v\u0259 firavanl\u0131q dil\u0259yir\u0259m.<\/p>\n<p>Zati-alil\u0259ri, \u0259n y\u00fcks\u0259k ehtiram\u0131m\u0131 q\u0259bul etm\u0259yinizi xahi\u015f edir\u0259m&#8221;.<\/p>\n","protected":false},"excerpt":{"rendered":"<p>Pakistan \u0130slam Respublikas\u0131n\u0131n Prezidenti Arif Alvi Az\u0259rbaycan Respublikas\u0131n\u0131n Prezidenti \u0130lham \u018fliyev\u0259 t\u0259brik m\u0259ktubu \u00fcnvanlay\u0131b. T\u0259brikd\u0259 deyilir: &#8220;Zati-alil\u0259ri. \u00d6lk\u0259nizin milli bayram\u0131 &#8211; M\u00fcst\u0259qillik G\u00fcn\u00fc m\u00fcnasib\u0259til\u0259 Siz\u0259, Az\u0259rbaycan h\u00f6kum\u0259tin\u0259 v\u0259 xalq\u0131na \u0259n s\u0259mimi t\u0259brikl\u0259rimi \u00e7atd\u0131rmaqdan b\u00f6y\u00fck m\u0259mnunluq duyuram. Bu il biz h\u0259m d\u0259 \u00f6lk\u0259l\u0259rimiz aras\u0131nda diplomatik m\u00fcnasib\u0259tl\u0259rin qurulmas\u0131n\u0131n 30 illiyini qeyd edirik. Son \u00fc\u00e7 onillikd\u0259 Pakistan il\u0259 Az\u0259rbaycan aras\u0131nda qarda\u015fl\u0131q \u0259laq\u0259l\u0259ri daha da m\u00f6hk\u0259ml\u0259nib. \u018fmin\u0259m ki, siyasi, iqtisadi v\u0259 m\u0259d\u0259ni sah\u0259l\u0259rd\u0259 ikit\u0259r\u0259fli \u0259m\u0259kda\u015fl\u0131\u011f\u0131m\u0131z Sizin m\u00fcdrik r\u0259hb\u0259rliyinizl\u0259 bundan sonra da d\u0259rinl\u0259\u015f\u0259c\u0259k v\u0259 geni\u015fl\u0259n\u0259c\u0259kdir. Siz\u0259 m\u00f6hk\u0259m cansa\u011fl\u0131\u011f\u0131 v\u0259 xo\u015fb\u0259xtlik arzulay\u0131r, Az\u0259rbaycan xalq\u0131na is\u0259 davaml\u0131&hellip;<\/p>\n","protected":false},"author":2,"featured_media":480350,"comment_status":"closed","ping_status":"closed","sticky":false,"template":"","format":"standard","meta":{"om_disable_all_campaigns":false,"_monsterinsights_skip_tracking":false,"_monsterinsights_sitenote_active":false,"_monsterinsights_sitenote_note":"","_monsterinsights_sitenote_category":0},"categories":[4],"tags":[],"aioseo_notices":[],"gutentor_comment":0,"rttpg_featured_image_url":{"full":["https:\/\/arantv.az\/wp-content\/uploads\/2022\/05\/aaed38db-e3e7-3145-8c03-e9c37865c851_850.jpg",620,413,false],"landscape":["https:\/\/arantv.az\/wp-content\/uploads\/2022\/05\/aaed38db-e3e7-3145-8c03-e9c37865c851_850.jpg",620,413,false],"portraits":["https:\/\/arantv.az\/wp-content\/uploads\/2022\/05\/aaed38db-e3e7-3145-8c03-e9c37865c851_850.jpg",620,413,false],"thumbnail":["https:\/\/arantv.az\/wp-content\/uploads\/2022\/05\/aaed38db-e3e7-3145-8c03-e9c37865c851_850-500x280.jpg",500,280,true],"medium":["https:\/\/arantv.az\/wp-content\/uploads\/2022\/05\/aaed38db-e3e7-3145-8c03-e9c37865c851_850-548x365.jpg",548,365,true],"large":["https:\/\/arantv.az\/wp-content\/uploads\/2022\/05\/aaed38db-e3e7-3145-8c03-e9c37865c851_850.jpg",620,413,false],"1536x1536":["https:\/\/arantv.az\/wp-content\/uploads\/2022\/05\/aaed38db-e3e7-3145-8c03-e9c37865c851_850.jpg",620,413,false],"2048x2048":["https:\/\/arantv.az\/wp-content\/uploads\/2022\/05\/aaed38db-e3e7-3145-8c03-e9c37865c851_850.jpg",620,413,false],"post-thumbnail":["https:\/\/arantv.az\/wp-content\/uploads\/2022\/05\/aaed38db-e3e7-3145-8c03-e9c37865c851_850-240x172.jpg",240,172,true],"advps-thumb-one":["https:\/\/arantv.az\/wp-content\/uploads\/2022\/05\/aaed38db-e3e7-3145-8c03-e9c37865c851_850.jpg",620,413,false]},"rttpg_author":{"display_name":"V\u00fcsal Rafiqo\u011flu","author_link":"https:\/\/arantv.az\/?author=2"},"rttpg_comment":0,"rttpg_category":"<a href=\"https:\/\/arantv.az\/?cat=4\" rel=\"category\">Siyas\u0259t<\/a>","rttpg_excerpt":"Pakistan \u0130slam Respublikas\u0131n\u0131n Prezidenti Arif Alvi Az\u0259rbaycan Respublikas\u0131n\u0131n Prezidenti \u0130lham \u018fliyev\u0259 t\u0259brik m\u0259ktubu \u00fcnvanlay\u0131b. T\u0259brikd\u0259 deyilir: &#8220;Zati-alil\u0259ri. \u00d6lk\u0259nizin milli bayram\u0131 &#8211; M\u00fcst\u0259qillik G\u00fcn\u00fc m\u00fcnasib\u0259til\u0259 Siz\u0259, Az\u0259rbaycan h\u00f6kum\u0259tin\u0259 v\u0259 xalq\u0131na \u0259n s\u0259mimi t\u0259brikl\u0259rimi \u00e7atd\u0131rmaqdan b\u00f6y\u00fck m\u0259mnunluq duyuram. Bu il biz h\u0259m d\u0259 \u00f6lk\u0259l\u0259rimiz aras\u0131nda diplomatik m\u00fcnasib\u0259tl\u0259rin qurulmas\u0131n\u0131n 30 illiyini qeyd edirik. Son \u00fc\u00e7 onillikd\u0259 Pakistan il\u0259&hellip;","_links":{"self":[{"href":"https:\/\/arantv.az\/index.php?rest_route=\/wp\/v2\/posts\/480349"}],"collection":[{"href":"https:\/\/arantv.az\/index.php?rest_route=\/wp\/v2\/posts"}],"about":[{"href":"https:\/\/arantv.az\/index.php?rest_route=\/wp\/v2\/types\/post"}],"author":[{"embeddable":true,"href":"https:\/\/arantv.az\/index.php?rest_route=\/wp\/v2\/users\/2"}],"replies":[{"embeddable":true,"href":"https:\/\/arantv.az\/index.php?rest_route=%2Fwp%2Fv2%2Fcomments&post=480349"}],"version-history":[{"count":0,"href":"https:\/\/arantv.az\/index.php?rest_route=\/wp\/v2\/posts\/480349\/revisions"}],"wp:featuredmedia":[{"embeddable":true,"href":"https:\/\/arantv.az\/index.php?rest_route=\/wp\/v2\/media\/480350"}],"wp:attachment":[{"href":"https:\/\/arantv.az\/index.php?rest_route=%2Fwp%2Fv2%2Fmedia&parent=480349"}],"wp:term":[{"taxonomy":"category","embeddable":true,"href":"https:\/\/arantv.az\/index.php?rest_route=%2Fwp%2Fv2%2Fcategories&post=480349"},{"taxonomy":"post_tag","embeddable":true,"href":"https:\/\/arantv.az\/index.php?rest_route=%2Fwp%2Fv2%2Ftags&post=480349"}],"curies":[{"name":"wp","href":"https:\/\/api.w.org\/{rel}","templated":true}]}}