{"id":480352,"date":"2022-05-28T20:21:29","date_gmt":"2022-05-28T17:21:29","guid":{"rendered":"https:\/\/arantv.az\/?p=480352"},"modified":"2022-05-28T20:21:29","modified_gmt":"2022-05-28T17:21:29","slug":"istanbuldan-moskvaya-ucan-t%c9%99yyar%c9%99-litvada-m%c9%99cburi-enis-edib","status":"publish","type":"post","link":"https:\/\/arantv.az\/?p=480352","title":{"rendered":"\u0130stanbuldan Moskvaya u\u00e7an t\u0259yyar\u0259 Litvada m\u0259cburi eni\u015f edib"},"content":{"rendered":"<p>T\u00fcrkiy\u0259nin \u0130stanbul \u015f\u0259h\u0259rind\u0259n Rusiyan\u0131n paytaxt\u0131 Moskvaya u\u00e7an \u201cT\u00fcrk Hava Yollar\u0131na\u201d m\u0259xsus s\u0259rni\u015fin t\u0259yyar\u0259si Litvan\u0131n paytaxt\u0131 Viln\u00fcsda yerl\u0259\u015f\u0259n Beyn\u0259lxalq Hava Liman\u0131na m\u0259cburi eni\u015f etm\u0259k m\u0259cburiyy\u0259tind\u0259 qal\u0131b.<\/p>\n<div class=\"AdviadNativeVideo\"><\/div>\n<p>Bu bar\u0259d\u0259 Viln\u00fcs Beyn\u0259lxalq Hava Liman\u0131n\u0131n ictimai \u0259laq\u0259l\u0259r \u015f\u00f6b\u0259sinin r\u0259hb\u0259ri Marius Zelyanyus m\u0259lumat verib.<\/p>\n<p>O qeyd edib ki, t\u0259yyar\u0259 texniki nasazl\u0131q s\u0259b\u0259bind\u0259n m\u0259cburi eni\u015f edib.<\/p>\n<p>Marius Zelyanyus \u0259lav\u0259 edib ki, haz\u0131rda layner\u0259 bax\u0131\u015f ke\u00e7irilir.<\/p>\n<p>M\u0259nb\u0259: Lrt.lt<\/p>\n","protected":false},"excerpt":{"rendered":"<p>T\u00fcrkiy\u0259nin \u0130stanbul \u015f\u0259h\u0259rind\u0259n Rusiyan\u0131n paytaxt\u0131 Moskvaya u\u00e7an \u201cT\u00fcrk Hava Yollar\u0131na\u201d m\u0259xsus s\u0259rni\u015fin t\u0259yyar\u0259si Litvan\u0131n paytaxt\u0131 Viln\u00fcsda yerl\u0259\u015f\u0259n Beyn\u0259lxalq Hava Liman\u0131na m\u0259cburi eni\u015f etm\u0259k m\u0259cburiyy\u0259tind\u0259 qal\u0131b. Bu bar\u0259d\u0259 Viln\u00fcs Beyn\u0259lxalq Hava Liman\u0131n\u0131n ictimai \u0259laq\u0259l\u0259r \u015f\u00f6b\u0259sinin r\u0259hb\u0259ri Marius Zelyanyus m\u0259lumat verib. O qeyd edib ki, t\u0259yyar\u0259 texniki nasazl\u0131q s\u0259b\u0259bind\u0259n m\u0259cburi eni\u015f edib. Marius Zelyanyus \u0259lav\u0259 edib ki, haz\u0131rda layner\u0259 bax\u0131\u015f ke\u00e7irilir. M\u0259nb\u0259: Lrt.lt<\/p>\n","protected":false},"author":2,"featured_media":480353,"comment_status":"closed","ping_status":"closed","sticky":false,"template":"","format":"standard","meta":{"om_disable_all_campaigns":false,"_monsterinsights_skip_tracking":false,"_monsterinsights_sitenote_active":false,"_monsterinsights_sitenote_note":"","_monsterinsights_sitenote_category":0},"categories":[7],"tags":[],"aioseo_notices":[],"gutentor_comment":0,"rttpg_featured_image_url":{"full":["https:\/\/arantv.az\/wp-content\/uploads\/2022\/05\/FotoJet-43-2.jpg",620,413,false],"landscape":["https:\/\/arantv.az\/wp-content\/uploads\/2022\/05\/FotoJet-43-2.jpg",620,413,false],"portraits":["https:\/\/arantv.az\/wp-content\/uploads\/2022\/05\/FotoJet-43-2.jpg",620,413,false],"thumbnail":["https:\/\/arantv.az\/wp-content\/uploads\/2022\/05\/FotoJet-43-2-500x280.jpg",500,280,true],"medium":["https:\/\/arantv.az\/wp-content\/uploads\/2022\/05\/FotoJet-43-2-548x365.jpg",548,365,true],"large":["https:\/\/arantv.az\/wp-content\/uploads\/2022\/05\/FotoJet-43-2.jpg",620,413,false],"1536x1536":["https:\/\/arantv.az\/wp-content\/uploads\/2022\/05\/FotoJet-43-2.jpg",620,413,false],"2048x2048":["https:\/\/arantv.az\/wp-content\/uploads\/2022\/05\/FotoJet-43-2.jpg",620,413,false],"post-thumbnail":["https:\/\/arantv.az\/wp-content\/uploads\/2022\/05\/FotoJet-43-2-240x172.jpg",240,172,true],"advps-thumb-one":["https:\/\/arantv.az\/wp-content\/uploads\/2022\/05\/FotoJet-43-2.jpg",620,413,false]},"rttpg_author":{"display_name":"V\u00fcsal Rafiqo\u011flu","author_link":"https:\/\/arantv.az\/?author=2"},"rttpg_comment":0,"rttpg_category":"<a href=\"https:\/\/arantv.az\/?cat=7\" rel=\"category\">D\u00fcnya<\/a>","rttpg_excerpt":"T\u00fcrkiy\u0259nin \u0130stanbul \u015f\u0259h\u0259rind\u0259n Rusiyan\u0131n paytaxt\u0131 Moskvaya u\u00e7an \u201cT\u00fcrk Hava Yollar\u0131na\u201d m\u0259xsus s\u0259rni\u015fin t\u0259yyar\u0259si Litvan\u0131n paytaxt\u0131 Viln\u00fcsda yerl\u0259\u015f\u0259n Beyn\u0259lxalq Hava Liman\u0131na m\u0259cburi eni\u015f etm\u0259k m\u0259cburiyy\u0259tind\u0259 qal\u0131b. Bu bar\u0259d\u0259 Viln\u00fcs Beyn\u0259lxalq Hava Liman\u0131n\u0131n ictimai \u0259laq\u0259l\u0259r \u015f\u00f6b\u0259sinin r\u0259hb\u0259ri Marius Zelyanyus m\u0259lumat verib. O qeyd edib ki, t\u0259yyar\u0259 texniki nasazl\u0131q s\u0259b\u0259bind\u0259n m\u0259cburi eni\u015f edib. Marius Zelyanyus \u0259lav\u0259 edib ki,&hellip;","_links":{"self":[{"href":"https:\/\/arantv.az\/index.php?rest_route=\/wp\/v2\/posts\/480352"}],"collection":[{"href":"https:\/\/arantv.az\/index.php?rest_route=\/wp\/v2\/posts"}],"about":[{"href":"https:\/\/arantv.az\/index.php?rest_route=\/wp\/v2\/types\/post"}],"author":[{"embeddable":true,"href":"https:\/\/arantv.az\/index.php?rest_route=\/wp\/v2\/users\/2"}],"replies":[{"embeddable":true,"href":"https:\/\/arantv.az\/index.php?rest_route=%2Fwp%2Fv2%2Fcomments&post=480352"}],"version-history":[{"count":0,"href":"https:\/\/arantv.az\/index.php?rest_route=\/wp\/v2\/posts\/480352\/revisions"}],"wp:featuredmedia":[{"embeddable":true,"href":"https:\/\/arantv.az\/index.php?rest_route=\/wp\/v2\/media\/480353"}],"wp:attachment":[{"href":"https:\/\/arantv.az\/index.php?rest_route=%2Fwp%2Fv2%2Fmedia&parent=480352"}],"wp:term":[{"taxonomy":"category","embeddable":true,"href":"https:\/\/arantv.az\/index.php?rest_route=%2Fwp%2Fv2%2Fcategories&post=480352"},{"taxonomy":"post_tag","embeddable":true,"href":"https:\/\/arantv.az\/index.php?rest_route=%2Fwp%2Fv2%2Ftags&post=480352"}],"curies":[{"name":"wp","href":"https:\/\/api.w.org\/{rel}","templated":true}]}}