{"id":480359,"date":"2022-05-28T20:25:24","date_gmt":"2022-05-28T17:25:24","guid":{"rendered":"https:\/\/arantv.az\/?p=480359"},"modified":"2022-05-28T20:25:24","modified_gmt":"2022-05-28T17:25:24","slug":"prezidentl%c9%99r-v%c9%99-birinci-xanimlar-teknofest-az%c9%99rbaycanda-xatir%c9%99-fotosu-c%c9%99kdirib","status":"publish","type":"post","link":"https:\/\/arantv.az\/?p=480359","title":{"rendered":"Prezidentl\u0259r v\u0259 Birinci xan\u0131mlar \u201cTEKNOFEST Az\u0259rbaycan\u201dda xatir\u0259 fotosu \u00e7\u0259kdirib"},"content":{"rendered":"<div class=\"content lead font-weight-normal\">\n<p>May\u0131n 28-d\u0259 Az\u0259rbaycan Respublikas\u0131n\u0131n Prezidenti \u0130lham \u018fliyev v\u0259 T\u00fcrkiy\u0259 Respublikas\u0131n\u0131n Prezidenti R\u0259c\u0259b Tayyib \u018frdo\u011fan Bak\u0131da ilk d\u0259f\u0259 ke\u00e7iril\u0259n &#8220;TEKNOFEST Az\u0259rbaycan&#8221; Aerokosmik v\u0259 texnologiya festival\u0131nda i\u015ftirak edibl\u0259r.<\/p>\n<p><strong>ARANTV.AZ<\/strong> x\u0259b\u0259r verir ki, d\u00f6vl\u0259t ba\u015f\u00e7\u0131lar\u0131 t\u0259dbird\u0259 \u00e7\u0131x\u0131\u015f edibl\u0259r.<\/p>\n<p>Prezidentl\u0259r \u0130lham \u018fIiyev, R\u0259c\u0259b Tayyib \u018frdo\u011fan v\u0259 g\u00f6rk\u0259mli alim \u018fziz Sancar xatir\u0259 fotosu \u00e7\u0259kdirirbl\u0259r.<\/p>\n<p>D\u00f6vl\u0259t ba\u015f\u00e7\u0131lar\u0131na v\u0259 \u018fziz Sancara &#8220;TEKNOFEST Az\u0259rbaycan&#8221; festival\u0131n\u0131n xatir\u0259 h\u0259diyy\u0259l\u0259ri t\u0259qdim olunub.<\/p>\n<p>Birinci xan\u0131mlar Mehriban \u018fliyeva v\u0259 \u018fmin\u0259 \u018frdo\u011fan, h\u0259m\u00e7inin S\u00fcmeyy\u0259 Bayraktar v\u0259 Arzu \u018fliyeva xatir\u0259 fotolar\u0131 \u00e7\u0259kdiribl\u0259r.<\/p>\n<div class=\"clearfix\"><\/div>\n<\/div>\n<div class=\"fotorama--hidden\"><\/div>\n<div id=\"galleryList\" class=\"fotorama fotorama1653758642274\" data-nav=\"thumbs\" data-width=\"100%\" data-thumbwidth=\"90\" data-thumbheight=\"60\" data-allowfullscreen=\"true\" data-autoplay=\"3000\" data-ratio=\"1.5\" data-keyboard=\"true\" data-fit=\"contain\">\n<div class=\"fotorama__wrap fotorama__wrap--css3 fotorama__wrap--slide fotorama__wrap--toggle-arrows fotorama__wrap--no-controls\">\n<div class=\"fotorama__stage\">\n<div class=\"fotorama__fullscreen-icon\" tabindex=\"0\" role=\"button\"><\/div>\n<div class=\"fotorama__stage__shaft\">\n<div class=\"fotorama__stage__frame fotorama__loaded fotorama__loaded--img fotorama__active\"><img class=\"fotorama__img\" src=\"http:\/\/ikisahil.az\/photo\/0x0_2\/upload\/gallery\/2022\/05\/28\/-10ffbba2165375851746396094411089417.jpg\" \/><\/div>\n<\/div>\n<div class=\"fotorama__video-close\"><\/div>\n<\/div>\n<\/div>\n<\/div>\n<div class=\"sharing my-2 row no-gutters d-print-none\">\n<div class=\"col-md-3\"><\/div>\n<\/div>\n","protected":false},"excerpt":{"rendered":"<p>May\u0131n 28-d\u0259 Az\u0259rbaycan Respublikas\u0131n\u0131n Prezidenti \u0130lham \u018fliyev v\u0259 T\u00fcrkiy\u0259 Respublikas\u0131n\u0131n Prezidenti R\u0259c\u0259b Tayyib \u018frdo\u011fan Bak\u0131da ilk d\u0259f\u0259 ke\u00e7iril\u0259n &#8220;TEKNOFEST Az\u0259rbaycan&#8221; Aerokosmik v\u0259 texnologiya festival\u0131nda i\u015ftirak edibl\u0259r. ARANTV.AZ x\u0259b\u0259r verir ki, d\u00f6vl\u0259t ba\u015f\u00e7\u0131lar\u0131 t\u0259dbird\u0259 \u00e7\u0131x\u0131\u015f edibl\u0259r. Prezidentl\u0259r \u0130lham \u018fIiyev, R\u0259c\u0259b Tayyib \u018frdo\u011fan v\u0259 g\u00f6rk\u0259mli alim \u018fziz Sancar xatir\u0259 fotosu \u00e7\u0259kdirirbl\u0259r. D\u00f6vl\u0259t ba\u015f\u00e7\u0131lar\u0131na v\u0259 \u018fziz Sancara &#8220;TEKNOFEST Az\u0259rbaycan&#8221; festival\u0131n\u0131n xatir\u0259 h\u0259diyy\u0259l\u0259ri t\u0259qdim olunub. Birinci xan\u0131mlar Mehriban \u018fliyeva v\u0259 \u018fmin\u0259 \u018frdo\u011fan, h\u0259m\u00e7inin S\u00fcmeyy\u0259 Bayraktar v\u0259 Arzu \u018fliyeva xatir\u0259 fotolar\u0131 \u00e7\u0259kdiribl\u0259r.<\/p>\n","protected":false},"author":2,"featured_media":480360,"comment_status":"closed","ping_status":"closed","sticky":false,"template":"","format":"standard","meta":{"om_disable_all_campaigns":false,"_monsterinsights_skip_tracking":false,"_monsterinsights_sitenote_active":false,"_monsterinsights_sitenote_note":"","_monsterinsights_sitenote_category":0},"categories":[4],"tags":[],"aioseo_notices":[],"gutentor_comment":0,"rttpg_featured_image_url":{"full":["https:\/\/arantv.az\/wp-content\/uploads\/2022\/05\/22b1f2e0165375846672168781910532568.jpg",975,540,false],"landscape":["https:\/\/arantv.az\/wp-content\/uploads\/2022\/05\/22b1f2e0165375846672168781910532568.jpg",975,540,false],"portraits":["https:\/\/arantv.az\/wp-content\/uploads\/2022\/05\/22b1f2e0165375846672168781910532568.jpg",975,540,false],"thumbnail":["https:\/\/arantv.az\/wp-content\/uploads\/2022\/05\/22b1f2e0165375846672168781910532568-500x280.jpg",500,280,true],"medium":["https:\/\/arantv.az\/wp-content\/uploads\/2022\/05\/22b1f2e0165375846672168781910532568-660x365.jpg",660,365,true],"large":["https:\/\/arantv.az\/wp-content\/uploads\/2022\/05\/22b1f2e0165375846672168781910532568-840x465.jpg",640,354,true],"1536x1536":["https:\/\/arantv.az\/wp-content\/uploads\/2022\/05\/22b1f2e0165375846672168781910532568.jpg",975,540,false],"2048x2048":["https:\/\/arantv.az\/wp-content\/uploads\/2022\/05\/22b1f2e0165375846672168781910532568.jpg",975,540,false],"post-thumbnail":["https:\/\/arantv.az\/wp-content\/uploads\/2022\/05\/22b1f2e0165375846672168781910532568-240x172.jpg",240,172,true],"advps-thumb-one":["https:\/\/arantv.az\/wp-content\/uploads\/2022\/05\/22b1f2e0165375846672168781910532568.jpg",975,540,false]},"rttpg_author":{"display_name":"V\u00fcsal Rafiqo\u011flu","author_link":"https:\/\/arantv.az\/?author=2"},"rttpg_comment":0,"rttpg_category":"<a href=\"https:\/\/arantv.az\/?cat=4\" rel=\"category\">Siyas\u0259t<\/a>","rttpg_excerpt":"May\u0131n 28-d\u0259 Az\u0259rbaycan Respublikas\u0131n\u0131n Prezidenti \u0130lham \u018fliyev v\u0259 T\u00fcrkiy\u0259 Respublikas\u0131n\u0131n Prezidenti R\u0259c\u0259b Tayyib \u018frdo\u011fan Bak\u0131da ilk d\u0259f\u0259 ke\u00e7iril\u0259n &#8220;TEKNOFEST Az\u0259rbaycan&#8221; Aerokosmik v\u0259 texnologiya festival\u0131nda i\u015ftirak edibl\u0259r. ARANTV.AZ x\u0259b\u0259r verir ki, d\u00f6vl\u0259t ba\u015f\u00e7\u0131lar\u0131 t\u0259dbird\u0259 \u00e7\u0131x\u0131\u015f edibl\u0259r. Prezidentl\u0259r \u0130lham \u018fIiyev, R\u0259c\u0259b Tayyib \u018frdo\u011fan v\u0259 g\u00f6rk\u0259mli alim \u018fziz Sancar xatir\u0259 fotosu \u00e7\u0259kdirirbl\u0259r. D\u00f6vl\u0259t ba\u015f\u00e7\u0131lar\u0131na v\u0259 \u018fziz Sancara &#8220;TEKNOFEST&hellip;","_links":{"self":[{"href":"https:\/\/arantv.az\/index.php?rest_route=\/wp\/v2\/posts\/480359"}],"collection":[{"href":"https:\/\/arantv.az\/index.php?rest_route=\/wp\/v2\/posts"}],"about":[{"href":"https:\/\/arantv.az\/index.php?rest_route=\/wp\/v2\/types\/post"}],"author":[{"embeddable":true,"href":"https:\/\/arantv.az\/index.php?rest_route=\/wp\/v2\/users\/2"}],"replies":[{"embeddable":true,"href":"https:\/\/arantv.az\/index.php?rest_route=%2Fwp%2Fv2%2Fcomments&post=480359"}],"version-history":[{"count":0,"href":"https:\/\/arantv.az\/index.php?rest_route=\/wp\/v2\/posts\/480359\/revisions"}],"wp:featuredmedia":[{"embeddable":true,"href":"https:\/\/arantv.az\/index.php?rest_route=\/wp\/v2\/media\/480360"}],"wp:attachment":[{"href":"https:\/\/arantv.az\/index.php?rest_route=%2Fwp%2Fv2%2Fmedia&parent=480359"}],"wp:term":[{"taxonomy":"category","embeddable":true,"href":"https:\/\/arantv.az\/index.php?rest_route=%2Fwp%2Fv2%2Fcategories&post=480359"},{"taxonomy":"post_tag","embeddable":true,"href":"https:\/\/arantv.az\/index.php?rest_route=%2Fwp%2Fv2%2Ftags&post=480359"}],"curies":[{"name":"wp","href":"https:\/\/api.w.org\/{rel}","templated":true}]}}